{"id":432804,"date":"2019-06-25T00:08:07","date_gmt":"2019-06-25T05:08:07","guid":{"rendered":"https:\/\/www.diarioimagen.net\/?p=432804"},"modified":"2019-06-25T05:54:04","modified_gmt":"2019-06-25T10:54:04","slug":"hasta-la-naturaleza-conspira-contra-amlo","status":"publish","type":"post","link":"https:\/\/www.diarioimagen.net\/?p=432804","title":{"rendered":"Hasta la naturaleza conspira contra AMLO"},"content":{"rendered":"<h2>Clase Pol\u00edtica<\/h2>\n<h5>Miguel \u00c1ngel Rivera<\/h5>\n<p>&nbsp;<\/p>\n<p>Ahora resulta que hasta la naturaleza conspira contra el presidente Andr\u00e9s Manuel L\u00f3pez Obrador y se empe\u00f1a en hacer aparecer mal a su gobierno.<\/p>\n<p>En Isla Mujeres,\u00a0Quintana Roo, a donde viaj\u00f3, entre otros motivos, para supervisar los programas para controlar el arribo del sargazo a las hemosas playas del Caribe, el primer mandatario afirm\u00f3 que ese fen\u00f3meno se magnific\u00f3 para afectar al nuevo gobierno, pero reiter\u00f3 que no hay motivo de preocupaci\u00f3n.<\/p>\n<p>En su tradicional conferencia de prensa matutina, ahora desde ese centro tur\u00edstico, el titular del Ejecutivo reiter\u00f3 que no es un asunto delicado o grave, y que su gobierno se ocupa en resolverlo.<\/p>\n<p>\u201cEn la Ciudad de M\u00e9xico se recogen 13 mil toneladas de basura y el sargazo significa mil toneladas, es decir el 13 por ciento, y la ciudad tiene el mejor servicio de recolecci\u00f3n de basura\u201d.<\/p>\n<p>Est\u00e1 bien simplificar las cifras, pero mil toneladas no es el 13 por ciento de 13 mil, apenas el 7.6 por ciento, pero valga la aproximaci\u00f3n pues lo que el primer mandatario quiso es justificar que la recolecci\u00f3n del sargazo no es un problema tan grave como en algunos medios se pretende presentar.<\/p>\n<p>L\u00f3pez Obrador recurri\u00f3, adem\u00e1s, a otra de sus muletillas preferidas, criticar a \u201clas pasadas administraciones\u201d, que se preocupaban, por lo cual siempre hab\u00eda actos de ineficiencia en la atenci\u00f3n del problema.<\/p>\n<p>\u201cIncluso de manera irresponsable se declaraban emergencias porque que buscaba contrataciones sin licitar y hacer negocio con el problema. Eso se termin\u00f3, por eso sostengo que no hay problema\u201d, repiti\u00f3.<\/p>\n<p>Lo malo para el presidente L\u00f3pez Obrador es que la realidad, la naturaleza, se esfuerza en contradecirlo.<\/p>\n<p>Seguramente por lo tempranero de sus declaraciones no tuvo tiempo de tener en cuenta un nuevo reporte de los especialistas, en el cual se advierte que el fen\u00f3meno del sargazo lejos de disminuir est\u00e1 en peligro de crecer.<\/p>\n<p>La Red de Monitoreo del Sargazo Canc\u00fan inform\u00f3 que\u00a0la pr\u00f3xima semana se espera el arribo de esa marea de alga a las costas de Quintana Roo, que afectar\u00e1 principalmente la l\u00ednea litoral de 260 kil\u00f3metros de extensi\u00f3n, que va de Tulum a Xcalak, en la parte sur de Quintana Roo, en la frontera con Belice.<\/p>\n<p>El mencionado organismo report\u00f3 mediante las redes sociales que esta situaci\u00f3n se debe a una importante acumulaci\u00f3n, desde hace dos semanas, de macroalgas al oeste de la Isla caribe\u00f1a de Jamaica.<\/p>\n<p>La Red indic\u00f3 que esta gran \u201cmancha de sargazo\u201d mide m\u00e1s de 550 kil\u00f3metros de di\u00e1metro y se encuentra a casi mil kil\u00f3metros de distancia de las costas del caribe mexicano.<\/p>\n<p>Precis\u00f3 que, debido a las corrientes dominantes y a la direcci\u00f3n de los vientos del sur-sureste,\u00a0se espera que el sargazo afecte pr\u00e1cticamente toda la costa del estado, en particular la regi\u00f3n centro y sur.<\/p>\n<p style=\"text-align: center;\"><strong>Acciones para el control del sargazo<\/strong><\/p>\n<p>Mientras el Jefe nato de las Fuerzas Armadas desestim\u00f3 los riesgos de la invasi\u00f3n de sargazo, la Secretar\u00eda de Marina, como hacen las fuerzas armadas en casos de desastres, tom\u00f3 medidas preventivas.<\/p>\n<p>En la mencionada conferencia de prensa ma\u00f1anera, el titular de la Secretar\u00eda de Marina (Semar), Jos\u00e9 Rafael Ojeda Dur\u00e1n, anunci\u00f3 que esa dependencia destinar\u00e1 52 millones de pesos para atender el problema de sargazo en el Caribe.<\/p>\n<p>El secretario de Marina anunci\u00f3 la estrategia para combatir el problema\u00a0 que incluye que la Secretar\u00eda dise\u00f1e y construya barcos especiales, en lugar de comprarlos a particulares.<\/p>\n<p>Con el presupuesto anunciado, dijo el alto mando de la Marina, se comprar\u00e1n cuatro barcos sargazeros, una barredora, barreras de retenci\u00f3n y radares para detectar las manchas de la macro alga que se acercan a la playa.<\/p>\n<p>La Semar estima que con unas 10 o 12 sargaceras m\u00e1s las barreras que compremos podemos ir atacando el problema del sargazo pero ya teniendo un inventario del estado, el estado va a tener su propio equipo, su propio personal capacitado que va a ser de Marina.<\/p>\n<p>Entonces vamos a poder afrontarlo como un problema de estado y no como un problema de un negocio como se ven\u00eda haciendo, inform\u00f3 el almirante en la conferencia ma\u00f1anera.<\/p>\n<p>Asegur\u00f3 que en un par de meses se tendr\u00e1 la primera embarcaci\u00f3n lista para trabajar y conforme se vaya teniendo el recurso de pondr\u00e1n a trabajar las siguientes.<\/p>\n<p>Adem\u00e1s inform\u00f3 que se va a recuperar una embarcaci\u00f3n que se ubica en Ensenada, Baja California, que est\u00e1 dise\u00f1ada para recoger sargazo pero actualmente no funciona. Es un barco ex profeso para ese tipo de trabajo, se\u00f1al\u00f3.<\/p>\n<p>Por otra parte, coment\u00f3 que uno de los temas pendientes es saber qu\u00e9 hacer con la planta despu\u00e9s de retirarla de las playas.<\/p>\n<p style=\"text-align: center;\"><strong>\u00a0La Cosecha<\/strong><\/p>\n<p>Aunque la presencia de las fuerzas armadas y de la reci\u00e9n creada Guardia Nacional (GN) se convierte cada d\u00eda en una constante en las fronteras nacionales para contener a los migrantes indocumentados, el subsecretario para Am\u00e9rica del Norte, Jes\u00fas Seade, neg\u00f3 que detener a los centroamericanos forme parte del acuerdo suscrito con Washington el 7 de junio pasado para evitar la imposici\u00f3n de aranceles.<\/p>\n<p>Sin embargo, reconoci\u00f3 que hubo un entendimiento, un acuerdo informal, para aplicar de forma m\u00e1s sistem\u00e1tica, m\u00e1s cuidadosa, nuestras leyes. No se acord\u00f3 cambiar nada de nuestro marco legal, s\u00f3lo se aplica con m\u00e1s cuidado, a\u00f1adi\u00f3.<\/p>\n<p>El funcionario federal dijo que el cambio se debe a una aplicaci\u00f3n m\u00e1s estricta de las leyes mexicanas para evitar que sigan operando los grupos de traficantes de personas.<\/p>\n<p>Luego de develar el billete de loter\u00eda conmemorativo al 75 aniversario de la relaci\u00f3n bilateral M\u00e9xico-Canad\u00e1, el funcionario reiter\u00f3 que la pol\u00edtica mexicana respecto a la migraci\u00f3n no cambia, pese al crecimiento exponencial que han mostrado los flujos migratorios en los \u00faltimos meses.<\/p>\n<p>En tanto, el titular de la Secretar\u00eda de la Defensa Nacional (Sedena)\u00a0Luis Cresencio Sandova, revel\u00f3 que tiene desplegados m\u00e1s de 20 mil elementos para contener el paso de migrantes en las fronteras de M\u00e9xico.<\/p>\n<p>El funcionario afirm\u00f3 que de ellos 2 mil se encuentran directamente en la frontera sur de M\u00e9xico con Guatemala y Belice, desde Tapachula a Chetumal, en respaldo del Instituto Nacional de Migraci\u00f3n.<\/p>\n<p>Cumplimos con una cobertura en la frontera sur y ah\u00ed coadyuvamos con el esfuerzo del Instituto Nacional de Migraci\u00f3n, a quien corresponde ahora la facultad de asegurar a las personas.<\/p>\n<p>Si lo dej\u00e1ramos en manos totalmente del Instituto Nacional de Migraci\u00f3n, no ser\u00eda posible, son efectivos reducidos, explic\u00f3 el titular de Sedena.<\/p>\n<p>Agreg\u00f3 que los otros 4 mil 500 elementos desplegados al sureste del pa\u00eds se ubican en diversas zonas desde la frontera y hasta el Istmo de Tehuantepec.<\/p>\n<p>El alto mando tambi\u00e9n asegur\u00f3 que los migrantes de Centroam\u00e9rica que son detectados por los elementos de la Sedena no son tratados como delincuentes, ya que la migraci\u00f3n no es un delito, es una falta administrativa.<\/p>\n<p>Entonces, nada m\u00e1s los detenemos, los ponemos a disposici\u00f3n de las autoridades para que hagan su tr\u00e1mite normal, coment\u00f3 Sandoval, quien reconoci\u00f3 que tambi\u00e9n en la frontera norte se act\u00faa para contener a los migrantes.<\/p>\n<p>Al confirmar la sospecha de muchos propietarios y conductores de veh\u00edculos automotores, el titular de la Procuradur\u00eda Federal del Consumidor (Profeco), Ricardo Sheffield Padilla, inform\u00f3 que en su \u00faltima verificaci\u00f3n aleatoria encontraron la gasolinera \u201cque m\u00e1s se ha registrado que robe en todo el pa\u00eds\u201d, pues se quedaba con m\u00e1s de 3 litros de cada 10 que cobraba.<\/p>\n<p>Esa gasoliner\u00eda, registrada a nombre de Jos\u00e9 Oscar Cervantes L\u00f3pez, est\u00e1 ubicada en el kil\u00f3metro 20+360 de la carretera federal Amozoc-Teziutlan, en el municipio de Acajete, Puebla.<\/p>\n<p>De acuerdo con las revisiones de la Profeco, esa estaci\u00f3n, \u00a0por cada veinte litros en realiad entregaba 6 litros 670 menos, con lo cual robaba a los consumidores m\u00e1s de 30 por ciento del combustible.<\/p>\n<p>En contra de la queja de muchos pacientes y sus familias de que no encuentran todos los medicamentos en las instituciones oficiales de salud, la poderosa oficial mayor de la Secretar\u00eda de Hacienda (SHCP), Raquel Buenrostro, asegur\u00f3 que no hay riesgo de desabasto.<\/p>\n<p>En conferencia conjunta con el subsecretario de Salud, Hugo L\u00f3pez-Gatell, la funcionaria se\u00f1al\u00f3 que la decisi\u00f3n de separar la compra de los insumos y la distribuci\u00f3n, tiene como finalidad evitar los intermediarios, pues donde hay intermediarios los precios son m\u00e1s altos y se pagan comisiones.<\/p>\n<p><a href=\"mailto:riverapaz@infinitummail.com\" target=\"_blank\" rel=\"noopener noreferrer\"><em>riverapaz@infinitummail.com<\/em><\/a><\/p>\n","protected":false},"excerpt":{"rendered":"<p><span style=\"color: #005497;\"><strong>Miguel \u00c1ngel Rivera<\/strong><\/span><\/p>\n","protected":false},"author":3,"featured_media":0,"comment_status":"open","ping_status":"open","sticky":false,"template":"","format":"standard","meta":{"_monsterinsights_skip_tracking":false,"_monsterinsights_sitenote_active":false,"_monsterinsights_sitenote_note":"","_monsterinsights_sitenote_category":0,"footnotes":""},"categories":[84119],"tags":[84120,84121,43674],"class_list":["post-432804","post","type-post","status-publish","format-standard","hentry","category-miguel-angel-rivera","tag-clase-politica","tag-miguel-angel-rivera","tag-opinion"],"_links":{"self":[{"href":"https:\/\/www.diarioimagen.net\/index.php?rest_route=\/wp\/v2\/posts\/432804","targetHints":{"allow":["GET"]}}],"collection":[{"href":"https:\/\/www.diarioimagen.net\/index.php?rest_route=\/wp\/v2\/posts"}],"about":[{"href":"https:\/\/www.diarioimagen.net\/index.php?rest_route=\/wp\/v2\/types\/post"}],"author":[{"embeddable":true,"href":"https:\/\/www.diarioimagen.net\/index.php?rest_route=\/wp\/v2\/users\/3"}],"replies":[{"embeddable":true,"href":"https:\/\/www.diarioimagen.net\/index.php?rest_route=%2Fwp%2Fv2%2Fcomments&post=432804"}],"version-history":[{"count":0,"href":"https:\/\/www.diarioimagen.net\/index.php?rest_route=\/wp\/v2\/posts\/432804\/revisions"}],"wp:attachment":[{"href":"https:\/\/www.diarioimagen.net\/index.php?rest_route=%2Fwp%2Fv2%2Fmedia&parent=432804"}],"wp:term":[{"taxonomy":"category","embeddable":true,"href":"https:\/\/www.diarioimagen.net\/index.php?rest_route=%2Fwp%2Fv2%2Fcategories&post=432804"},{"taxonomy":"post_tag","embeddable":true,"href":"https:\/\/www.diarioimagen.net\/index.php?rest_route=%2Fwp%2Fv2%2Ftags&post=432804"}],"curies":[{"name":"wp","href":"https:\/\/api.w.org\/{rel}","templated":true}]}}