{"id":432831,"date":"2019-06-25T00:08:06","date_gmt":"2019-06-25T05:08:06","guid":{"rendered":"https:\/\/www.diarioimagen.net\/?p=432831"},"modified":"2019-06-25T06:15:15","modified_gmt":"2019-06-25T11:15:15","slug":"el-naicm-no-ha-muerto","status":"publish","type":"post","link":"https:\/\/www.diarioimagen.net\/?p=432831","title":{"rendered":"\u00a1El NAICM no ha muerto!"},"content":{"rendered":"<h2>Poder y dinero<\/h2>\n<h5>V\u00edctor S\u00e1nchez Ba\u00f1os<\/h5>\n<p><em>\u00a0<\/em><\/p>\n<ul>\n<li><strong><em>Santa Luc\u00eda, sin dinero; Texcoco, con IP<\/em><\/strong><\/li>\n<li><strong><em>Canad\u00e1, que Trump apruebe el T-MEC<\/em><\/strong><\/li>\n<\/ul>\n<p>&nbsp;<\/p>\n<p style=\"text-align: right;\"><strong><em>Tu no puedes ganar si no juegas en equipo<br \/>\n<\/em><\/strong><em>Kareem Abdul-Jabbar, 1947- ; basquetbolista estadounidense\u00a0<\/em><\/p>\n<p>&nbsp;<\/p>\n<p>&nbsp;<\/p>\n<p>#NAICMSigueVivo #SantaLuc\u00edaSinDinero #TexocoConIP #OpositoresNombres #FinanzasAeroportuarias #ElPuebloPaga #QuePagueLaIP # T-MEC #Canad\u00e1HastaElFinal #TrumpReelecci\u00f3n #Dem\u00f3cratasBloqueos #JustinTrudeau #Republicanos #OroNegro #FranciscoGilD\u00edaz #Quer\u00e9taro #PanchoDom\u00ednguez #RonVanDerKnaap #NuevoLe\u00f3n #ElBronco #GasNatural #Diversenergy<\/p>\n<p>&nbsp;<\/p>\n<p>Pese a las ansias de algunos extremistas de hundir con aguas negras la infraestructura que fue construida en el sexenio de Enrique Pe\u00f1a Nieto, del aeropuerto internacional de la Ciudad de M\u00e9xico, en Texcoco, es la m\u00e1s s\u00f3lida desde el punto de vista econ\u00f3mico, financiero, aeroportuario, t\u00e9cnico, log\u00edstico, pero especialmente sin costo para el Pueblo.\u00a0 Se puede pagar con inversi\u00f3n privada y el de los usuarios de esa terminal.<\/p>\n<p>En cambio, Santa Luc\u00eda, va con cargo 100 por 100 al presupuesto gubernamental; con el dinero de los mexicanos que podr\u00edan destinarse a otras actividades que dejen beneficio como una adecuada distribuci\u00f3n de medicinas, mejoramiento de la calidad de la tierra para el agro, entre muchas, pero muchas cosas m\u00e1s.<\/p>\n<p>Bueno, esto lo recapitulo debido a los amparos presentados por varias organizaciones civiles en contra de Santa Luc\u00eda y el proyecto del Presidente Andr\u00e9s Manuel L\u00f3pez Obrador, mismos que van ganando terreno en los argumentos que presentan.<\/p>\n<p>Claro, un grave error que cometen los detractores del proyecto de AMLO, es no demostrar los da\u00f1os econ\u00f3micos y la carga financiera que representa a los usuarios del aeropuerto.<\/p>\n<p>Una terminal a\u00e9rea no es como en Cuba, que s\u00f3lo se usa para que aterricen los aviones. Es la puerta de entrada; la presentaci\u00f3n de un pa\u00eds.\u00a0 Por eso se invierte en muchos pa\u00edses, incluso los comunistas como China o los socialistas como Rusia. Esas son naciones del mundo desarrollado que aspiramos ser los mexicanos.<\/p>\n<p>La terminal de Santa Luc\u00eda, no tiene mayores aspiraciones que recibir y despachar aviones; quedar en manos de bur\u00f3cratas, sin generar un centavo extra. Todo con carga al presupuesto.<\/p>\n<p>Los aspectos financieros son vitales; tan importantes como los ecol\u00f3gicos. Uno afecta al otro irremediablemente.<\/p>\n<p>Si se revive Texcoco, ya no tendr\u00eda que gastar L\u00f3pez Obrador, en infraestructura y mantenimiento.<\/p>\n<p>S\u00f3lo dejarlo en manos de la IP, que ellos paguen los fierros que est\u00e1n ech\u00e1ndose a perder y, al mismo tiempo que ellos inviertan substancialmente en un centro comercial, como ocurre en todas partes del mundo, que ven en los aeropuertos oportunidades comerciales. Incluso, hasta propagand\u00edsticas del partido pol\u00edtico en el poder.<\/p>\n<p>Todav\u00eda estamos a tiempo de reflexionar. No s\u00f3lo es una decisi\u00f3n de jueces, sino de una raz\u00f3n financiera.<\/p>\n<p>El pueblo no tiene que pagar por un servicio que no utiliza, aunque sea la entrada o salida de los art\u00edculos que producen. El pueblo necesita ese dinero para escuelas, hospitales, salarios para m\u00e9dicos, maestros y polic\u00edas que lo cuiden.<\/p>\n<p>Tirar el dinero, por el simple hecho que fue una obra de otro gobierno, no es justo, ni legal.<\/p>\n<p>Por cierto, si quieren divulgar los nombres de quienes promueven los amparos contra Santa Luc\u00eda, que lo hagan. Para algunos opositores del sistema, ser\u00edan \u201ch\u00e9roes\u201d. Adem\u00e1s, se necesita valor civil para defender lo que se piensa.<\/p>\n<p><strong>PODEROSOS CABALLEROS<\/strong>: Si miramos a Am\u00e9rica del Norte, en cuanto a la aprobaci\u00f3n de sus congresos del Tratado de Libre Comercio M\u00e9xico, Canad\u00e1 y Estados Unidos, vemos una respuesta pol\u00edtica de fondo.<\/p>\n<p>Por ejemplo, Donald Trump, espera que se acerquen las elecciones para su reelecci\u00f3n. Los dem\u00f3cratas del Congreso de EU, no quiere aprobarlo ahora, ya que el republicano se adjudicar\u00eda ese avance comercial.<\/p>\n<p>Ellos, los estadounidenses, lograron jugosos avances con e nuevo acuerdo a costillas de M\u00e9xico y Canad\u00e1. En este \u00faltimo, Justin Trudeau, busca que sea EU el primero en aprobarlo y no quedarse colgado de la brocha, sin la escalera.<\/p>\n<p>Todo es estrategia pol\u00edtica. M\u00e9xico, el Senado lo aprob\u00f3, y desactivamos una presi\u00f3n pol\u00edtica que podr\u00edan usar los dem\u00f3cratas. Enviamos una se\u00f1al de apoyo a la pol\u00edtica comercial de Trump, quien seguramente ganar\u00e1 los pr\u00f3ximos comicios.<\/p>\n<p>*** Oro Negro, el boquete que abri\u00f3 Francisco Gil D\u00edaz a Pemex, tiene un entramado que debe investigarse ya que hay muchos personajes involucrados y, especialmente funcionarios de la administraci\u00f3n de Vicente Fox y Felipe Calder\u00f3n.<\/p>\n<p>\u00bfYa se les perdon\u00f3 y van solo contra pe\u00f1istas?.<\/p>\n<p>*** En \u00c1msterdam, Holanda, el gobernador de Quer\u00e9taro, Francisco Dom\u00ednguez concret\u00f3 una inversi\u00f3n de 137 millones de pesos del Grupo Van der Knaap, liderado por Ron Van der Knaap y dedicado a la producci\u00f3n de alimentos derivados del coco.<\/p>\n<p><strong>RESPONSABILIDAD SOCIAL CORPORATIVA<\/strong>: Con una inversi\u00f3n de m\u00e1s de 20 millones de d\u00f3lares, Diversenergy, liderado por Lee Kellough, desarrollar\u00e1 planta de gas natural licuado en Nuevo Le\u00f3n, entidad gobernada por Jaime Rodr\u00edguez, para producir cerca de 30 mil galones diarios de gas natural.<\/p>\n<p>La planta la terminar\u00e1n en 2020, al producir gas natural como combustible amigable con el medio ambiente.<\/p>\n<p><a href=\"http:\/\/poderydinero.mx\" target=\"_blank\" rel=\"noopener noreferrer\"><em>poderydinero.mx<\/em><\/a><em><b><br \/>\n<\/b><a href=\"mailto:vsanchezb@gmail.com\" target=\"_blank\" rel=\"noopener noreferrer\">vsanchezb@gmail.com<br \/>\n<\/a><strong>Twitter:<\/strong><a href=\"https:\/\/twitter.com\/vsanchezbanos\" target=\"_blank\" rel=\"noopener noreferrer\">@vsanchezbano<br \/>\n<\/a><strong>Facebook:\u00a0<\/strong><a href=\"https:\/\/www.facebook.com\/vsanchezbanos?fref=ts\" target=\"_blank\" rel=\"noopener noreferrer\">vsanchezbano<\/a><\/em><\/p>\n","protected":false},"excerpt":{"rendered":"<p><span style=\"color: #005497;\"><strong>V\u00edctor S\u00e1nchez Ba\u00f1os<\/strong><\/span><\/p>\n","protected":false},"author":3,"featured_media":0,"comment_status":"open","ping_status":"open","sticky":false,"template":"","format":"standard","meta":{"_monsterinsights_skip_tracking":false,"_monsterinsights_sitenote_active":false,"_monsterinsights_sitenote_note":"","_monsterinsights_sitenote_category":0,"footnotes":""},"categories":[38844],"tags":[43674,38847,38848],"class_list":["post-432831","post","type-post","status-publish","format-standard","hentry","category-victor-sanchez-banos","tag-opinion","tag-poder-y-dinero","tag-victor-sanchez-banos"],"_links":{"self":[{"href":"https:\/\/www.diarioimagen.net\/index.php?rest_route=\/wp\/v2\/posts\/432831","targetHints":{"allow":["GET"]}}],"collection":[{"href":"https:\/\/www.diarioimagen.net\/index.php?rest_route=\/wp\/v2\/posts"}],"about":[{"href":"https:\/\/www.diarioimagen.net\/index.php?rest_route=\/wp\/v2\/types\/post"}],"author":[{"embeddable":true,"href":"https:\/\/www.diarioimagen.net\/index.php?rest_route=\/wp\/v2\/users\/3"}],"replies":[{"embeddable":true,"href":"https:\/\/www.diarioimagen.net\/index.php?rest_route=%2Fwp%2Fv2%2Fcomments&post=432831"}],"version-history":[{"count":0,"href":"https:\/\/www.diarioimagen.net\/index.php?rest_route=\/wp\/v2\/posts\/432831\/revisions"}],"wp:attachment":[{"href":"https:\/\/www.diarioimagen.net\/index.php?rest_route=%2Fwp%2Fv2%2Fmedia&parent=432831"}],"wp:term":[{"taxonomy":"category","embeddable":true,"href":"https:\/\/www.diarioimagen.net\/index.php?rest_route=%2Fwp%2Fv2%2Fcategories&post=432831"},{"taxonomy":"post_tag","embeddable":true,"href":"https:\/\/www.diarioimagen.net\/index.php?rest_route=%2Fwp%2Fv2%2Ftags&post=432831"}],"curies":[{"name":"wp","href":"https:\/\/api.w.org\/{rel}","templated":true}]}}