{"id":432956,"date":"2019-06-26T00:07:26","date_gmt":"2019-06-26T05:07:26","guid":{"rendered":"https:\/\/www.diarioimagen.net\/?p=432956"},"modified":"2019-06-26T04:22:51","modified_gmt":"2019-06-26T09:22:51","slug":"elena-garcia-martinez-va-por-la-certeza-juridica-patrimonial-de-familias-tultitlenses","status":"publish","type":"post","link":"https:\/\/www.diarioimagen.net\/?p=432956","title":{"rendered":"Elena Garc\u00eda Mart\u00ednez va por la certeza jur\u00eddica patrimonial de familias tultitlenses"},"content":{"rendered":"<ul>\n<li><strong><em>Entrega masiva de escrituras<\/em><\/strong><\/li>\n<\/ul>\n<p>&nbsp;<\/p>\n<div id=\"attachment_432988\" style=\"width: 470px\" class=\"wp-caption aligncenter\"><a href=\"https:\/\/www.diarioimagen.net\/?attachment_id=432988\" rel=\"attachment wp-att-432988\"><img loading=\"lazy\" decoding=\"async\" aria-describedby=\"caption-attachment-432988\" class=\"size-large wp-image-432988\" src=\"https:\/\/www.diarioimagen.net\/wp-content\/uploads\/2019\/06\/TULTITLAN-26-460x259.jpg\" alt=\"\" width=\"460\" height=\"259\" srcset=\"https:\/\/www.diarioimagen.net\/wp-content\/uploads\/2019\/06\/TULTITLAN-26-460x259.jpg 460w, https:\/\/www.diarioimagen.net\/wp-content\/uploads\/2019\/06\/TULTITLAN-26-240x135.jpg 240w, https:\/\/www.diarioimagen.net\/wp-content\/uploads\/2019\/06\/TULTITLAN-26-235x132.jpg 235w, https:\/\/www.diarioimagen.net\/wp-content\/uploads\/2019\/06\/TULTITLAN-26-202x114.jpg 202w, https:\/\/www.diarioimagen.net\/wp-content\/uploads\/2019\/06\/TULTITLAN-26-350x196.jpg 350w, https:\/\/www.diarioimagen.net\/wp-content\/uploads\/2019\/06\/TULTITLAN-26-220x123.jpg 220w, https:\/\/www.diarioimagen.net\/wp-content\/uploads\/2019\/06\/TULTITLAN-26-237x132.jpg 237w, https:\/\/www.diarioimagen.net\/wp-content\/uploads\/2019\/06\/TULTITLAN-26.jpg 480w\" sizes=\"auto, (max-width: 460px) 100vw, 460px\" \/><\/a><p id=\"caption-attachment-432988\" class=\"wp-caption-text\">Emma Elizabeth Salazar, delegada regional del Imevis en Cuautitl\u00e1n Izcalli, afirm\u00f3 que este tr\u00e1mite es largo y costoso y que gracias al programa de familias fuertes redujo el costo.<\/p><\/div>\n<p>&nbsp;<\/p>\n<p><strong>Tultitl\u00e1n, Estado de M\u00e9xico<\/strong>.- Con la finalidad de garantizar la regularizaci\u00f3n de propiedades de decenas de tultitlenses que no cuentan con recursos para llevar cabo el proceso jur\u00eddico, Elena Garc\u00eda Mart\u00ednez en coordinaci\u00f3n con el Instituto Mexiquense de la Vivienda Social (IMEVIS) llevaron a cabo la entrega de 58 t\u00edtulos de propiedad y posesi\u00f3n.<\/p>\n<p>La mandataria municipal manifest\u00f3 que el objetivo que tiene en esta administraci\u00f3n es velar por el bienestar de todos los habitantes del municipio, ya que con estas acciones se garantiza la regularizaci\u00f3n de terrenos que por cuestiones econ\u00f3micas, desconocimiento y falta de ofertas para el tr\u00e1mite miles de tultitlenses no cuentan a\u00fan con su t\u00edtulo de propiedad.<\/p>\n<p>Se\u00f1al\u00f3 tambi\u00e9n que el dar certeza jur\u00eddica de tener un patrimonio legal, brinda tranquilidad a la familia por lo que puede ser heredado o vendido por los titulares cuando ellos quieran o mediante un testamento no deja situaciones o problemas con sus descendientes.<\/p>\n<p>\u201cEstamos trabajando de la mano con las instancias correspondientes, para que los diferentes procesos, se lleven a cabo m\u00e1s r\u00e1pido y menos costosos\u201d, resalt\u00f3 la ejecutiva local.<\/p>\n<p>Por otra parte, Emma Elizabeth Salazar, delegada regional de Cuautitl\u00e1n Izcalli afirm\u00f3 que este tr\u00e1mite es largo y costoso y que gracias al programa de familias fuertes redujo el costo y el tiempo por lo que incentiva a los mexiquenses a regularizar sus propiedades.<\/p>\n<p>El director general de IMEVIS Gabriel Casillas Zanatta afirm\u00f3 que se seguir\u00e1n apoyando a miles de familias donde la meta de este a\u00f1o es entregar dichos t\u00edtulos a 32 mil familias y hasta hoy llevamos 27 mil familias ya regularizadas, por lo que confiamos en que los pr\u00f3ximos seis meses de este a\u00f1o se cumpla la meta.<\/p>\n<p>\u201cQueremos que sean leg\u00edtimos propietarios de sus viviendas y lograr que cada familia cuente con un patrimonio seguro para los suyos, estamos luchando porque cada a\u00f1o 15 mil familias se suman a la irregularidad, es por ello que gracias al trabajo conjunto de los Poderes Ejecutivo y Judicial damos celeridad a este tr\u00e1mite.<\/p>\n<p>Cabe resaltar que tambi\u00e9n se regularon propiedades de juicios sumarios de usucapi\u00f3n, inmatriculaci\u00f3n administrativa, tr\u00e1mites de escrituraci\u00f3n y cancelaci\u00f3n de hipoteca.<\/p>\n<p>Por \u00faltimo La se\u00f1ora Mar\u00eda Teresa Sanabria agradeci\u00f3 a nombre de quienes han sido beneficiados ya que ten\u00edan d\u00e9cadas sin regular sus propiedades debido a que la mayor\u00eda no cuenta con el recurso econ\u00f3mico y en algunos casos porque los titulares ya fallecieron y dejaron sus propiedades a la deriva por lo que familiares ya no le dieron seguimiento en su determinado momento.<\/p>\n","protected":false},"excerpt":{"rendered":"<p>Con la finalidad de garantizar la regularizaci\u00f3n de propiedades de decenas de tultitlenses que no cuentan con recursos para llevar cabo el proceso jur\u00eddico, Elena Garc\u00eda Mart\u00ednez en coordinaci\u00f3n con el Instituto Mexiquense de la Vivienda Social (IMEVIS) llevaron a cabo la entrega de 58 t\u00edtulos de propiedad y posesi\u00f3n.<\/p>\n","protected":false},"author":3,"featured_media":432988,"comment_status":"open","ping_status":"open","sticky":false,"template":"","format":"standard","meta":{"_monsterinsights_skip_tracking":false,"_monsterinsights_sitenote_active":false,"_monsterinsights_sitenote_note":"","_monsterinsights_sitenote_category":0,"footnotes":""},"categories":[5],"tags":[43675,3255,578],"class_list":["post-432956","post","type-post","status-publish","format-standard","has-post-thumbnail","hentry","category-estado-de-mexico","tag-estado-de-mexico","tag-instituto-mexiquense-de-la-vivienda-social","tag-tultitlan"],"_links":{"self":[{"href":"https:\/\/www.diarioimagen.net\/index.php?rest_route=\/wp\/v2\/posts\/432956","targetHints":{"allow":["GET"]}}],"collection":[{"href":"https:\/\/www.diarioimagen.net\/index.php?rest_route=\/wp\/v2\/posts"}],"about":[{"href":"https:\/\/www.diarioimagen.net\/index.php?rest_route=\/wp\/v2\/types\/post"}],"author":[{"embeddable":true,"href":"https:\/\/www.diarioimagen.net\/index.php?rest_route=\/wp\/v2\/users\/3"}],"replies":[{"embeddable":true,"href":"https:\/\/www.diarioimagen.net\/index.php?rest_route=%2Fwp%2Fv2%2Fcomments&post=432956"}],"version-history":[{"count":0,"href":"https:\/\/www.diarioimagen.net\/index.php?rest_route=\/wp\/v2\/posts\/432956\/revisions"}],"wp:featuredmedia":[{"embeddable":true,"href":"https:\/\/www.diarioimagen.net\/index.php?rest_route=\/wp\/v2\/media\/432988"}],"wp:attachment":[{"href":"https:\/\/www.diarioimagen.net\/index.php?rest_route=%2Fwp%2Fv2%2Fmedia&parent=432956"}],"wp:term":[{"taxonomy":"category","embeddable":true,"href":"https:\/\/www.diarioimagen.net\/index.php?rest_route=%2Fwp%2Fv2%2Fcategories&post=432956"},{"taxonomy":"post_tag","embeddable":true,"href":"https:\/\/www.diarioimagen.net\/index.php?rest_route=%2Fwp%2Fv2%2Ftags&post=432956"}],"curies":[{"name":"wp","href":"https:\/\/api.w.org\/{rel}","templated":true}]}}