{"id":433025,"date":"2019-06-26T00:02:17","date_gmt":"2019-06-26T05:02:17","guid":{"rendered":"https:\/\/www.diarioimagen.net\/?p=433025"},"modified":"2019-06-26T05:21:31","modified_gmt":"2019-06-26T10:21:31","slug":"monreal-empieza-a-jugar-sus-cartas-al-2024-reprueba-al-gabinete","status":"publish","type":"post","link":"https:\/\/www.diarioimagen.net\/?p=433025","title":{"rendered":"Monreal empieza a jugar sus cartas al 2024; reprueba al gabinete"},"content":{"rendered":"<h2>La Retaguardia<\/h2>\n<h5>Adriana Moreno Cordero<\/h5>\n<p><em>\u00a0<\/em><\/p>\n<ul>\n<li><em><strong>En \u00c1lvaro Obreg\u00f3n opera <\/strong><\/em><strong>Lady Lanas<\/strong><\/li>\n<li><em><strong>AMESPRE entrega mochilas en Edomex<\/strong><\/em><\/li>\n<\/ul>\n<p>&nbsp;<\/p>\n<p>Para quien sabe leer entre l\u00edneas, todo indica que el coordinador de la bancada de Morena en el Senado de la Rep\u00fablica, <strong>Ricardo Monreal \u00c1vila<\/strong>, empieza desde ya a jugar sus cartas de cara al 2024.<\/p>\n<p>Hombre muy perspicaz y agudo desde sus tiempos de pri\u00edsta, el zacatecano analiz\u00f3 ayer al primer c\u00edrculo que rodea al presidente <strong>Andr\u00e9s Manuel L\u00f3pez Obrador<\/strong> y a sus ojos, no sacaron tan buena calificaci\u00f3n; m\u00e1s bien los reprob\u00f3.<\/p>\n<p>Efectivamente, Monreal tiene toda la raz\u00f3n cuando se\u00f1ala que el tabasque\u00f1o debe tener un mayor acompa\u00f1amiento.<\/p>\n<p>Sin embargo, no hay que olvidar que fue el propio presidente el que opt\u00f3 por hacer todo \u00e9l y hasta este momento, no delegar nada a nadie y esto lo hace el de Macuspana para concentrar solo \u00e9l y nada m\u00e1s \u00e9l todo el poder; de tal suerte, que ya es comentario general que esos son empe\u00f1os por retrasar al pa\u00eds hasta en tres d\u00e9cadas y querer que M\u00e9xico se desarrolle en condiciones que pertenecen m\u00e1s bien a la d\u00e9cada de finales de los setentas, principio de los ochenta.<\/p>\n<p>El senador Monreal dijo que \u201cla reconciliaci\u00f3n es buena, hay que hacerla eficaz y efectiva\u201d, pero hasta eso ha acaparado el presidente L\u00f3pez Obrador, es decir, a d\u00edas de cumplir un a\u00f1o de su triunfo en las urnas con un \u201cbailongo\u201d, al tabasque\u00f1o se le ha ido el tiempo en pelearse \u201csin ton ni son\u201d con todo el mundo, descalificando incluso a los miembros de su gabinete, o sea, la v\u00edscera es la que le gana al Ejecutivo, am\u00e9n de que nunca ha aceptado cr\u00edtica alguna.<\/p>\n<p>Por lo dem\u00e1s, se subraya, Monreal, juega h\u00e1bilmente sus cartas para el 2024 pues como se sabe, desde un principio, figuras muy representativas de Morena se han dividido y con ello, iniciado demasiado prematuramente la carrera presidencial.<\/p>\n<p>Hasta el momento, el propio Monreal es uno de los aspirantes m\u00e1s s\u00f3lidos. Luego est\u00e1 el presidente de la Mesa Directiva del Senado, <strong>Mart\u00ed Batres<\/strong>, que apoya totalmente a la jefa de Gobierno de la CDMX, <strong>Claudia Sheinbaum<\/strong> y \u00e9l, quedarse como sucesor de ella.<\/p>\n<p>Desde que el presidente de Estados Unidos, <strong>Donald Trump<\/strong>, amenaz\u00f3 a nuestro pa\u00eds con los aranceles si no se deten\u00eda la migraci\u00f3n especialmente de centroamericanos, el canciller, <strong>Marcelo Ebrard <\/strong>se perfil\u00f3 como otro aspirante al 2024. Entonces, por eso, Monreal se adelanta.<\/p>\n<p style=\"text-align: center;\"><strong>Municiones<\/strong><\/p>\n<p>*** Todo indica que la alcald\u00eda de \u00c1lvaro Obreg\u00f3n, se encuentra en manos de mercenarios. Ya se ha comentado mucho sobre los abusos que se cometen en esa alcald\u00eda, donde falsos l\u00edderes vecinales han capturado a la autoridad para servirse y atender sus propios intereses.<\/p>\n<p>Un nuevo caso, es el que ocurre ni m\u00e1s ni menos que con\u00a0<strong><em>Lady Lanas<\/em><\/strong><em>,<\/em> como es conocida\u00a0<strong>Susana Kanahuati<\/strong>, quien desde hace tiempo viene presionando a la demarcaci\u00f3n que comanda <strong>Layda Sansores<\/strong> para hacerse de espacios p\u00fablicos como el Teatro\u201d Ignacio L\u00f3pez Tarso\u201d, del Centro Cultural San \u00c1ngel, con la falsa bandera de rescatarlo y ponerlo a disposici\u00f3n del p\u00fablico.<\/p>\n<p>Pues bien, no est\u00e1 de m\u00e1s saber que dicho teatro lleva m\u00e1s de cinco meses cerrado sin ofrecer al p\u00fablico espect\u00e1culos familiares y todo, a causa de las ambiciones de la se\u00f1ora Kanahuati, quien ha visto en el lugar la posibilidad de tener otra mina de oro.<\/p>\n<p>\u00bfSabr\u00e1n las autoridades de la alcald\u00eda y de la Ciudad de M\u00e9xico de esta tremenda irregulariddad?<\/p>\n<p>*** Como parte de su programa social \u201cPonle Empe\u00f1o a la Escuela\u201d, la Asociaci\u00f3n Mexicana de Empresas de Servicios Prendarios (AMESPRE), que preside <strong>Joel Rodr\u00edguez Navarro<\/strong>, obsequi\u00f3 a j\u00f3venes estudiantes del Colegio de Bachilleres del Estado de M\u00e9xico # 7, (COBAEM), de Toluca, cinco mil 500 mochilas para el ciclo escolar 2019-2020.<\/p>\n<p>Asimismo, dentro de los festejos por su D\u00e9cimo Aniversario, la agrupaci\u00f3n ampli\u00f3 este mecanismo que inici\u00f3 en 2017 en Monterrey, Nuevo Le\u00f3n, por lo que por primera vez se llev\u00f3 a cabo en territorio mexiquense. Rodr\u00edguez Navarro, destac\u00f3 que en ese lapso, se han entregado m\u00e1s de 30 mil mochilas: 10 mil en 2017, 10 mil m\u00e1s en 2018 y ahora, creciendo hacia el Edomex, otras 11 mil.<\/p>\n<p>El titular de AMESPRE subray\u00f3 que \u201clas mochilas son transparentes, lo cual ayuda al tema de seguridad, misma que es muy importante para todos, pues permiten ver que los alumnos no lleven armas u objetos peligrosos\u201d.<\/p>\n<p>*** Por su parte, el subsecretario de Educaci\u00f3n Media Superior de la entidad, <strong>Israel Jer\u00f3nimo L\u00f3pez<\/strong>, agradeci\u00f3 a nombre del secretario de Educaci\u00f3n estatal, <strong>Alejandro Fern\u00e1ndez Campillo<\/strong>, esta gran iniciativa. \u201cCelebro que la juventud est\u00e9 inquieta\u201d, dijo Israel Jer\u00f3nimo L\u00f3pez, quien record\u00f3 que la instrucci\u00f3n del gobernador <strong>Alfredo del Mazo Masa<\/strong>, es tener permanente cercan\u00eda con las instituciones educativas y sobre todo, con los j\u00f3venes estudiantes.<\/p>\n<p>Explic\u00f3 que desafortunadamente, todos los d\u00edas se registran problemas de violencia, tanto en el exterior, como en el interior de los planteles, por eso, se relanz\u00f3 la campa\u00f1a de seguridad en el Edomex, cuyo objetivo son los mil 243 planteles de educaci\u00f3n media superior, mismos que se han incorporado al C5, lo que permite que los estudiantes\u00a0 est\u00e9n en instalaciones seguras y estar en condiciones de atender cualquier emergencia. Israel Jer\u00f3nimo L\u00f3pez inform\u00f3 en entrevista que ya hay 30 mil j\u00f3venes incorporados al ambicioso programa, Educaci\u00f3n Dual, -que opera ya en pa\u00edses como Alemania e Inglaterra- que consiste en vincular a empresarios con escuelas con el objetivo de firmar convenios intersecretariales de apoyo, en los que participan las secretar\u00edas de Econom\u00eda y la del Trabajo a nivel local. Al momento, se han sumado alrededor de 200 empresarios mexiquenses a este ambicioso proyecto.<\/p>\n<p>*** A prop\u00f3sito, por la tarde, el gobernador del Mazo, acompa\u00f1\u00f3 al presidente L\u00f3pez Obrador en su gira por Ecatepec. El tabasque\u00f1o intent\u00f3 exactamente la misma estrategia que ha venido desplegando con otros mandatarios estatales que por consigna del Ejecutivo, se han llevado sendas rechiflas.<\/p>\n<p>Sin embargo podr\u00eda decirse que el gobernador mexiquense le dio \u201ccachetada con guante blanco\u201d al presidente, ya que sin perder la calma, el gobernador del Edomex dio su mensaje muy preciso y destac\u00f3 la necesidad de dar la bienvenida al presidente en tierras mexiquenses y entonces las rechiflas empezaron a apagarse. \u00a1Qu\u00e9 tal!<\/p>\n<p>*** A pesar de que <strong>Francisco Gardu\u00f1o<\/strong>, titular del Instituto Nacional de Migraci\u00f3n, ofreciera, -a rega\u00f1adientes por cierto-, una disculpa p\u00fablica ante una declaraci\u00f3n desafortunada, no se la van a perdonar, con todo y que\u00a0 reconociera la comprometida labor de la Polic\u00eda Federal; la Guardia Nacional; las Fuerzas Armadas y todos los que participan en este programa de migraci\u00f3n. Una disculpa no basta, fue \u201cde dientes para afuera\u201d, porque Gardu\u00f1o, nunca se comprometi\u00f3 a mejorar las deplorables condiciones en las que tiene que trabajar la Polic\u00eda Federal. Se trataba pues de que hubiera puesto de inmediato, manos a la obra.<\/p>\n<p><a href=\"mailto:morcora@gmail.com\" target=\"_blank\" rel=\"noopener noreferrer\"><em>morcora@gmail.com<\/em><\/a><\/p>\n","protected":false},"excerpt":{"rendered":"<p><span style=\"color: #005497;\"><strong>Adriana Moreno Cordero<\/strong><\/span><\/p>\n","protected":false},"author":3,"featured_media":0,"comment_status":"open","ping_status":"open","sticky":false,"template":"","format":"standard","meta":{"_monsterinsights_skip_tracking":false,"_monsterinsights_sitenote_active":false,"_monsterinsights_sitenote_note":"","_monsterinsights_sitenote_category":0,"footnotes":""},"categories":[69370],"tags":[69369,69368,43674],"class_list":["post-433025","post","type-post","status-publish","format-standard","hentry","category-adriana-moreno-cordero","tag-adriana-moreno-cordero","tag-la-retaguardia","tag-opinion"],"_links":{"self":[{"href":"https:\/\/www.diarioimagen.net\/index.php?rest_route=\/wp\/v2\/posts\/433025","targetHints":{"allow":["GET"]}}],"collection":[{"href":"https:\/\/www.diarioimagen.net\/index.php?rest_route=\/wp\/v2\/posts"}],"about":[{"href":"https:\/\/www.diarioimagen.net\/index.php?rest_route=\/wp\/v2\/types\/post"}],"author":[{"embeddable":true,"href":"https:\/\/www.diarioimagen.net\/index.php?rest_route=\/wp\/v2\/users\/3"}],"replies":[{"embeddable":true,"href":"https:\/\/www.diarioimagen.net\/index.php?rest_route=%2Fwp%2Fv2%2Fcomments&post=433025"}],"version-history":[{"count":0,"href":"https:\/\/www.diarioimagen.net\/index.php?rest_route=\/wp\/v2\/posts\/433025\/revisions"}],"wp:attachment":[{"href":"https:\/\/www.diarioimagen.net\/index.php?rest_route=%2Fwp%2Fv2%2Fmedia&parent=433025"}],"wp:term":[{"taxonomy":"category","embeddable":true,"href":"https:\/\/www.diarioimagen.net\/index.php?rest_route=%2Fwp%2Fv2%2Fcategories&post=433025"},{"taxonomy":"post_tag","embeddable":true,"href":"https:\/\/www.diarioimagen.net\/index.php?rest_route=%2Fwp%2Fv2%2Ftags&post=433025"}],"curies":[{"name":"wp","href":"https:\/\/api.w.org\/{rel}","templated":true}]}}