{"id":433092,"date":"2019-06-27T00:08:27","date_gmt":"2019-06-27T05:08:27","guid":{"rendered":"https:\/\/www.diarioimagen.net\/?p=433092"},"modified":"2019-06-27T23:52:37","modified_gmt":"2019-06-28T04:52:37","slug":"firma-tsjcdmx-convenio-para-prevenir-y-atender-problemas-de-adicciones-entre-jovenes-infractores","status":"publish","type":"post","link":"https:\/\/www.diarioimagen.net\/?p=433092","title":{"rendered":"Firma TSJCDMX convenio para prevenir y atender problemas de adicciones entre j\u00f3venes infractores"},"content":{"rendered":"<ul>\n<li><em><strong>Con apoyo de los Centros de Integraci\u00f3n Juvenil A.C. se brindar\u00e1 atenci\u00f3n integral para farmacodependientes que enfrentan alg\u00fan proceso judicial<\/strong><\/em><\/li>\n<li><em><strong>El presidente del Tribunal Superior de Justicia, magistrado Rafael Guerra, destaca que se reafirma el compromiso de protecci\u00f3n de derechos humanos de v\u00edctimas e imputados<\/strong><\/em><\/li>\n<\/ul>\n<p>&nbsp;<\/p>\n<div id=\"attachment_433179\" style=\"width: 470px\" class=\"wp-caption aligncenter\"><a href=\"https:\/\/www.diarioimagen.net\/?attachment_id=433179\" rel=\"attachment wp-att-433179\"><img loading=\"lazy\" decoding=\"async\" aria-describedby=\"caption-attachment-433179\" class=\"size-large wp-image-433179\" src=\"https:\/\/www.diarioimagen.net\/wp-content\/uploads\/2019\/06\/TSJCDMX-2-460x259.jpg\" alt=\"\" width=\"460\" height=\"259\" srcset=\"https:\/\/www.diarioimagen.net\/wp-content\/uploads\/2019\/06\/TSJCDMX-2-460x259.jpg 460w, https:\/\/www.diarioimagen.net\/wp-content\/uploads\/2019\/06\/TSJCDMX-2-240x135.jpg 240w, https:\/\/www.diarioimagen.net\/wp-content\/uploads\/2019\/06\/TSJCDMX-2-235x132.jpg 235w, https:\/\/www.diarioimagen.net\/wp-content\/uploads\/2019\/06\/TSJCDMX-2-202x114.jpg 202w, https:\/\/www.diarioimagen.net\/wp-content\/uploads\/2019\/06\/TSJCDMX-2-350x196.jpg 350w, https:\/\/www.diarioimagen.net\/wp-content\/uploads\/2019\/06\/TSJCDMX-2-220x123.jpg 220w, https:\/\/www.diarioimagen.net\/wp-content\/uploads\/2019\/06\/TSJCDMX-2-237x132.jpg 237w, https:\/\/www.diarioimagen.net\/wp-content\/uploads\/2019\/06\/TSJCDMX-2.jpg 480w\" sizes=\"auto, (max-width: 460px) 100vw, 460px\" \/><\/a><p id=\"caption-attachment-433179\" class=\"wp-caption-text\">A la firma del convenio asistieron los consejeros de la Judicatura local, Aurora G\u00f3mez Aguilar, Miguel Arroyo Ram\u00edrez y Jorge Mart\u00ednez Arregu\u00edn; el director general Jur\u00eddico, Alfonso Sierra Lam, y el director Ejecutivo de la Unidad de Medidas Cautelares, Mois\u00e9s Pratts Villers. Adem\u00e1s, como testigos de honor estuvieron diversos magistrados en materia penal y justicia para adolescentes de la casa de justicia local.<\/p><\/div>\n<p>&nbsp;<\/p>\n<p>El presidente del Poder Judicial de la Ciudad de M\u00e9xico, magistrado Rafael Guerra \u00c1lvarez, y la directora general de los Centros de Integraci\u00f3n Juvenil A.C., Carmen Fern\u00e1ndez C\u00e1ceres, signaron un convenio de colaboraci\u00f3n que tiene como objetivo atender a las personas farmacodependientes que enfrentan alg\u00fan proceso judicial, con la imposici\u00f3n de la medida cautelar de sometimiento al cuidado o vigilancia de una instituci\u00f3n determinada o internamiento.<\/p>\n<p>La medida cautelar prevista en la Fracci\u00f3n VI del art\u00edculo 155 del C\u00f3digo Nacional de Procedimiento Penales, busca que los imputados entren a un proceso de rehabilitaci\u00f3n y recuperaci\u00f3n para lograr una reinserci\u00f3n adecuada en la sociedad; es por ello que a trav\u00e9s de este acuerdo, quienes padezcan alg\u00fan tipo de adicci\u00f3n recibir\u00e1n una atenci\u00f3n especializada en alguna de las 19 sedes o la unidad de hospitalizaci\u00f3n con las que cuenta Centros de Integraci\u00f3n Juvenil en la Ciudad de M\u00e9xico.<\/p>\n<p>\u201cEste convenio nos obliga a adoptar una perspectiva sobre la juventud y las amenazas que enfrenta en una metr\u00f3poli tan grande como la Ciudad de M\u00e9xico. Como todos ustedes saben, el consumo y dependencia a las drogas constituye uno de los factores que propician el aumento en la comisi\u00f3n de delitos en esta capital, particularmente por j\u00f3venes\u201d, expuso Guerra \u00c1lvarez.<\/p>\n<p>El presidente del Tribunal Superior de Justicia y del Consejo de la Judicatura de la Ciudad de M\u00e9xico, destac\u00f3 que este tipo de programas de tratamiento y rehabilitaci\u00f3n son valiosos para la impartici\u00f3n de justicia.<\/p>\n<p>\u201cEn esencia, la firma de este convenio reafirma el compromiso de nuestras instituciones con una de las metas m\u00e1s importantes que ha fijado nuestro nuevo marco constitucional y el sistema de Justicia Procesal Penal Acusatorio de la Ciudad de M\u00e9xico. Me refiero a resguardar y vigilar el respeto a los derechos humanos, no s\u00f3lo de las v\u00edctimas del delito, sino tambi\u00e9n de las personas sujetas a un proceso judicial por ser consideradas probables responsables de la comisi\u00f3n de una conducta il\u00edcita\u201d.<\/p>\n<p>Carmen Fern\u00e1ndez C\u00e1ceres destac\u00f3 que en casi la mitad de las personas que son atendidas por el Centro de Integraci\u00f3n Juvenil A.C. han cometido un delito en alg\u00fan momento de su vida, pero detall\u00f3 que la ayuda terap\u00e9utica incide de forma positiva y logra evitar la reincidencia tanto en actos delictivos como en el consumo de drogas.<\/p>\n<p>Explic\u00f3 que las personas referidas a la instituci\u00f3n de parte del Tribunal Superior de Justicia son enviadas a las unidades m\u00e1s cercanas a sus domicilios para facilitar el cumplimiento con el tratamiento; adem\u00e1s, asegur\u00f3 que todo el proceso se realiza con absoluta discrecionalidad y respeto.<\/p>\n<p>Fern\u00e1ndez C\u00e1ceres se congratul\u00f3 de que la colaboraci\u00f3n se haya consolidado en el D\u00eda Internacional de la Lucha Contra el Uso Indebido y el Tr\u00e1fico Il\u00edcito de Drogas, conmemoraci\u00f3n instituida por la Organizaci\u00f3n de las Naciones Unidas (ONU) que invita a todos los pa\u00edses miembros a generar acciones para combatir ese delito.\u00a0A la firma del convenio asistieron los consejeros de la Judicatura local, Aurora G\u00f3mez Aguilar, Miguel Arroyo Ram\u00edrez y Jorge Mart\u00ednez Arregu\u00edn; el director general Jur\u00eddico, Alfonso Sierra Lam, y el director Ejecutivo de la Unidad de Medidas Cautelares, Mois\u00e9s Pratts Villers. Adem\u00e1s, como testigos de honor estuvieron diversos magistrados en materia penal y justicia para adolescentes de la casa de justicia local.<\/p>\n","protected":false},"excerpt":{"rendered":"<p>El presidente del Poder Judicial de la Ciudad de M\u00e9xico, magistrado Rafael Guerra \u00c1lvarez, y la directora general de los Centros de Integraci\u00f3n Juvenil A.C., Carmen Fern\u00e1ndez C\u00e1ceres, signaron un convenio de colaboraci\u00f3n que tiene como objetivo atender a las personas farmacodependientes que enfrentan alg\u00fan proceso judicial, con la imposici\u00f3n de la medida cautelar de sometimiento al cuidado o vigilancia de una instituci\u00f3n determinada o internamiento.<\/p>\n","protected":false},"author":3,"featured_media":433179,"comment_status":"open","ping_status":"open","sticky":false,"template":"","format":"standard","meta":{"_monsterinsights_skip_tracking":false,"_monsterinsights_sitenote_active":false,"_monsterinsights_sitenote_note":"","_monsterinsights_sitenote_category":0,"footnotes":""},"categories":[6],"tags":[204,86397,260,79994],"class_list":["post-433092","post","type-post","status-publish","format-standard","has-post-thumbnail","hentry","category-cd-de-mexico","tag-ciudad-de-mexico","tag-infractores","tag-jovenes","tag-rafael-guerra-alvarez"],"_links":{"self":[{"href":"https:\/\/www.diarioimagen.net\/index.php?rest_route=\/wp\/v2\/posts\/433092","targetHints":{"allow":["GET"]}}],"collection":[{"href":"https:\/\/www.diarioimagen.net\/index.php?rest_route=\/wp\/v2\/posts"}],"about":[{"href":"https:\/\/www.diarioimagen.net\/index.php?rest_route=\/wp\/v2\/types\/post"}],"author":[{"embeddable":true,"href":"https:\/\/www.diarioimagen.net\/index.php?rest_route=\/wp\/v2\/users\/3"}],"replies":[{"embeddable":true,"href":"https:\/\/www.diarioimagen.net\/index.php?rest_route=%2Fwp%2Fv2%2Fcomments&post=433092"}],"version-history":[{"count":0,"href":"https:\/\/www.diarioimagen.net\/index.php?rest_route=\/wp\/v2\/posts\/433092\/revisions"}],"wp:featuredmedia":[{"embeddable":true,"href":"https:\/\/www.diarioimagen.net\/index.php?rest_route=\/wp\/v2\/media\/433179"}],"wp:attachment":[{"href":"https:\/\/www.diarioimagen.net\/index.php?rest_route=%2Fwp%2Fv2%2Fmedia&parent=433092"}],"wp:term":[{"taxonomy":"category","embeddable":true,"href":"https:\/\/www.diarioimagen.net\/index.php?rest_route=%2Fwp%2Fv2%2Fcategories&post=433092"},{"taxonomy":"post_tag","embeddable":true,"href":"https:\/\/www.diarioimagen.net\/index.php?rest_route=%2Fwp%2Fv2%2Ftags&post=433092"}],"curies":[{"name":"wp","href":"https:\/\/api.w.org\/{rel}","templated":true}]}}