{"id":433129,"date":"2019-06-27T00:06:43","date_gmt":"2019-06-27T05:06:43","guid":{"rendered":"https:\/\/www.diarioimagen.net\/?p=433129"},"modified":"2019-06-27T07:25:05","modified_gmt":"2019-06-27T12:25:05","slug":"investigador-de-uaem-sera-reconocido-en-san-lazaro","status":"publish","type":"post","link":"https:\/\/www.diarioimagen.net\/?p=433129","title":{"rendered":"Investigador de UAEM ser\u00e1 reconocido en San L\u00e1zaro"},"content":{"rendered":"<ul>\n<li><strong><em>Distinci\u00f3n a Santiago Osnaya, por labor social, acad\u00e9mica y humanista<\/em><\/strong><\/li>\n<\/ul>\n<p>&nbsp;<\/p>\n<div id=\"attachment_433185\" style=\"width: 470px\" class=\"wp-caption aligncenter\"><a href=\"https:\/\/www.diarioimagen.net\/?attachment_id=433185\" rel=\"attachment wp-att-433185\"><img loading=\"lazy\" decoding=\"async\" aria-describedby=\"caption-attachment-433185\" class=\"size-large wp-image-433185\" src=\"https:\/\/www.diarioimagen.net\/wp-content\/uploads\/2019\/06\/UAEM-27-460x259.jpg\" alt=\"\" width=\"460\" height=\"259\" srcset=\"https:\/\/www.diarioimagen.net\/wp-content\/uploads\/2019\/06\/UAEM-27-460x259.jpg 460w, https:\/\/www.diarioimagen.net\/wp-content\/uploads\/2019\/06\/UAEM-27-240x135.jpg 240w, https:\/\/www.diarioimagen.net\/wp-content\/uploads\/2019\/06\/UAEM-27-235x132.jpg 235w, https:\/\/www.diarioimagen.net\/wp-content\/uploads\/2019\/06\/UAEM-27-202x114.jpg 202w, https:\/\/www.diarioimagen.net\/wp-content\/uploads\/2019\/06\/UAEM-27-350x196.jpg 350w, https:\/\/www.diarioimagen.net\/wp-content\/uploads\/2019\/06\/UAEM-27-220x123.jpg 220w, https:\/\/www.diarioimagen.net\/wp-content\/uploads\/2019\/06\/UAEM-27-237x132.jpg 237w, https:\/\/www.diarioimagen.net\/wp-content\/uploads\/2019\/06\/UAEM-27.jpg 480w\" sizes=\"auto, (max-width: 460px) 100vw, 460px\" \/><\/a><p id=\"caption-attachment-433185\" class=\"wp-caption-text\">Santiago Osnaya Baltierra ser\u00e1 distinguido con la Presea Benito Ju\u00e1rez: Gilberto Bosques Ius Semper y Pax Mundi en Grado de Doctor Honoris Causa, por su labor social, acad\u00e9mica y humanista.<\/p><\/div>\n<p>&nbsp;<\/p>\n<p><strong>Toluca, Estado de M\u00e9xico<\/strong>.\u2013 El pr\u00f3ximo 12 de julio, en el Palacio Legislativo de San L\u00e1zaro, en la Ciudad de M\u00e9xico, Santiago Osnaya Baltierra, investigador de la Unidad Acad\u00e9mica Profesional Tianguistenco de la Universidad Aut\u00f3noma del Estado de M\u00e9xico, recibir\u00e1 la Presea Benito Ju\u00e1rez: Gilberto Bosques Ius Semper y Pax Mundi en Grado de Doctor Honoris Causa.<\/p>\n<p>El universitario y 20 ciudadanos m\u00e1s ser\u00e1n reconocidos, por su labor social, acad\u00e9mica y humanista, con este galard\u00f3n que entrega el Claustro Acad\u00e9mico Universitario, el Instituto Nacional de Derecho Social, el Centro Educativo Universitario Morelos, el Centro Universitario Ingl\u00e9s, el Consejo Nacional de Organizaciones, as\u00ed como el Congreso Constituyente Ciudadano.<\/p>\n<p>Santiago Osnaya destac\u00f3 que su trabajo de investigaci\u00f3n se enfoca en proyectos que permiten resolver problemas sociales y atender a grupos vulnerables. \u201cAbordo temas como inclusi\u00f3n social, los refugiados, los derechos de los ni\u00f1os y el g\u00e9nero, entre otros, ya que el dise\u00f1o debe atender la vida cotidiana de la poblaci\u00f3n, es fundamental para solucionar retos sociales y una oportunidad de aportar propuestas de soluci\u00f3n\u201d.<\/p>\n<p>Cabe destacar que en 2018, Osnaya Baltierra obtuvo el Premio Nacional de Dise\u00f1o Dise\u00f1a M\u00e9xico del Consejo Nacional de Ciencia y Tecnolog\u00eda (CONACyT), en la Categor\u00eda Mejor Tesis Doctoral, con el trabajo \u201cSignos y movilidad urbana. La relaci\u00f3n entre los dispositivos para el control de tr\u00e1nsito y accidentes viales\u201d<\/p>\n<p>Explic\u00f3 que su trabajo gira en torno a los accidentes viales y las se\u00f1ales de tr\u00e1nsito en M\u00e9xico.\u00a0El objetivo fue reducir los accidentes viales en donde est\u00e1n involucrados, en mayor medida, los peatones, para lo cual realiz\u00f3 un modelo semi\u00f3tico que permiti\u00f3 determinar la peligrosidad de un crucero vial y as\u00ed modificar la se\u00f1al\u00e9tica, para mejorar la experiencia de movilidad.<\/p>\n","protected":false},"excerpt":{"rendered":"<p>El pr\u00f3ximo 12 de julio, en el Palacio Legislativo de San L\u00e1zaro, en la Ciudad de M\u00e9xico, Santiago Osnaya Baltierra, investigador de la Unidad Acad\u00e9mica Profesional Tianguistenco de la Universidad Aut\u00f3noma del Estado de M\u00e9xico, recibir\u00e1 la Presea Benito Ju\u00e1rez: Gilberto Bosques Ius Semper y Pax Mundi en Grado de Doctor Honoris Causa.<\/p>\n","protected":false},"author":3,"featured_media":433185,"comment_status":"open","ping_status":"open","sticky":false,"template":"","format":"standard","meta":{"_monsterinsights_skip_tracking":false,"_monsterinsights_sitenote_active":false,"_monsterinsights_sitenote_note":"","_monsterinsights_sitenote_category":0,"footnotes":""},"categories":[5],"tags":[43675,115,86402,452],"class_list":["post-433129","post","type-post","status-publish","format-standard","has-post-thumbnail","hentry","category-estado-de-mexico","tag-estado-de-mexico","tag-san-lazaro","tag-santiago-osnaya-baltierra","tag-toluca"],"_links":{"self":[{"href":"https:\/\/www.diarioimagen.net\/index.php?rest_route=\/wp\/v2\/posts\/433129","targetHints":{"allow":["GET"]}}],"collection":[{"href":"https:\/\/www.diarioimagen.net\/index.php?rest_route=\/wp\/v2\/posts"}],"about":[{"href":"https:\/\/www.diarioimagen.net\/index.php?rest_route=\/wp\/v2\/types\/post"}],"author":[{"embeddable":true,"href":"https:\/\/www.diarioimagen.net\/index.php?rest_route=\/wp\/v2\/users\/3"}],"replies":[{"embeddable":true,"href":"https:\/\/www.diarioimagen.net\/index.php?rest_route=%2Fwp%2Fv2%2Fcomments&post=433129"}],"version-history":[{"count":0,"href":"https:\/\/www.diarioimagen.net\/index.php?rest_route=\/wp\/v2\/posts\/433129\/revisions"}],"wp:featuredmedia":[{"embeddable":true,"href":"https:\/\/www.diarioimagen.net\/index.php?rest_route=\/wp\/v2\/media\/433185"}],"wp:attachment":[{"href":"https:\/\/www.diarioimagen.net\/index.php?rest_route=%2Fwp%2Fv2%2Fmedia&parent=433129"}],"wp:term":[{"taxonomy":"category","embeddable":true,"href":"https:\/\/www.diarioimagen.net\/index.php?rest_route=%2Fwp%2Fv2%2Fcategories&post=433129"},{"taxonomy":"post_tag","embeddable":true,"href":"https:\/\/www.diarioimagen.net\/index.php?rest_route=%2Fwp%2Fv2%2Ftags&post=433129"}],"curies":[{"name":"wp","href":"https:\/\/api.w.org\/{rel}","templated":true}]}}