{"id":433278,"date":"2019-06-28T00:09:11","date_gmt":"2019-06-28T05:09:11","guid":{"rendered":"https:\/\/www.diarioimagen.net\/?p=433278"},"modified":"2019-06-28T07:11:45","modified_gmt":"2019-06-28T12:11:45","slug":"ofrecen-disculpa-publica-por-masacre-de-allende-coahuila","status":"publish","type":"post","link":"https:\/\/www.diarioimagen.net\/?p=433278","title":{"rendered":"Ofrecen disculpa p\u00fablica por masacre de Allende, Coahuila"},"content":{"rendered":"<ul>\n<li><strong><em>Alrededor de 300 personas fueron asesinadas por Los Zetas<\/em><\/strong><\/li>\n<\/ul>\n<p>&nbsp;<\/p>\n<div id=\"attachment_433384\" style=\"width: 470px\" class=\"wp-caption aligncenter\"><a href=\"https:\/\/www.diarioimagen.net\/?attachment_id=433384\" rel=\"attachment wp-att-433384\"><img loading=\"lazy\" decoding=\"async\" aria-describedby=\"caption-attachment-433384\" class=\"size-large wp-image-433384\" src=\"https:\/\/www.diarioimagen.net\/wp-content\/uploads\/2019\/06\/DISCULPA28-460x259.jpg\" alt=\"\" width=\"460\" height=\"259\" srcset=\"https:\/\/www.diarioimagen.net\/wp-content\/uploads\/2019\/06\/DISCULPA28-460x259.jpg 460w, https:\/\/www.diarioimagen.net\/wp-content\/uploads\/2019\/06\/DISCULPA28-240x135.jpg 240w, https:\/\/www.diarioimagen.net\/wp-content\/uploads\/2019\/06\/DISCULPA28-235x132.jpg 235w, https:\/\/www.diarioimagen.net\/wp-content\/uploads\/2019\/06\/DISCULPA28-202x114.jpg 202w, https:\/\/www.diarioimagen.net\/wp-content\/uploads\/2019\/06\/DISCULPA28-350x196.jpg 350w, https:\/\/www.diarioimagen.net\/wp-content\/uploads\/2019\/06\/DISCULPA28-220x123.jpg 220w, https:\/\/www.diarioimagen.net\/wp-content\/uploads\/2019\/06\/DISCULPA28-237x132.jpg 237w, https:\/\/www.diarioimagen.net\/wp-content\/uploads\/2019\/06\/DISCULPA28.jpg 480w\" sizes=\"auto, (max-width: 460px) 100vw, 460px\" \/><\/a><p id=\"caption-attachment-433384\" class=\"wp-caption-text\">Se ofreci\u00f3 disculpa p\u00fablica por los abusos y violaciones en el manejo de la masacre en Allende, Piedras Negras y la regi\u00f3n norte de Coahuila, en marzo de 2011.<\/p><\/div>\n<p>&nbsp;<\/p>\n<p>Los gobiernos federal, estatal y municipal ofrecieron una disculpa p\u00fablica por los abusos y violaciones en el manejo de la masacre en Allende, Piedras Negras y la regi\u00f3n norte de Coahuila, en marzo de 2011, donde alrededor de 300 personas fueron asesinadas o desaparecidas por <em>Los Zetas,<\/em> en complicidad con las autoridades.<\/p>\n<p>\u201cEl Presidente de M\u00e9xico nos instruy\u00f3 a ver a las v\u00edctimas a los ojos, a no escondernos ante su justificado enojo, a pedir disculpas como Estado y a realizar todo lo que est\u00e9 en nuestras manos para reparar los agravios individuales y colectivos\u201d, recalc\u00f3 la titular de Gobernaci\u00f3n, Olga S\u00e1nchez Cordero.<\/p>\n<p>Durante el acto solemne realizado en la plaza principal de Allende, la encargada de la pol\u00edtica interior del pa\u00eds sostuvo que su presencia en la Disculpa P\u00fablica obedece a respaldar a las autoridades de investigaci\u00f3n y procuraci\u00f3n de justicia en sus pesquisas, conocer qui\u00e9nes participaron en la masacre y castigar a los responsables.<\/p>\n<p>\u201cPara que los hechos no se repitan y deje de reinar la impunidad es necesario seguir investigando en todos los niveles de gobierno, de arriba hacia abajo hasta encontrar a los culpables\u201d, subray\u00f3 frente a decenas de mujeres y hombres que acudieron con las fotograf\u00edas de sus familiares que a\u00fan se encuentran desaparecidos.<\/p>\n<p>S\u00e1nchez Cordero mencion\u00f3 que si bien el acto obedece a la recomendaci\u00f3n 10VG-2018 de la Comisi\u00f3n Nacional de los Derechos Humanos (CNDH), no se trata de un evento protocolario, sino de una convicci\u00f3n personal e institucional.<\/p>\n<p>Abund\u00f3 que, si bien la recomendaci\u00f3n no es vinculatoria, y es dirigida a la Fiscal\u00eda General de la Rep\u00fablica, el gobierno de Coahuila y a la presidencia municipal de Allende, la secretar\u00eda de Gobernaci\u00f3n mantendr\u00e1 la disposici\u00f3n de apoyar en lo que sea necesario para garantizar el derecho de las v\u00edctimas y que puedan ser reparadas de manera integral.<\/p>\n<p>Durante el enveto, donde se devel\u00f3 una placa por los hechos ocurridos en 2011, se record\u00f3 que en la actualidad no existe claridad sobre el n\u00famero de personas, incluidas ni\u00f1as y ni\u00f1os, que fueron asesinadas, aunque algunas fuentes citan a hasta 300 v\u00edctimas.<\/p>\n<p>\u201cHoy a nombre del republicano ayuntamiento del municipio de Allende, Coahuila, expreso mi m\u00e1s sincera disculpa p\u00fablica por la omisi\u00f3n por parte del Estado mexicano en salvaguardar y proteger sus derechos humanos de sus gobernados\u201d, sostuvo el alcalde, Alberto Alvarado Sald\u00edvar, quien reconoci\u00f3 que se cometi\u00f3 un crimen de lesa humanidad.<\/p>\n<p>En tanto, el gobernador de Coahuila, Miguel Riquelme, asegur\u00f3 que los hechos de violencia no volver\u00e1n a repetirse, pues, dijo, la delincuencia se enfrentar\u00e1 con todo el peso de la ley para que nunca m\u00e1s la ciudadan\u00eda sea v\u00edctima de desapariciones, torturas o detenciones arbitrarias, \u201ccero tolerancia a la operaci\u00f3n y presencia del crimen organizado en esta entidad\u201d.<\/p>\n<p>Durante el evento, la Silvia Eugenia Garza del colectivo \u201cFamilias Unidas de B\u00fasqueda y Localizaci\u00f3n de Personas Desaparecidas\u201d, lament\u00f3 que hasta ahora en ninguna de las reuniones del seguimiento a la Recomendaci\u00f3n de la CNDH haya estado presente en gobernador, Miguel Riquelme, por lo que le solicit\u00f3 a la Secretaria de Gobernaci\u00f3n, Olga S\u00e1nchez Cordero una reuni\u00f3n privada \u201cpara que conozca la verdad\u201d.<\/p>\n","protected":false},"excerpt":{"rendered":"<p>Los gobiernos federal, estatal y municipal ofrecieron una disculpa p\u00fablica por los abusos y violaciones en el manejo de la masacre en Allende, Piedras Negras y la regi\u00f3n norte de Coahuila, en marzo de 2011, donde alrededor de 300 personas fueron asesinadas o desaparecidas por Los Zetas, en complicidad con las autoridades.<\/p>\n","protected":false},"author":3,"featured_media":433384,"comment_status":"open","ping_status":"open","sticky":false,"template":"","format":"standard","meta":{"_monsterinsights_skip_tracking":false,"_monsterinsights_sitenote_active":false,"_monsterinsights_sitenote_note":"","_monsterinsights_sitenote_category":0,"footnotes":""},"categories":[25512],"tags":[86419,38,49198,8487],"class_list":["post-433278","post","type-post","status-publish","format-standard","has-post-thumbnail","hentry","category-nacional-nacional","tag-allende","tag-coahuila","tag-disculpa","tag-masacre"],"_links":{"self":[{"href":"https:\/\/www.diarioimagen.net\/index.php?rest_route=\/wp\/v2\/posts\/433278","targetHints":{"allow":["GET"]}}],"collection":[{"href":"https:\/\/www.diarioimagen.net\/index.php?rest_route=\/wp\/v2\/posts"}],"about":[{"href":"https:\/\/www.diarioimagen.net\/index.php?rest_route=\/wp\/v2\/types\/post"}],"author":[{"embeddable":true,"href":"https:\/\/www.diarioimagen.net\/index.php?rest_route=\/wp\/v2\/users\/3"}],"replies":[{"embeddable":true,"href":"https:\/\/www.diarioimagen.net\/index.php?rest_route=%2Fwp%2Fv2%2Fcomments&post=433278"}],"version-history":[{"count":0,"href":"https:\/\/www.diarioimagen.net\/index.php?rest_route=\/wp\/v2\/posts\/433278\/revisions"}],"wp:featuredmedia":[{"embeddable":true,"href":"https:\/\/www.diarioimagen.net\/index.php?rest_route=\/wp\/v2\/media\/433384"}],"wp:attachment":[{"href":"https:\/\/www.diarioimagen.net\/index.php?rest_route=%2Fwp%2Fv2%2Fmedia&parent=433278"}],"wp:term":[{"taxonomy":"category","embeddable":true,"href":"https:\/\/www.diarioimagen.net\/index.php?rest_route=%2Fwp%2Fv2%2Fcategories&post=433278"},{"taxonomy":"post_tag","embeddable":true,"href":"https:\/\/www.diarioimagen.net\/index.php?rest_route=%2Fwp%2Fv2%2Ftags&post=433278"}],"curies":[{"name":"wp","href":"https:\/\/api.w.org\/{rel}","templated":true}]}}