{"id":433300,"date":"2019-06-28T00:08:24","date_gmt":"2019-06-28T05:08:24","guid":{"rendered":"https:\/\/www.diarioimagen.net\/?p=433300"},"modified":"2019-06-28T06:55:17","modified_gmt":"2019-06-28T11:55:17","slug":"huixquilucan-de-los-municipios-mas-seguros-de-la-entidad-vargas-del-villar","status":"publish","type":"post","link":"https:\/\/www.diarioimagen.net\/?p=433300","title":{"rendered":"Huixquilucan, de los municipios m\u00e1s seguros de la entidad: Vargas del Villar"},"content":{"rendered":"<ul>\n<li><strong><em>Se re\u00fane la Red Nacional de Consejos Ciudadanos<\/em><\/strong><\/li>\n<\/ul>\n<p>&nbsp;<\/p>\n<div id=\"attachment_433367\" style=\"width: 470px\" class=\"wp-caption aligncenter\"><a href=\"https:\/\/www.diarioimagen.net\/?attachment_id=433367\" rel=\"attachment wp-att-433367\"><img loading=\"lazy\" decoding=\"async\" aria-describedby=\"caption-attachment-433367\" class=\"size-large wp-image-433367\" src=\"https:\/\/www.diarioimagen.net\/wp-content\/uploads\/2019\/06\/HUIXQUILUCAN-28-460x259.jpg\" alt=\"\" width=\"460\" height=\"259\" srcset=\"https:\/\/www.diarioimagen.net\/wp-content\/uploads\/2019\/06\/HUIXQUILUCAN-28-460x259.jpg 460w, https:\/\/www.diarioimagen.net\/wp-content\/uploads\/2019\/06\/HUIXQUILUCAN-28-240x135.jpg 240w, https:\/\/www.diarioimagen.net\/wp-content\/uploads\/2019\/06\/HUIXQUILUCAN-28-235x132.jpg 235w, https:\/\/www.diarioimagen.net\/wp-content\/uploads\/2019\/06\/HUIXQUILUCAN-28-202x114.jpg 202w, https:\/\/www.diarioimagen.net\/wp-content\/uploads\/2019\/06\/HUIXQUILUCAN-28-350x196.jpg 350w, https:\/\/www.diarioimagen.net\/wp-content\/uploads\/2019\/06\/HUIXQUILUCAN-28-220x123.jpg 220w, https:\/\/www.diarioimagen.net\/wp-content\/uploads\/2019\/06\/HUIXQUILUCAN-28-237x132.jpg 237w, https:\/\/www.diarioimagen.net\/wp-content\/uploads\/2019\/06\/HUIXQUILUCAN-28.jpg 480w\" sizes=\"auto, (max-width: 460px) 100vw, 460px\" \/><\/a><p id=\"caption-attachment-433367\" class=\"wp-caption-text\">Enrique Vargas del Villar se\u00f1al\u00f3 que hoy m\u00e1s que nunca los tres \u00f3rdenes de gobierno deben trabajar de manera coordinada, tal y como se ha hecho Huixquilucan.<\/p><\/div>\n<p>&nbsp;<\/p>\n<p><strong>Huixquilucan, Estado de M\u00e9xico<\/strong>.- \u201cHoy en d\u00eda, la seguridad es un reclamo de todos los ciudadanos\u201d, por eso \u00e9sta debe ser para todos sin ning\u00fan tipo de distinci\u00f3n, asegur\u00f3 Enrique Vargas del Villar, presidente municipal de Huixquilucan.<\/p>\n<p>Durante la inauguraci\u00f3n de la Segunda Asamblea Anual de la Red Nacional de Consejos Ciudadanos y la firma del convenio de Colaboraci\u00f3n entre la Organizaci\u00f3n Interamericana de Consejos Ciudadanos A.C. y la Red Nacional de Consejos Ciudadanos de M\u00e9xico A.C.<\/p>\n<p>Luego de recordar que se est\u00e1n viviendo tiempos violentos en el pa\u00eds, Vargas del Villar, se\u00f1al\u00f3 que por esta raz\u00f3n hoy m\u00e1s que nunca los tres \u00f3rdenes de gobierno deben trabajar de manera coordinada, tal y como se ha hecho Huixquilucan. El presidente municipal de Huixquilucan reiter\u00f3 que se trabaja de la mano con la Secretar\u00eda de Seguridad del estado de M\u00e9xico, por eso, dijo, se han dado buenos resultados en la demarcaci\u00f3n.<\/p>\n<p>Ante los consejeros de seguridad ciudadanos del interior del pa\u00eds, Vargas del Villar asegur\u00f3 que el tema de seguridad en el municipio lo atiende de manera personal y con estrictos controles hacia la polic\u00eda. Asimismo, se comprometi\u00f3 a seguir haciendo de Huixquilucan un modelo en materia de seguridad para sus ciudadanos.<\/p>\n<p>En presencia de Rosy Orozco, destac\u00f3 que actualmente, Huixquilucan es un municipio libre de trata, y agreg\u00f3 que existen indicadores positivos en materia de seguridad como es la renovaci\u00f3n total de las patrullas antiguas por unidades de modelo reciente, la baja de la incidencia delictiva, as\u00ed como el equipamiento y capacitaci\u00f3n a los elementos policiacos.<\/p>\n<p>Maribel Cervantes Guerrero, secretaria de Seguridad del gobierno del Estado de M\u00e9xico, dio la bienvenida los consejeros de distintas partes del pa\u00eds a uno de los municipios m\u00e1s seguros de entre los 125 municipios que conforman la entidad.<\/p>\n<p>Cervantes Guerrero asegur\u00f3 que en Huixquilucan se ha trabajado de manera coordinada; \u201cen esta coyuntura en la que vivimos en materia de seguridad sino trabajamos coordinado no podemos avanzar y este es uno de los municipios donde hemos trabajado as\u00ed\u201d.<\/p>\n","protected":false},"excerpt":{"rendered":"<p>\u201cHoy en d\u00eda, la seguridad es un reclamo de todos los ciudadanos\u201d, por eso \u00e9sta debe ser para todos sin ning\u00fan tipo de distinci\u00f3n, asegur\u00f3 Enrique Vargas del Villar, presidente municipal de Huixquilucan.<\/p>\n","protected":false},"author":3,"featured_media":433367,"comment_status":"open","ping_status":"open","sticky":false,"template":"","format":"standard","meta":{"_monsterinsights_skip_tracking":false,"_monsterinsights_sitenote_active":false,"_monsterinsights_sitenote_note":"","_monsterinsights_sitenote_category":0,"footnotes":""},"categories":[5],"tags":[43675,1097,5410],"class_list":["post-433300","post","type-post","status-publish","format-standard","has-post-thumbnail","hentry","category-estado-de-mexico","tag-estado-de-mexico","tag-huixquilucan","tag-seguros"],"_links":{"self":[{"href":"https:\/\/www.diarioimagen.net\/index.php?rest_route=\/wp\/v2\/posts\/433300","targetHints":{"allow":["GET"]}}],"collection":[{"href":"https:\/\/www.diarioimagen.net\/index.php?rest_route=\/wp\/v2\/posts"}],"about":[{"href":"https:\/\/www.diarioimagen.net\/index.php?rest_route=\/wp\/v2\/types\/post"}],"author":[{"embeddable":true,"href":"https:\/\/www.diarioimagen.net\/index.php?rest_route=\/wp\/v2\/users\/3"}],"replies":[{"embeddable":true,"href":"https:\/\/www.diarioimagen.net\/index.php?rest_route=%2Fwp%2Fv2%2Fcomments&post=433300"}],"version-history":[{"count":0,"href":"https:\/\/www.diarioimagen.net\/index.php?rest_route=\/wp\/v2\/posts\/433300\/revisions"}],"wp:featuredmedia":[{"embeddable":true,"href":"https:\/\/www.diarioimagen.net\/index.php?rest_route=\/wp\/v2\/media\/433367"}],"wp:attachment":[{"href":"https:\/\/www.diarioimagen.net\/index.php?rest_route=%2Fwp%2Fv2%2Fmedia&parent=433300"}],"wp:term":[{"taxonomy":"category","embeddable":true,"href":"https:\/\/www.diarioimagen.net\/index.php?rest_route=%2Fwp%2Fv2%2Fcategories&post=433300"},{"taxonomy":"post_tag","embeddable":true,"href":"https:\/\/www.diarioimagen.net\/index.php?rest_route=%2Fwp%2Fv2%2Ftags&post=433300"}],"curies":[{"name":"wp","href":"https:\/\/api.w.org\/{rel}","templated":true}]}}