{"id":433303,"date":"2019-06-28T00:07:48","date_gmt":"2019-06-28T05:07:48","guid":{"rendered":"https:\/\/www.diarioimagen.net\/?p=433303"},"modified":"2019-06-28T07:03:23","modified_gmt":"2019-06-28T12:03:23","slug":"palacio-municipal-de-atizapan-se-convierte-en-galeria-de-arte","status":"publish","type":"post","link":"https:\/\/www.diarioimagen.net\/?p=433303","title":{"rendered":"Palacio Municipal de Atizap\u00e1n se convierte en galer\u00eda de arte"},"content":{"rendered":"<p><a href=\"https:\/\/www.diarioimagen.net\/?attachment_id=433370\" rel=\"attachment wp-att-433370\"><img loading=\"lazy\" decoding=\"async\" class=\"aligncenter size-large wp-image-433370\" src=\"https:\/\/www.diarioimagen.net\/wp-content\/uploads\/2019\/06\/ATIZAPAN-28-460x259.jpg\" alt=\"\" width=\"460\" height=\"259\" srcset=\"https:\/\/www.diarioimagen.net\/wp-content\/uploads\/2019\/06\/ATIZAPAN-28-460x259.jpg 460w, https:\/\/www.diarioimagen.net\/wp-content\/uploads\/2019\/06\/ATIZAPAN-28-240x135.jpg 240w, https:\/\/www.diarioimagen.net\/wp-content\/uploads\/2019\/06\/ATIZAPAN-28-235x132.jpg 235w, https:\/\/www.diarioimagen.net\/wp-content\/uploads\/2019\/06\/ATIZAPAN-28-202x114.jpg 202w, https:\/\/www.diarioimagen.net\/wp-content\/uploads\/2019\/06\/ATIZAPAN-28-350x196.jpg 350w, https:\/\/www.diarioimagen.net\/wp-content\/uploads\/2019\/06\/ATIZAPAN-28-220x123.jpg 220w, https:\/\/www.diarioimagen.net\/wp-content\/uploads\/2019\/06\/ATIZAPAN-28-237x132.jpg 237w, https:\/\/www.diarioimagen.net\/wp-content\/uploads\/2019\/06\/ATIZAPAN-28.jpg 480w\" sizes=\"auto, (max-width: 460px) 100vw, 460px\" \/><\/a><\/p>\n<p>&nbsp;<\/p>\n<p><strong>Atizap\u00e1n, Estado de M\u00e9xico<\/strong><strong>.- <\/strong>En el marco del Festival Internacional de Cultura Atizap\u00e1n 2019, la presidenta municipal, Ruth Olvera Nieto, cort\u00f3 el list\u00f3n inaugural de la Exposici\u00f3n de Arte Pict\u00f3rico \u201cExpresiones\u201d que se puede admirar en las instalaciones del Palacio Municipal.<\/p>\n<p>En compa\u00f1\u00eda del presidente de la Comisi\u00f3n edilicia de Cultura, Celso Dom\u00ednguez, regidores y directores municipales, la alcaldesa resalt\u00f3 que los j\u00f3venes atizapenses tienen mucho que darle al pa\u00eds, por ello \u201cnosotros como gobierno debemos ser el impulso, el resorte para que puedan despegar\u201d.<\/p>\n<p>Durante el evento se comprometi\u00f3 a seguir trabajando con esmero y estar atentos a la innovaci\u00f3n y las nuevas ideas de los atizapenses para darles proyecci\u00f3n en nuevos escenarios.<\/p>\n<p>&nbsp;<\/p>\n","protected":false},"excerpt":{"rendered":"<p>En el marco del Festival Internacional de Cultura Atizap\u00e1n 2019, la presidenta municipal, Ruth Olvera Nieto, cort\u00f3 el list\u00f3n inaugural de la Exposici\u00f3n de Arte Pict\u00f3rico \u201cExpresiones\u201d que se puede admirar en las instalaciones del Palacio Municipal.<\/p>\n","protected":false},"author":3,"featured_media":433370,"comment_status":"open","ping_status":"open","sticky":false,"template":"","format":"standard","meta":{"_monsterinsights_skip_tracking":false,"_monsterinsights_sitenote_active":false,"_monsterinsights_sitenote_note":"","_monsterinsights_sitenote_category":0,"footnotes":""},"categories":[5],"tags":[969,43675,86422],"class_list":["post-433303","post","type-post","status-publish","format-standard","has-post-thumbnail","hentry","category-estado-de-mexico","tag-atizapan","tag-estado-de-mexico","tag-galeria-de-arte"],"_links":{"self":[{"href":"https:\/\/www.diarioimagen.net\/index.php?rest_route=\/wp\/v2\/posts\/433303","targetHints":{"allow":["GET"]}}],"collection":[{"href":"https:\/\/www.diarioimagen.net\/index.php?rest_route=\/wp\/v2\/posts"}],"about":[{"href":"https:\/\/www.diarioimagen.net\/index.php?rest_route=\/wp\/v2\/types\/post"}],"author":[{"embeddable":true,"href":"https:\/\/www.diarioimagen.net\/index.php?rest_route=\/wp\/v2\/users\/3"}],"replies":[{"embeddable":true,"href":"https:\/\/www.diarioimagen.net\/index.php?rest_route=%2Fwp%2Fv2%2Fcomments&post=433303"}],"version-history":[{"count":0,"href":"https:\/\/www.diarioimagen.net\/index.php?rest_route=\/wp\/v2\/posts\/433303\/revisions"}],"wp:featuredmedia":[{"embeddable":true,"href":"https:\/\/www.diarioimagen.net\/index.php?rest_route=\/wp\/v2\/media\/433370"}],"wp:attachment":[{"href":"https:\/\/www.diarioimagen.net\/index.php?rest_route=%2Fwp%2Fv2%2Fmedia&parent=433303"}],"wp:term":[{"taxonomy":"category","embeddable":true,"href":"https:\/\/www.diarioimagen.net\/index.php?rest_route=%2Fwp%2Fv2%2Fcategories&post=433303"},{"taxonomy":"post_tag","embeddable":true,"href":"https:\/\/www.diarioimagen.net\/index.php?rest_route=%2Fwp%2Fv2%2Ftags&post=433303"}],"curies":[{"name":"wp","href":"https:\/\/api.w.org\/{rel}","templated":true}]}}