{"id":433305,"date":"2019-06-28T00:10:24","date_gmt":"2019-06-28T05:10:24","guid":{"rendered":"https:\/\/www.diarioimagen.net\/?p=433305"},"modified":"2019-07-01T02:34:47","modified_gmt":"2019-07-01T07:34:47","slug":"realizan-megajornada-de-limpieza-en-colinas-de-san-mateo-naucalpan","status":"publish","type":"post","link":"https:\/\/www.diarioimagen.net\/?p=433305","title":{"rendered":"Realizan megajornada de limpieza en Colinas de San Mateo, Naucalpan"},"content":{"rendered":"<ul>\n<li><strong><em>Se atienden reclamos de la ciudadan\u00eda<\/em><\/strong><\/li>\n<\/ul>\n<p>&nbsp;<\/p>\n<div id=\"attachment_433364\" style=\"width: 470px\" class=\"wp-caption aligncenter\"><a href=\"https:\/\/www.diarioimagen.net\/?attachment_id=433364\" rel=\"attachment wp-att-433364\"><img loading=\"lazy\" decoding=\"async\" aria-describedby=\"caption-attachment-433364\" class=\"size-large wp-image-433364\" src=\"https:\/\/www.diarioimagen.net\/wp-content\/uploads\/2019\/06\/NAUCALPAN-1-460x259.jpg\" alt=\"\" width=\"460\" height=\"259\" srcset=\"https:\/\/www.diarioimagen.net\/wp-content\/uploads\/2019\/06\/NAUCALPAN-1-460x259.jpg 460w, https:\/\/www.diarioimagen.net\/wp-content\/uploads\/2019\/06\/NAUCALPAN-1-240x135.jpg 240w, https:\/\/www.diarioimagen.net\/wp-content\/uploads\/2019\/06\/NAUCALPAN-1-235x132.jpg 235w, https:\/\/www.diarioimagen.net\/wp-content\/uploads\/2019\/06\/NAUCALPAN-1-202x114.jpg 202w, https:\/\/www.diarioimagen.net\/wp-content\/uploads\/2019\/06\/NAUCALPAN-1-350x196.jpg 350w, https:\/\/www.diarioimagen.net\/wp-content\/uploads\/2019\/06\/NAUCALPAN-1-220x123.jpg 220w, https:\/\/www.diarioimagen.net\/wp-content\/uploads\/2019\/06\/NAUCALPAN-1-237x132.jpg 237w, https:\/\/www.diarioimagen.net\/wp-content\/uploads\/2019\/06\/NAUCALPAN-1.jpg 480w\" sizes=\"auto, (max-width: 460px) 100vw, 460px\" \/><\/a><p id=\"caption-attachment-433364\" class=\"wp-caption-text\">Tom\u00e1s Palomares Parra, l\u00edder del SUTEyM en Naucalpan, asegur\u00f3 que se trata de generar entre la poblaci\u00f3n una cultura del cuidado al entorno.<\/p><\/div>\n<p>&nbsp;<\/p>\n<p><strong>Naucalpan, Estado de M\u00e9xico<\/strong>.-\u00a0 Labores de bacheo, reparaci\u00f3n de luminarias y limpieza en general fueron los trabajos que se realizaron en Colinas de San Mateo durante la megajornada de limpieza y remozamiento que llev\u00f3 a cabo la Secretar\u00eda de Servicios P\u00fablicos en coordinaci\u00f3n con el SUTEyM.<\/p>\n<p>En los alrededores del mercado local, en las calles Cerros de Guanajuato, San Luis Potos\u00ed y Avenida del R\u00edo, se destinaron tres camiones de volteo con mezcla asf\u00e1ltica para rellenar baches que, seg\u00fan los vecinos, ten\u00edan m\u00e1s de seis a\u00f1os sin ser atendidos.<\/p>\n<p>En Cerros de Mazatl\u00e1n, San Luis Potos\u00ed y Chiapas entre otras, decenas de trabajadores colaboraron en limpieza de calles y recolecci\u00f3n de desechos.<\/p>\n<p>El Secretario de Servicios P\u00fablicos, Carlos Trujillo Anell, coment\u00f3 que se trabaja cada semana en este tipo de jornadas por instrucci\u00f3n de la Presidenta Municipal, Patricia Dur\u00e1n Reveles, con el objetivo de atender los reclamos de la ciudadan\u00eda.<\/p>\n<p>\u201cNuestra presidenta, Patricia Dur\u00e1n, nos ha pedido trabajar as\u00ed en todas las colonias del municipio. Potenciar nuestras macrojornadas en conjunto con las autoridades auxiliares, sindicato, regidores para dar buenos resultados a los ciudadanos\u201d, dijo Trujillo Anell.<\/p>\n<p>Tom\u00e1s Palomares Parra, l\u00edder del Sindicato \u00danico de Trabajadores del Estado de M\u00e9xico y Municipios (SUTEyM) en Naucalpan, asegur\u00f3 que se trata de generar entre la poblaci\u00f3n una cultura del cuidado al entorno.<\/p>\n<p>\u201cDesde mi perspectiva personal, la ciudadan\u00eda tiene que estar consciente de que estos son sus espacios, de que tienen que hacer un esfuerzo por mantenerlos limpios\u201d, dijo Palomares.<\/p>\n<p>El Noveno Regidor, Ricardo Fuertes, destac\u00f3 la coordinaci\u00f3n que se realiza desde el Municipio, toda vez que existe una buena voluntad de todas las \u00e1reas para brindar apoyo a los vecinos.<\/p>\n<p>En la macrojornada de limpieza y remozamiento participaron 170 trabajadores, 6 camiones compactadores, 6 camionetas tipo Ranger y otras 6 de redilas, adem\u00e1s de tres camiones de volteo con mezcla asf\u00e1ltica.<\/p>\n<p>Al recorrido tambi\u00e9n acudieron autoridades auxiliares y la diputada local Liliana Goll\u00e1s.<\/p>\n","protected":false},"excerpt":{"rendered":"<p>Labores de bacheo, reparaci\u00f3n de luminarias y limpieza en general fueron los trabajos que se realizaron en Colinas de San Mateo durante la megajornada de limpieza y remozamiento que llev\u00f3 a cabo la Secretar\u00eda de Servicios P\u00fablicos en coordinaci\u00f3n con el SUTEyM.<\/p>\n","protected":false},"author":3,"featured_media":433364,"comment_status":"open","ping_status":"open","sticky":false,"template":"","format":"standard","meta":{"_monsterinsights_skip_tracking":false,"_monsterinsights_sitenote_active":false,"_monsterinsights_sitenote_note":"","_monsterinsights_sitenote_category":0,"footnotes":""},"categories":[5],"tags":[43675,86423,970],"class_list":["post-433305","post","type-post","status-publish","format-standard","has-post-thumbnail","hentry","category-estado-de-mexico","tag-estado-de-mexico","tag-megajornada","tag-naucalpan"],"_links":{"self":[{"href":"https:\/\/www.diarioimagen.net\/index.php?rest_route=\/wp\/v2\/posts\/433305","targetHints":{"allow":["GET"]}}],"collection":[{"href":"https:\/\/www.diarioimagen.net\/index.php?rest_route=\/wp\/v2\/posts"}],"about":[{"href":"https:\/\/www.diarioimagen.net\/index.php?rest_route=\/wp\/v2\/types\/post"}],"author":[{"embeddable":true,"href":"https:\/\/www.diarioimagen.net\/index.php?rest_route=\/wp\/v2\/users\/3"}],"replies":[{"embeddable":true,"href":"https:\/\/www.diarioimagen.net\/index.php?rest_route=%2Fwp%2Fv2%2Fcomments&post=433305"}],"version-history":[{"count":0,"href":"https:\/\/www.diarioimagen.net\/index.php?rest_route=\/wp\/v2\/posts\/433305\/revisions"}],"wp:featuredmedia":[{"embeddable":true,"href":"https:\/\/www.diarioimagen.net\/index.php?rest_route=\/wp\/v2\/media\/433364"}],"wp:attachment":[{"href":"https:\/\/www.diarioimagen.net\/index.php?rest_route=%2Fwp%2Fv2%2Fmedia&parent=433305"}],"wp:term":[{"taxonomy":"category","embeddable":true,"href":"https:\/\/www.diarioimagen.net\/index.php?rest_route=%2Fwp%2Fv2%2Fcategories&post=433305"},{"taxonomy":"post_tag","embeddable":true,"href":"https:\/\/www.diarioimagen.net\/index.php?rest_route=%2Fwp%2Fv2%2Ftags&post=433305"}],"curies":[{"name":"wp","href":"https:\/\/api.w.org\/{rel}","templated":true}]}}