{"id":433309,"date":"2019-06-28T00:08:23","date_gmt":"2019-06-28T05:08:23","guid":{"rendered":"https:\/\/www.diarioimagen.net\/?p=433309"},"modified":"2019-07-01T00:22:57","modified_gmt":"2019-07-01T05:22:57","slug":"gana-alcaldia-de-milpa-alta-primer-concurso-de-oratoria-de-la-constitucion-de-la-ciudad-de-mexico","status":"publish","type":"post","link":"https:\/\/www.diarioimagen.net\/?p=433309","title":{"rendered":"Gana alcald\u00eda de Milpa Alta Primer Concurso de Oratoria de la Constituci\u00f3n de la Ciudad de M\u00e9xico"},"content":{"rendered":"<ul>\n<li><strong><em>A los ganadores, el presidente del Tribunal Superior de Justicia de la Ciudad de M\u00e9xico, magistrado Rafael Guerra \u00c1lvarez, les pidi\u00f3 que siempre sean capaces de ver m\u00e1s all\u00e1 de la victoria individual, y que la gloria no los desv\u00ede del camino del aprendizaje<\/em><\/strong><\/li>\n<\/ul>\n<h6>Gloria Carpio<\/h6>\n<p>&nbsp;<\/p>\n<div id=\"attachment_433347\" style=\"width: 470px\" class=\"wp-caption aligncenter\"><a href=\"https:\/\/www.diarioimagen.net\/?attachment_id=433347\" rel=\"attachment wp-att-433347\"><img loading=\"lazy\" decoding=\"async\" aria-describedby=\"caption-attachment-433347\" class=\"size-large wp-image-433347\" src=\"https:\/\/www.diarioimagen.net\/wp-content\/uploads\/2019\/06\/oratoria-1-460x173.jpg\" alt=\"\" width=\"460\" height=\"173\" srcset=\"https:\/\/www.diarioimagen.net\/wp-content\/uploads\/2019\/06\/oratoria-1-460x173.jpg 460w, https:\/\/www.diarioimagen.net\/wp-content\/uploads\/2019\/06\/oratoria-1-240x90.jpg 240w, https:\/\/www.diarioimagen.net\/wp-content\/uploads\/2019\/06\/oratoria-1-768x289.jpg 768w, https:\/\/www.diarioimagen.net\/wp-content\/uploads\/2019\/06\/oratoria-1.jpg 1200w\" sizes=\"auto, (max-width: 460px) 100vw, 460px\" \/><\/a><p id=\"caption-attachment-433347\" class=\"wp-caption-text\">El jurado estuvo integrado por el consejero Miguel Arroyo Ram\u00edrez; la magistrada Sara Patricia Orea Ochoa; el magistrado Antonio Mu\u00f1ozcano Eternod; la jueza Mar\u00eda de los \u00c1ngeles Rojano Zavalza, Edgard Delgado Aguilar, Mar\u00eda Elena Ram\u00edrez S\u00e1nchez, Madel\u00edn Gabriela S\u00e1nchez Maldonado, Luis Armando Y\u00fadico Col\u00edn, Enrique Farf\u00e1n Mej\u00eda, Sergio Emilio \u00c1vila Hern\u00e1ndez, Silvia Marcela Arriaga Calder\u00f3n, Mar\u00eda del Rosario Tirado Jim\u00e9nez y Ver\u00f3nica Palacios Tirado Jim\u00e9nez.<\/p><\/div>\n<p>&nbsp;<\/p>\n<p>Los alumnos de educaci\u00f3n secundaria, Luis \u00c1ngel de la Cruz Ortiz, de la alcald\u00eda de Milpa Alta; Jorge Chanona Garc\u00eda, de la Magdalena Contreras, y Sandra Paulina Mercado Navarrete, de la Benito Ju\u00e1rez, obtuvieron los tres primeros lugares, respectivamente, en el Primer Concurso de Oratoria de la Constituci\u00f3n Pol\u00edtica de la Ciudad de M\u00e9xico, Jos\u00e9 Vasconcelos, organizado por el Poder Judicial capitalino, que preside el magistrado Rafael Guerra \u00c1lvarez.<\/p>\n<p>A los ganadores, el titular del Tribunal Superior de Justicia de la Ciudad de M\u00e9xico, les pidi\u00f3 que siempre sean capaces de ver m\u00e1s all\u00e1 de la victoria individual, y que la gloria no los desv\u00ede del camino del aprendizaje. Los invit\u00f3 a trascender en la vida de los dem\u00e1s, dejando un mensaje que resuene en el tiempo. \u00c9sa es la verdadera trascendencia.<\/p>\n<p>El primer\u00a0 lugar del certamen, Luis \u00c1ngel de la Cruz, de la escuela secundaria 37 \u201cEmiliano Zapata\u201d, en la alcald\u00eda Milpa Alta, quien particip\u00f3 con el tema Derecho a la Educaci\u00f3n, coment\u00f3 que se lleva un grato reconocimiento, porque al participar en este concurso, me doy cuenta que no soy cualquier joven, sino un joven que alza la voz por la educaci\u00f3n y porque se haga efectivo este derecho.<\/p>\n<p>Es muy importante, dijo, que los j\u00f3venes conozcan la Constituci\u00f3n, puesto que en \u00e9sta se plasman los derechos y obligaciones, que cada uno tiene, as\u00ed como sus garant\u00edas individuales, para que pr\u00f3ximamente estos j\u00f3venes, incluy\u00e9ndome, sean el futuro de nuestra naci\u00f3n.<\/p>\n<p>Por su parte, Jorge Chanona Garc\u00eda, de la secundaria n\u00famero 302 \u201cLuis Donaldo Colosio\u201d, en la alcald\u00eda Magdalena Contreras, quien concurs\u00f3 con el tema Art\u00edculo 61 El Combate a la Corrupci\u00f3n en la Ciudad, agradeci\u00f3 la oportunidad que me hayan dejado a este nivel, porque es ah\u00ed donde la voz y mi palabra es escuchada, para que los mexicanos puedan hacer de esto un lugar mejor. La juventud, agreg\u00f3, es donde tenemos el cambio, por eso es que ah\u00ed es donde debemos de ver nosotros la Constituci\u00f3n Pol\u00edtica de la Ciudad de M\u00e9xico, para poder saber y que no nos mareen otras personas.<\/p>\n<p>Finalmente, Sandra Paulina Mercado Navarrete, de la escuela secundaria \u201cSim\u00f3n Bol\u00edvar\u201d, en la alcald\u00eda Benito Ju\u00e1rez, quien obtuvo el tercer lugar con el tema Art\u00edculo 10, Ciudad Productiva, dijo sentirse muy orgullosa de s\u00ed misma; el concurso no fue algo f\u00e1cil; sin embargo, me siento con la capacidad de lograr cosas grandes. Es importante que desde j\u00f3venes conozcamos nuestra Constituci\u00f3n para despu\u00e9s fomentarla.<\/p>\n<p>En la etapa final, contendieron 10 se\u00f1oritas y 6 varones, de las 16 alcald\u00edas de la metr\u00f3poli. A todos los participantes se le hizo entrega de un reconocimiento y unos presentes, que consistieron en una bolsa, libreta y pluma, por parte del Instituto de Estudios Judiciales; adem\u00e1s de un ejemplar del libro \u201cRet\u00f3rica y Oratoria\u201d. Al primer, segundo y tercer lugares, se les hizo entrega de un diploma y una medalla.<\/p>\n<p>El jurado estuvo integrado por el consejero Miguel Arroyo Ram\u00edrez; la magistrada Sara Patricia Orea Ochoa; el magistrado Antonio Mu\u00f1ozcano Eternod; la jueza Mar\u00eda de los \u00c1ngeles Rojano Zavalza, Edgard Delgado Aguilar, Mar\u00eda Elena Ram\u00edrez S\u00e1nchez, Madel\u00edn Gabriela S\u00e1nchez Maldonado, Luis Armando Y\u00fadico Col\u00edn, Enrique Farf\u00e1n Mej\u00eda, Sergio Emilio \u00c1vila Hern\u00e1ndez, Silvia Marcela Arriaga Calder\u00f3n, Mar\u00eda del Rosario Tirado Jim\u00e9nez y Ver\u00f3nica Palacios Tirado Jim\u00e9nez.<\/p>\n<p>Previo a la etapa final del concurso, se llev\u00f3 a cabo una ceremonia, encabezada por el presidente del TSJCDMX, Rafael Guerra \u00c1lvarez; la secretaria de Gobierno, Rosa Icela Rodr\u00edguez; la procuradora general de Justicia, Ernestina Godoy, y el presidente de la mesa directiva del Congreso local, Jes\u00fas Mart\u00edn del Campo.<\/p>\n<p>El Primer Concurso de Oratoria de la Constituci\u00f3n Pol\u00edtica de la Ciudad de M\u00e9xico, Jos\u00e9 Vasconcelos, fue organizado por el consejero de la Judicatura de la Ciudad de M\u00e9xico, Miguel Arroyo Ram\u00edrez; el magistrado de la Cuarta Sala Familiar del TSJCDMX, Antonio Mu\u00f1ozcano Eternod; la jueza S\u00e9ptimo Civil y presidenta del Colegio de Jueces, Mar\u00eda de los \u00c1ngeles Rojano, y la directora general del Instituto de Estudios Judiciales, Mar\u00eda Elena Ram\u00edrez S\u00e1nchez.<\/p>\n<p>&nbsp;<\/p>\n<p><iframe loading=\"lazy\" title=\"Final del Concurso de Oratoria de la Constitucio\u0301n Poli\u0301tica de la CDMX\" width=\"500\" height=\"281\" src=\"https:\/\/www.youtube.com\/embed\/qsiIZDkDXUU?feature=oembed\" frameborder=\"0\" allow=\"accelerometer; autoplay; clipboard-write; encrypted-media; gyroscope; picture-in-picture; web-share\" referrerpolicy=\"strict-origin-when-cross-origin\" allowfullscreen><\/iframe><\/p>\n<p>&nbsp;<\/p>\n<div id=\"attachment_433348\" style=\"width: 470px\" class=\"wp-caption aligncenter\"><a href=\"https:\/\/www.diarioimagen.net\/?attachment_id=433348\" rel=\"attachment wp-att-433348\"><img loading=\"lazy\" decoding=\"async\" aria-describedby=\"caption-attachment-433348\" class=\"size-large wp-image-433348\" src=\"https:\/\/www.diarioimagen.net\/wp-content\/uploads\/2019\/06\/oratoria-2-460x307.jpg\" alt=\"\" width=\"460\" height=\"307\" srcset=\"https:\/\/www.diarioimagen.net\/wp-content\/uploads\/2019\/06\/oratoria-2-460x307.jpg 460w, https:\/\/www.diarioimagen.net\/wp-content\/uploads\/2019\/06\/oratoria-2-240x160.jpg 240w, https:\/\/www.diarioimagen.net\/wp-content\/uploads\/2019\/06\/oratoria-2.jpg 700w\" sizes=\"auto, (max-width: 460px) 100vw, 460px\" \/><\/a><p id=\"caption-attachment-433348\" class=\"wp-caption-text\">\u201cLa uni\u00f3n entre juristas y oradores es para la causa hist\u00f3rica de la justicia, una causa com\u00fan que debe unirnos. J\u00f3venes, campeones, son herederos de este poder que los romanos usaban: La oratoria. Fue la primera herramienta civilizatoria, antes que las matem\u00e1ticas o las leyes, la oratoria nos permit\u00eda compartir nuestra noci\u00f3n de origen, hoy esa tradici\u00f3n nos permite celebrar este primer concurso\u201d, expres\u00f3 el presidente del TSJCDMX, Rafael Guerra \u00c1lvarez.<\/p><\/div>\n<div id=\"attachment_433349\" style=\"width: 366px\" class=\"wp-caption aligncenter\"><a href=\"https:\/\/www.diarioimagen.net\/?attachment_id=433349\" rel=\"attachment wp-att-433349\"><img loading=\"lazy\" decoding=\"async\" aria-describedby=\"caption-attachment-433349\" class=\"size-large wp-image-433349\" src=\"https:\/\/www.diarioimagen.net\/wp-content\/uploads\/2019\/06\/oratoria-3-356x460.jpg\" alt=\"\" width=\"356\" height=\"460\" srcset=\"https:\/\/www.diarioimagen.net\/wp-content\/uploads\/2019\/06\/oratoria-3-356x460.jpg 356w, https:\/\/www.diarioimagen.net\/wp-content\/uploads\/2019\/06\/oratoria-3-186x240.jpg 186w, https:\/\/www.diarioimagen.net\/wp-content\/uploads\/2019\/06\/oratoria-3.jpg 700w\" sizes=\"auto, (max-width: 356px) 100vw, 356px\" \/><\/a><p id=\"caption-attachment-433349\" class=\"wp-caption-text\">El primer lugar del certamen, Luis \u00c1ngel de la Cruz, de la escuela secundaria 37 \u201cEmiliano Zapata\u201d de la alcald\u00eda Milpa Alta, quien particip\u00f3 con el tema Derecho a la Educaci\u00f3n, coment\u00f3 que se lleva un grato reconocimiento, porque al participar en este concurso, me doy cuenta que no soy cualquier joven, sino un joven que alza la voz por la educaci\u00f3n y porque se haga efectivo este derecho.<\/p><\/div>\n<div id=\"attachment_433350\" style=\"width: 470px\" class=\"wp-caption aligncenter\"><a href=\"https:\/\/www.diarioimagen.net\/?attachment_id=433350\" rel=\"attachment wp-att-433350\"><img loading=\"lazy\" decoding=\"async\" aria-describedby=\"caption-attachment-433350\" class=\"size-large wp-image-433350\" src=\"https:\/\/www.diarioimagen.net\/wp-content\/uploads\/2019\/06\/oratoria-4-460x439.jpg\" alt=\"\" width=\"460\" height=\"439\" srcset=\"https:\/\/www.diarioimagen.net\/wp-content\/uploads\/2019\/06\/oratoria-4-460x439.jpg 460w, https:\/\/www.diarioimagen.net\/wp-content\/uploads\/2019\/06\/oratoria-4-240x229.jpg 240w, https:\/\/www.diarioimagen.net\/wp-content\/uploads\/2019\/06\/oratoria-4.jpg 733w\" sizes=\"auto, (max-width: 460px) 100vw, 460px\" \/><\/a><p id=\"caption-attachment-433350\" class=\"wp-caption-text\">Jorge Chanona Garc\u00eda, de la Magdalena Contreras, y Sandra Paulina Mercado Navarrete, de Benito Ju\u00e1rez, obtuvieron el segundo y tercer lugar.<\/p><\/div>\n<div id=\"attachment_433351\" style=\"width: 470px\" class=\"wp-caption aligncenter\"><a href=\"https:\/\/www.diarioimagen.net\/?attachment_id=433351\" rel=\"attachment wp-att-433351\"><img loading=\"lazy\" decoding=\"async\" aria-describedby=\"caption-attachment-433351\" class=\"size-large wp-image-433351\" src=\"https:\/\/www.diarioimagen.net\/wp-content\/uploads\/2019\/06\/oratoria-5-460x307.jpg\" alt=\"\" width=\"460\" height=\"307\" srcset=\"https:\/\/www.diarioimagen.net\/wp-content\/uploads\/2019\/06\/oratoria-5-460x307.jpg 460w, https:\/\/www.diarioimagen.net\/wp-content\/uploads\/2019\/06\/oratoria-5-240x160.jpg 240w, https:\/\/www.diarioimagen.net\/wp-content\/uploads\/2019\/06\/oratoria-5.jpg 700w\" sizes=\"auto, (max-width: 460px) 100vw, 460px\" \/><\/a><p id=\"caption-attachment-433351\" class=\"wp-caption-text\">El presidente magistrado, Rafael Guerra \u00c1lvarez, subray\u00f3 que detr\u00e1s de este concurso de oratoria hay un prop\u00f3sito superior e invit\u00f3 a los alumnos de secundaria a que piensen en su gran responsabilidad como heraldos de este nuevo orden constitucional.<\/p><\/div>\n<div id=\"attachment_433352\" style=\"width: 470px\" class=\"wp-caption aligncenter\"><a href=\"https:\/\/www.diarioimagen.net\/?attachment_id=433352\" rel=\"attachment wp-att-433352\"><img loading=\"lazy\" decoding=\"async\" aria-describedby=\"caption-attachment-433352\" class=\"size-large wp-image-433352\" src=\"https:\/\/www.diarioimagen.net\/wp-content\/uploads\/2019\/06\/oratoria-6-460x307.jpg\" alt=\"\" width=\"460\" height=\"307\" srcset=\"https:\/\/www.diarioimagen.net\/wp-content\/uploads\/2019\/06\/oratoria-6-460x307.jpg 460w, https:\/\/www.diarioimagen.net\/wp-content\/uploads\/2019\/06\/oratoria-6-240x160.jpg 240w, https:\/\/www.diarioimagen.net\/wp-content\/uploads\/2019\/06\/oratoria-6.jpg 700w\" sizes=\"auto, (max-width: 460px) 100vw, 460px\" \/><\/a><p id=\"caption-attachment-433352\" class=\"wp-caption-text\">El Primer Concurso de Oratoria de la Constituci\u00f3n Pol\u00edtica de la Ciudad de M\u00e9xico, Jos\u00e9 Vasconcelos, fue organizado por el consejero de la Judicatura de la Ciudad de M\u00e9xico, Miguel Arroyo Ram\u00edrez; el magistrado de la Cuarta Sala Familiar del TSJCDMX, Antonio Mu\u00f1ozcano Eternod; la jueza S\u00e9ptimo Civil y presidenta del Colegio de Jueces, Mar\u00eda de los \u00c1ngeles Rojano, y la directora general del Instituto de Estudios Judiciales, Mar\u00eda Elena Ram\u00edrez S\u00e1nchez. Y para la final del certamen contaron con la presencia del presidente del Poder Judicial, Rafael Guerra \u00c1lvarez y la procuradora general de Justicia, Ernestina Godoy.<\/p><\/div>\n<div id=\"attachment_433353\" style=\"width: 316px\" class=\"wp-caption aligncenter\"><a href=\"https:\/\/www.diarioimagen.net\/?attachment_id=433353\" rel=\"attachment wp-att-433353\"><img loading=\"lazy\" decoding=\"async\" aria-describedby=\"caption-attachment-433353\" class=\"size-large wp-image-433353\" src=\"https:\/\/www.diarioimagen.net\/wp-content\/uploads\/2019\/06\/oratoria-7-306x460.jpg\" alt=\"\" width=\"306\" height=\"460\" srcset=\"https:\/\/www.diarioimagen.net\/wp-content\/uploads\/2019\/06\/oratoria-7-306x460.jpg 306w, https:\/\/www.diarioimagen.net\/wp-content\/uploads\/2019\/06\/oratoria-7-159x240.jpg 159w, https:\/\/www.diarioimagen.net\/wp-content\/uploads\/2019\/06\/oratoria-7.jpg 465w\" sizes=\"auto, (max-width: 306px) 100vw, 306px\" \/><\/a><p id=\"caption-attachment-433353\" class=\"wp-caption-text\">La jueza S\u00e9ptimo Civil y presidenta del Colegio de Jueces, Mar\u00eda de los \u00c1ngeles Rojano, y la procuradora general de Justicia, Ernestina Godoy.<\/p><\/div>\n<div id=\"attachment_433354\" style=\"width: 470px\" class=\"wp-caption aligncenter\"><a href=\"https:\/\/www.diarioimagen.net\/?attachment_id=433354\" rel=\"attachment wp-att-433354\"><img loading=\"lazy\" decoding=\"async\" aria-describedby=\"caption-attachment-433354\" class=\"size-large wp-image-433354\" src=\"https:\/\/www.diarioimagen.net\/wp-content\/uploads\/2019\/06\/oratoria-8-460x307.jpg\" alt=\"\" width=\"460\" height=\"307\" srcset=\"https:\/\/www.diarioimagen.net\/wp-content\/uploads\/2019\/06\/oratoria-8-460x307.jpg 460w, https:\/\/www.diarioimagen.net\/wp-content\/uploads\/2019\/06\/oratoria-8-240x160.jpg 240w, https:\/\/www.diarioimagen.net\/wp-content\/uploads\/2019\/06\/oratoria-8.jpg 700w\" sizes=\"auto, (max-width: 460px) 100vw, 460px\" \/><\/a><p id=\"caption-attachment-433354\" class=\"wp-caption-text\">\u201cLa toga es el signo distintivo de la justicia. Esperamos despertar su inquietud para abordar la carrera de Licenciado en Derecho y quiz\u00e1 alguno de ustedes sea presidente de esta casa de justicia\u201d, se\u00f1al\u00f3 el presidente magistrado, Rafael Guerra \u00c1lvarez.<\/p><\/div>\n<div id=\"attachment_433355\" style=\"width: 317px\" class=\"wp-caption aligncenter\"><a href=\"https:\/\/www.diarioimagen.net\/?attachment_id=433355\" rel=\"attachment wp-att-433355\"><img loading=\"lazy\" decoding=\"async\" aria-describedby=\"caption-attachment-433355\" class=\"size-large wp-image-433355\" src=\"https:\/\/www.diarioimagen.net\/wp-content\/uploads\/2019\/06\/oratoria-9-307x460.jpg\" alt=\"\" width=\"307\" height=\"460\" srcset=\"https:\/\/www.diarioimagen.net\/wp-content\/uploads\/2019\/06\/oratoria-9-307x460.jpg 307w, https:\/\/www.diarioimagen.net\/wp-content\/uploads\/2019\/06\/oratoria-9-160x240.jpg 160w, https:\/\/www.diarioimagen.net\/wp-content\/uploads\/2019\/06\/oratoria-9.jpg 467w\" sizes=\"auto, (max-width: 307px) 100vw, 307px\" \/><\/a><p id=\"caption-attachment-433355\" class=\"wp-caption-text\">Previo a la etapa final del concurso, se llev\u00f3 a cabo una ceremonia, encabezada por el presidente del TSJCDMX, Rafael Guerra \u00c1lvarez.<\/p><\/div>\n","protected":false},"excerpt":{"rendered":"<p>Los alumnos de educaci\u00f3n secundaria, Luis \u00c1ngel de la Cruz Ortiz, de la alcald\u00eda de Milpa Alta; Jorge Chanona Garc\u00eda, de la Magdalena Contreras, y Sandra Paulina Mercado Navarrete, de la Benito Ju\u00e1rez, obtuvieron los tres primeros lugares, respectivamente, en el Primer Concurso de Oratoria de la Constituci\u00f3n Pol\u00edtica de la Ciudad de M\u00e9xico, Jos\u00e9 Vasconcelos, organizado por el Poder Judicial capitalino, que preside el magistrado Rafael Guerra \u00c1lvarez.<\/p>\n","protected":false},"author":3,"featured_media":433347,"comment_status":"open","ping_status":"open","sticky":false,"template":"","format":"standard","meta":{"_monsterinsights_skip_tracking":false,"_monsterinsights_sitenote_active":false,"_monsterinsights_sitenote_note":"","_monsterinsights_sitenote_category":0,"footnotes":""},"categories":[6],"tags":[204,86424,2866],"class_list":["post-433309","post","type-post","status-publish","format-standard","has-post-thumbnail","hentry","category-cd-de-mexico","tag-ciudad-de-mexico","tag-concurso-de-oratoria-de-la-constitucion","tag-milpa-alta"],"_links":{"self":[{"href":"https:\/\/www.diarioimagen.net\/index.php?rest_route=\/wp\/v2\/posts\/433309","targetHints":{"allow":["GET"]}}],"collection":[{"href":"https:\/\/www.diarioimagen.net\/index.php?rest_route=\/wp\/v2\/posts"}],"about":[{"href":"https:\/\/www.diarioimagen.net\/index.php?rest_route=\/wp\/v2\/types\/post"}],"author":[{"embeddable":true,"href":"https:\/\/www.diarioimagen.net\/index.php?rest_route=\/wp\/v2\/users\/3"}],"replies":[{"embeddable":true,"href":"https:\/\/www.diarioimagen.net\/index.php?rest_route=%2Fwp%2Fv2%2Fcomments&post=433309"}],"version-history":[{"count":0,"href":"https:\/\/www.diarioimagen.net\/index.php?rest_route=\/wp\/v2\/posts\/433309\/revisions"}],"wp:featuredmedia":[{"embeddable":true,"href":"https:\/\/www.diarioimagen.net\/index.php?rest_route=\/wp\/v2\/media\/433347"}],"wp:attachment":[{"href":"https:\/\/www.diarioimagen.net\/index.php?rest_route=%2Fwp%2Fv2%2Fmedia&parent=433309"}],"wp:term":[{"taxonomy":"category","embeddable":true,"href":"https:\/\/www.diarioimagen.net\/index.php?rest_route=%2Fwp%2Fv2%2Fcategories&post=433309"},{"taxonomy":"post_tag","embeddable":true,"href":"https:\/\/www.diarioimagen.net\/index.php?rest_route=%2Fwp%2Fv2%2Ftags&post=433309"}],"curies":[{"name":"wp","href":"https:\/\/api.w.org\/{rel}","templated":true}]}}