{"id":433312,"date":"2019-06-28T00:12:24","date_gmt":"2019-06-28T05:12:24","guid":{"rendered":"https:\/\/www.diarioimagen.net\/?p=433312"},"modified":"2019-06-28T07:20:57","modified_gmt":"2019-06-28T12:20:57","slug":"a-un-ano-del-triunfo-y-primeros-7-meses-de-gobierno","status":"publish","type":"post","link":"https:\/\/www.diarioimagen.net\/?p=433312","title":{"rendered":"A un a\u00f1o del triunfo y primeros 7 meses de gobierno\u00a0\u00a0"},"content":{"rendered":"<h2>Tras la puerta del poder<\/h2>\n<h5>Roberto Vizca\u00edno<\/h5>\n<p>&nbsp;<\/p>\n<div id=\"attachment_433396\" style=\"width: 470px\" class=\"wp-caption aligncenter\"><a href=\"https:\/\/www.diarioimagen.net\/?attachment_id=433396\" rel=\"attachment wp-att-433396\"><img loading=\"lazy\" decoding=\"async\" aria-describedby=\"caption-attachment-433396\" class=\"size-large wp-image-433396\" src=\"https:\/\/www.diarioimagen.net\/wp-content\/uploads\/2019\/06\/grandes-ideas-LUIS-XAVIER-460x350.jpg\" alt=\"\" width=\"460\" height=\"350\" srcset=\"https:\/\/www.diarioimagen.net\/wp-content\/uploads\/2019\/06\/grandes-ideas-LUIS-XAVIER-460x350.jpg 460w, https:\/\/www.diarioimagen.net\/wp-content\/uploads\/2019\/06\/grandes-ideas-LUIS-XAVIER-240x183.jpg 240w, https:\/\/www.diarioimagen.net\/wp-content\/uploads\/2019\/06\/grandes-ideas-LUIS-XAVIER-768x584.jpg 768w, https:\/\/www.diarioimagen.net\/wp-content\/uploads\/2019\/06\/grandes-ideas-LUIS-XAVIER.jpg 1200w\" sizes=\"auto, (max-width: 460px) 100vw, 460px\" \/><\/a><p id=\"caption-attachment-433396\" class=\"wp-caption-text\">\u00a1\u00bfGrande$ idea$?! | Luis Xavier<\/p><\/div>\n<p>&nbsp;<\/p>\n<p>El presidente <strong>Andr\u00e9s Manuel L\u00f3pez Obrador <\/strong>no requiere ser analizado ni evaluado. Desde que gan\u00f3 hace ya un a\u00f1o, los mexicanos lo hemos observado todos los d\u00edas y sabemos qu\u00e9 ha hecho y dicho en este tiempo.<\/p>\n<p>No requerimos de fechas y aniversarios para fijar nuestra posici\u00f3n sobre su persona y gesti\u00f3n.<\/p>\n<p>No, la verdad es que no requerimos ya nada de eso para entender que hoy M\u00e9xico est\u00e1 dividido y confrontado respecto de su gesti\u00f3n y perspectivas.<\/p>\n<p>Y eso se confirmar\u00e1 el domingo y lunes pr\u00f3ximos con la marcha ciudadana que se realizar\u00e1 en su contra, y con el evento del lunes en el Z\u00f3calo con el que AMLO buscar\u00e1 mostrarle a M\u00e9xico y al mundo que su gobierno no va al fracaso.<\/p>\n<p>El contrapunto, pues. La ruptura de un pa\u00eds.<\/p>\n<p>No vale la pena adelantar nada. Unos y otros simplemente profundizar\u00e1n sus posiciones, sus discrepancias, sus visiones, percepciones, datos. Unos dir\u00e1n que todo hoy es p\u00e9simo y va a peor&#8230; mientras los otros acudir\u00e1n al bailongo en el Z\u00f3calo donde L\u00f3pez Obrador abrir\u00e1 la fiesta con Margarita la Diosa de la Cumbia para luego seguir con mariachis y otros muchos grupos.<\/p>\n<p>Dos visiones de una misma gesti\u00f3n en un solo pa\u00eds.<\/p>\n<p style=\"text-align: center;\"><strong>Hay plan <\/strong><\/p>\n<p>Con 305 votos a favor, 139 en contra y 3 abstenciones la C\u00e1mara de Diputados declar\u00f3 ayer aprobado el Plan Nacional de Desarrollo 2019-2024.<\/p>\n<p>La declaratoria de validez del PND la hizo <strong>Porfirio Mu\u00f1oz Ledo,<\/strong> presidente de la C\u00e1mara de Diputados quien ayer mismo remiti\u00f3 el documento al presidente <strong>Andr\u00e9s Manuel L\u00f3pez Obrador.<\/strong><\/p>\n<p>Luego de un largo debate <strong>Mu\u00f1oz Ledo<\/strong> consider\u00f3 que el PND contiene los fines requeridos por Constituci\u00f3n en su art\u00edculo 74, fracci\u00f3n s\u00e9ptima.<\/p>\n<p>Por ello instruy\u00f3 darle formato de decreto y publicarlo en el Diario Oficial de la Federaci\u00f3n.<\/p>\n<p>El presidente de los diputados indic\u00f3 que con este PLAN, el gobierno de<strong> L\u00f3pez Obrador <\/strong>impulsar\u00e1 la austeridad republicana, la honradez y honestidad, as\u00ed como la erradicaci\u00f3n de la corrupci\u00f3n e impunidad.<\/p>\n<p>\u00abTambi\u00e9n establece la Construcci\u00f3n de un Estado de bienestar, el cambio de paradigma del modelo de seguridad que garantice paz y tranquilidad, la recuperaci\u00f3n del estado de Derecho y una nueva m\u00edstica de los servidores p\u00fablicos\u00bb, subray\u00f3.<\/p>\n<p><strong>Mu\u00f1oz Ledo<\/strong> agreg\u00f3 que el PND profundiza los cambios en las pol\u00edticas y en la conducci\u00f3n del gobierno; adem\u00e1s, reorienta la estructura y el funcionamiento del aparato gubernamental.<\/p>\n<p><strong>Mario Delgado Carrillo<\/strong>, coordinador de la bancada de Morena y presidente de la Junta de Coordinaci\u00f3n Pol\u00edtica en San L\u00e1zaro afirm\u00f3 que este Plan buscar\u00e1 cerrarle el paso al neoliberalismo en M\u00e9xico.<\/p>\n<p>\u00abNo se trata de hacer lo mismo, sino hacer cosas diferentes. Lo que el Presidente de la Rep\u00fablica plantea es una redefinici\u00f3n de cu\u00e1l es el papel del Estado y del gobierno en la econom\u00eda\u00bb.<\/p>\n<p>Consider\u00f3 que el pasado primero de julio \u00abnos dio la posibilidad de construir una verdadera propuesta de cambio. En este documento se plantea como premisa que la modernidad puede ser forjada desde abajo, que puede ser inclusiva\u00bb.<\/p>\n<p>\u00abCon la ratificaci\u00f3n de este documento, la C\u00e1mara de Diputados da cuenta de la plena vigencia del principio de divisi\u00f3n de poderes y de la colaboraci\u00f3n entre los mismos, as\u00ed como de su capacidad para dialogar y escuchar a la pluralidad para fijar una ruta del modelo de desarrollo para el pa\u00eds.<\/p>\n<p style=\"text-align: center;\"><strong>Otros temas<\/strong><\/p>\n<p>Durante el arranque del periodo extraordinario, el pleno de los Diputados conoci\u00f3 un oficio de la Mesa Directiva sobre la ampliaci\u00f3n de asuntos que se tramitar\u00e1n en este extraordinario dentro del Segundo Receso del Primer A\u00f1o de Ejercicio de la LXIV Legislatura.<\/p>\n<p>El oficio se\u00f1ala que a partir de ayer se buscar\u00e1 aprobar las reformas a la Ley Org\u00e1nica del Banco del Ahorro Nacional y Servicios Financieros; el proyecto que expide la Ley de Fomento a la Confianza Ciudadana; la Ley en materia de Extinci\u00f3n de Dominio; las reformas a los art\u00edculos 157, 158 y 160, y deroga el art\u00edculo 159 de la Ley Federal del Derecho de Autor.<\/p>\n<p>En este paquete se encuentran adem\u00e1s el nombramiento del titular del \u00d3rgano Interno de Control de la Comisi\u00f3n Federal de Competencia Econ\u00f3mica; la reforma al art\u00edculo 2 de la Constituci\u00f3n Pol\u00edtica, en materia de pueblos y comunidades afro-mexicanas; el decreto para inscribir en letras de oro en el Muro de Honor de la C\u00e1mara de Diputados una leyenda alusiva al Exilio Republicano Espa\u00f1ol, y Sesi\u00f3n Solemne en conmemoraci\u00f3n del Exilio Republicano Espa\u00f1ol.<\/p>\n<p style=\"text-align: center;\"><strong>\u00bfLa CNDH con el tiempo contado?<\/strong><\/p>\n<p>El viernes 21 de este mes la secretaria del Bienestar del gobierno de <strong>Andr\u00e9s Manuel L\u00f3pez Obrador, Mar\u00eda Luisa Albores<\/strong> no s\u00f3lo rechaz\u00f3 una recomendaci\u00f3n de la Comisi\u00f3n Nacional de los Derechos Humanos sobre su actuaci\u00f3n en el s\u00fabito e inesperado recorte presupuestal y cierre de unas 9 mil estancias infantiles en el pa\u00eds, sino que acus\u00f3 a la CNDH de encubrir cr\u00edmenes y mantener la impunidad durante el \u00abperiodo autoritario neoliberal\u00bb.<\/p>\n<p>Las cejas se levantaron masivamente en los sectores e instituciones relacionadas con la defensa de los derechos humanos en M\u00e9xico y el resto del mundo.<\/p>\n<p>El rechazo lo hizo la secretaria <strong>Albores <\/strong>con un apunte: es una \u00ababerraci\u00f3n inaceptable\u00bb que la CNDH emita una recomendaci\u00f3n que cuestione la decisi\u00f3n del gobierno de <strong>Andr\u00e9s Manuel L\u00f3pez Obrador<\/strong> de sustituir los subsidios a las estancias infantiles por un apoyo directo a los padres de familia.<\/p>\n<p>Los d\u00edas siguientes la funcionaria y su equipo continuaron con sus denostaciones a la CNDH al indicar que \u00abdetr\u00e1s de esta recomendaci\u00f3n se encuentran \u00abmotivaciones pol\u00edticas\u00bb promovidas por \u00abparticulares, la mayor\u00eda militantes o simpatizantes del Partido Acci\u00f3n Nacional\u00bb.<\/p>\n<p>En su recomendaci\u00f3n 29\/2019, de 241 cuartillas emitida el 10 de junio, la CNDH estim\u00f3 que el cambio en el programa de estancias infantiles \u00abconstituye una medida regresiva\u00bb en materia de derechos humanos, pues m\u00e1s all\u00e1 del cambio de nombre y de reglas de operaci\u00f3n, afirm\u00f3, el programa sufri\u00f3 un recorte presupuestal de 50.16% en comparaci\u00f3n con 2018.<\/p>\n<p>Vale decir que hasta hoy el presidente Andr\u00e9s Manuel L\u00f3pez Obrador no ha desaprobado la actuaci\u00f3n de su colaboradora y hay que recordar que \u00e9l mismo, el 3 de este mismo mes de junio, rechaz\u00f3 acudir a la presentaci\u00f3n del informe de labores de la Comisi\u00f3n Nacional de Derechos Humanos algo que no hab\u00eda ocurrido con ning\u00fan otro presidente en los 29 a\u00f1os anteriores.<\/p>\n<p style=\"text-align: center;\"><strong>Que acuda al Congreso<\/strong><\/p>\n<p>En este contexto la senadora <strong>Kenia L\u00f3pez Rabad\u00e1n <\/strong>y otras legisladoras de otros partidos indicaron que la temeraria negativa de la Secretaria de Bienestar para aceptar la recomendaci\u00f3n de la Comisi\u00f3n Nacional de los Derechos Humanos (CNDH) respecto a las estancias infantiles, requiere de ser convocada a comparecer ante el Congreso.<\/p>\n<p>\u00abNuestra Carta Magna y la Ley de la Comisi\u00f3n Nacional de los Derechos Humanos son muy claras y una vez que la titular de Bienestar ha decidido no aceptar una recomendaci\u00f3n, estamos facultados para exigirle que venga, y en caso de que las causas que haga valer sigan siendo insuficientes, la CNDH presente una denuncia ante el Ministerio P\u00fablico por las afectaciones que est\u00e1 generando con su negligencia y su actuar\u00bb, subray\u00f3.<\/p>\n<p><em><a href=\"mailto:rvizcainoa@gmail.com\" target=\"_blank\" rel=\"noopener noreferrer\">rvizcainoa@gmail.com<\/a><br \/>\n<u><a href=\"http:\/\/endirecto.mx\" target=\"_blank\" rel=\"noopener noreferrer\">www.endirecto.mx<\/a><br \/>\n<a href=\"https:\/\/twitter.com\/_rvizcaino\" target=\"_blank\" rel=\"noopener noreferrer\">@_RVizcaino<\/a><br \/>\n<a href=\"https:\/\/www.facebook.com\/rvizcainoa\" target=\"_blank\" rel=\"noopener noreferrer\">facebook.com\/rvizcainoa<\/a><\/u><\/em><\/p>\n","protected":false},"excerpt":{"rendered":"<p><span style=\"color: #005497;\"><strong>Roberto Vizca\u00edno<\/strong><\/span><br \/>\n<br \/>\nEl presidente <strong>Andr\u00e9s Manuel L\u00f3pez Obrador <\/strong>no requiere ser analizado ni evaluado. Desde que gan\u00f3 hace ya un a\u00f1o, los mexicanos lo hemos observado todos los d\u00edas y sabemos qu\u00e9 ha hecho y dicho en este tiempo.<\/p>\n","protected":false},"author":3,"featured_media":433396,"comment_status":"open","ping_status":"open","sticky":false,"template":"","format":"standard","meta":{"_monsterinsights_skip_tracking":false,"_monsterinsights_sitenote_active":false,"_monsterinsights_sitenote_note":"","_monsterinsights_sitenote_category":0,"footnotes":""},"categories":[136],"tags":[43674,93,94],"class_list":["post-433312","post","type-post","status-publish","format-standard","has-post-thumbnail","hentry","category-roberto-vizcaino-opinion","tag-opinion","tag-roberto-vizcaino","tag-tras-la-puerta-del-poder"],"_links":{"self":[{"href":"https:\/\/www.diarioimagen.net\/index.php?rest_route=\/wp\/v2\/posts\/433312","targetHints":{"allow":["GET"]}}],"collection":[{"href":"https:\/\/www.diarioimagen.net\/index.php?rest_route=\/wp\/v2\/posts"}],"about":[{"href":"https:\/\/www.diarioimagen.net\/index.php?rest_route=\/wp\/v2\/types\/post"}],"author":[{"embeddable":true,"href":"https:\/\/www.diarioimagen.net\/index.php?rest_route=\/wp\/v2\/users\/3"}],"replies":[{"embeddable":true,"href":"https:\/\/www.diarioimagen.net\/index.php?rest_route=%2Fwp%2Fv2%2Fcomments&post=433312"}],"version-history":[{"count":0,"href":"https:\/\/www.diarioimagen.net\/index.php?rest_route=\/wp\/v2\/posts\/433312\/revisions"}],"wp:featuredmedia":[{"embeddable":true,"href":"https:\/\/www.diarioimagen.net\/index.php?rest_route=\/wp\/v2\/media\/433396"}],"wp:attachment":[{"href":"https:\/\/www.diarioimagen.net\/index.php?rest_route=%2Fwp%2Fv2%2Fmedia&parent=433312"}],"wp:term":[{"taxonomy":"category","embeddable":true,"href":"https:\/\/www.diarioimagen.net\/index.php?rest_route=%2Fwp%2Fv2%2Fcategories&post=433312"},{"taxonomy":"post_tag","embeddable":true,"href":"https:\/\/www.diarioimagen.net\/index.php?rest_route=%2Fwp%2Fv2%2Ftags&post=433312"}],"curies":[{"name":"wp","href":"https:\/\/api.w.org\/{rel}","templated":true}]}}