{"id":433320,"date":"2019-06-28T00:09:18","date_gmt":"2019-06-28T05:09:18","guid":{"rendered":"https:\/\/www.diarioimagen.net\/?p=433320"},"modified":"2019-06-28T05:29:27","modified_gmt":"2019-06-28T10:29:27","slug":"golpe-judicial-a-ternium-y-siemens","status":"publish","type":"post","link":"https:\/\/www.diarioimagen.net\/?p=433320","title":{"rendered":"Golpe judicial a Ternium y Siemens"},"content":{"rendered":"<h2>Poder y dinero<\/h2>\n<h5>V\u00edctor S\u00e1nchez Ba\u00f1os<\/h5>\n<p>&nbsp;<\/p>\n<p style=\"text-align: right;\"><strong><em>La vida consiste en la <\/em><em>compresi\u00f3n de la verdad<br \/>\n<\/em><\/strong><em>Le\u00f3n Tolstoi, 1828-1910; escritor ruso<\/em><\/p>\n<p>&nbsp;<\/p>\n<p>#Ternium #Siemens #InseguridadLaboral #PerdenInstanciasJudiciales #NuevoLe\u00f3n #TrabajadoraAbandonada #SufreAccidenteGrave #SCJN #AMLO #MinistrosConIniciativa #SecretoBancario #Hacienda #FGR #MinistroZaldivar #ReabrenCasoSensible #KIACrecimiento #IPADE<\/p>\n<p>&nbsp;<\/p>\n<p>&nbsp;<\/p>\n<p>El 13 de junio del 2017, Carla, una joven ingeniera de automatizaci\u00f3n con especializaciones internacionales, caminaba al interior de la empresa Ternium, en Nuevo Le\u00f3n, como parte de su trabajo.<\/p>\n<p>Las instalaciones carec\u00edan de se\u00f1alamientos y acordonamientos en zonas de peligro y riesgos a la salud y vida de los trabajadores. Sin esa informaci\u00f3n todo parecer\u00eda seguro.<\/p>\n<p>Repentinamente Carla resbal\u00f3 con peque\u00f1as pelotitas de polvo de hierro esparcidas en el piso; sus pies fueron a dar a un caj\u00f3n con part\u00edculas de ese material caliente. No ten\u00edan ning\u00fan se\u00f1alamiento de peligro. Nada, absolutamente.<\/p>\n<p>De inmediato sus botas y pantal\u00f3n se derritieron y en instantes sus pies sufrieron dolorosas quemaduras de tercer grado. Ella menciona que era un dolor indescriptible. Busc\u00f3 un lugar seguro, mientras observaba c\u00f3mo se ca\u00eda la piel de sus pies y parte de sus piernas.<\/p>\n<p>Arrastr\u00e1ndose lleg\u00f3 a un tel\u00e9fono en una oficina y llam\u00f3 al equipo de emergencias. Este no estaba preparado para estas emergencias y tard\u00f3 mucho tiempo, mientras el dolor aumentaba.\u00a0 La \u00fanica forma de sacarla de ese infierno era con una gr\u00faa, seg\u00fan el equipo de emergencia, y tuvo que esperar a\u00fan m\u00e1s tiempo.<\/p>\n<p>La empresa Siemens para la que trabajaba, ten\u00eda una alianza con Ternium, le quit\u00f3 el seguro de gastos m\u00e9dicos, la despidi\u00f3, la dej\u00f3 en estado de indefensi\u00f3n y sin recursos.\u00a0 Pas\u00f3 un a\u00f1o sin moverse, y sin la posibilidad de saber si podr\u00eda alg\u00fan d\u00eda caminar por el deterioro de sus extremidades inferiores.<\/p>\n<p>La Secretar\u00eda de Trabajo realiz\u00f3 en Ternium, unos d\u00edas despu\u00e9s, una revisi\u00f3n en materia de seguridad e higiene. Concluy\u00f3 que la empresa no contaba con las medidas de seguridad para realizar las labores que realizaba Karla y sus compa\u00f1eros de trabajo. Ambas empresas, demandas por la v\u00eda civil, niegan cualquier responsabilidad en el accidente. En un video Carla exige que ambas compa\u00f1\u00edas trasnacionales se responsabilicen por las heridas que sufri\u00f3 y por la falta de medidas de seguridad.<\/p>\n<p>No es un caso aislado. En el 2013, hubo una explosi\u00f3n en la que murieron 11 personas calcinadas.<\/p>\n<p>Al cumplirse dos a\u00f1os de ese dram\u00e1tico accidente, la Octava Sala Civil del Tribunal Superior de Justicia de la Ciudad de M\u00e9xico, dio \u201cpalo\u201d a Ternium y Siemens, al negarles que el litigio se resolviera en Nuevo Le\u00f3n. Carla tiene la opci\u00f3n de acudir al tribunal que considere conveniente a sus intereses. Siemens tiene su domicilio en la Ciudad de M\u00e9xico.<\/p>\n<p>Las empresas deben responsabilizarse con la seguridad e higiene de los trabajadores y no s\u00f3lo buscar premios de \u201cresponsabilidad social\u201d sin cumplir con los reglamentos en esa materia.\u00a0 Abandonar materiales peligrosos y sin un aviso, es un crimen que deben reparar. Necesitan Siemens y Ternium, llevar la nota rosa de la RSC a cumplir con la ley, cuando menos. Esta historia continuar\u00e1.<\/p>\n<p><strong>PODEROSOS CABALLEROS<\/strong>: Nuca hab\u00eda ocurrido. La Corte dej\u00f3 sin efecto la sentencia que emiti\u00f3 una semana antes, cuando resolvi\u00f3 que es inconstitucional que la FGR solicite informaci\u00f3n financiera y bancaria sin orden judicial a la CNBV.<\/p>\n<p>La Suprema Corte, bajo el liderazgo de Arturo Zald\u00edvar Lelo de Larrea, acept\u00f3 que el pleno reabriera un caso que ya hab\u00eda discutido y votado, en relaci\u00f3n al secreto bancario.<\/p>\n<p>La Corte ya se hab\u00eda pronunciado sobre el tema que puso en riesgo decenas de casos que investiga Hacienda sobre evasi\u00f3n y lavado de dinero, seg\u00fan establece el art\u00edculo 142, fracci\u00f3n I de la Ley de Instituciones de Cr\u00e9dito que permite que la FGR solicite informaci\u00f3n financiera y bancaria sin una orden judicial.<\/p>\n<p>Tiempos nuevos en todas las materias. Ya hay mal pensados que dicen que fue l\u00ednea desde la mism\u00edsima oficina de Andr\u00e9s Manuel L\u00f3pez Obrador. Yo no lo creo. Debe ser desde el despacho de Sald\u00edvar.\u00a0 *** M. J. Park y Daniel Samperio Balmori, director y gerente de Relaciones Institucionales de KIA Motors M\u00e9xico, multiplicar\u00e1 sus inversiones y concesionarias en nuestro pa\u00eds. KIA, que produce alrededor de tres millones de veh\u00edculos al a\u00f1o, instalar\u00e1 64 de sus agencias para tener a finales de a\u00f1o 85.<\/p>\n<p><strong>RESPONSABILIDAD SOCIAL CORPORATIVA<\/strong>: El IPADE Business School, que dirige Rafael G\u00f3mez Nava, junto con IESE (Espa\u00f1a), llev\u00f3 a cabo el 5to Encuentro del Sector de Alimentos y Bebidas.<\/p>\n<p>Durante los tres primeros meses del a\u00f1o las exportaciones agropecuarias y agroindustriales generaron 9 mil 348 millones de d\u00f3lares. M\u00e9xico es el tercer productor de la industria de alimentos procesados en Am\u00e9rica y el segundo proveedor de alimentos procesados de Estados Unidos, por lo que uno de los temas abordados fueron los posibles acuerdos con el vecino del norte, los cuales ser\u00e1n clave en el destino del sector.\u00a0 Al evento asistieron directivos como Fausto Costa, presidente Nestl\u00e9 M\u00e9xico; Bosco de la Vega, l\u00edder del CNA; Manuel Molano, director del IMCO; Erika Quevedo, directora de MOVISA; entre otros.<\/p>\n<p><a href=\"http:\/\/poderydinero.mx\" target=\"_blank\" rel=\"noopener noreferrer\"><em>poderydinero.mx<\/em><\/a><em><b><br \/>\n<\/b><a href=\"mailto:vsanchezb@gmail.com\" target=\"_blank\" rel=\"noopener noreferrer\">vsanchezb@gmail.com<br \/>\n<\/a><strong>Twitter:<\/strong><a href=\"https:\/\/twitter.com\/vsanchezbanos\" target=\"_blank\" rel=\"noopener noreferrer\">@vsanchezbano<br \/>\n<\/a><strong>Facebook:\u00a0<\/strong><a href=\"https:\/\/www.facebook.com\/vsanchezbanos?fref=ts\" target=\"_blank\" rel=\"noopener noreferrer\">vsanchezbano<\/a><\/em><\/p>\n","protected":false},"excerpt":{"rendered":"<p><span style=\"color: #005497;\"><strong>V\u00edctor S\u00e1nchez Ba\u00f1os<\/strong><\/span><\/p>\n","protected":false},"author":3,"featured_media":0,"comment_status":"open","ping_status":"open","sticky":false,"template":"","format":"standard","meta":{"_monsterinsights_skip_tracking":false,"_monsterinsights_sitenote_active":false,"_monsterinsights_sitenote_note":"","_monsterinsights_sitenote_category":0,"footnotes":""},"categories":[38844],"tags":[43674,38847,38848],"class_list":["post-433320","post","type-post","status-publish","format-standard","hentry","category-victor-sanchez-banos","tag-opinion","tag-poder-y-dinero","tag-victor-sanchez-banos"],"_links":{"self":[{"href":"https:\/\/www.diarioimagen.net\/index.php?rest_route=\/wp\/v2\/posts\/433320","targetHints":{"allow":["GET"]}}],"collection":[{"href":"https:\/\/www.diarioimagen.net\/index.php?rest_route=\/wp\/v2\/posts"}],"about":[{"href":"https:\/\/www.diarioimagen.net\/index.php?rest_route=\/wp\/v2\/types\/post"}],"author":[{"embeddable":true,"href":"https:\/\/www.diarioimagen.net\/index.php?rest_route=\/wp\/v2\/users\/3"}],"replies":[{"embeddable":true,"href":"https:\/\/www.diarioimagen.net\/index.php?rest_route=%2Fwp%2Fv2%2Fcomments&post=433320"}],"version-history":[{"count":0,"href":"https:\/\/www.diarioimagen.net\/index.php?rest_route=\/wp\/v2\/posts\/433320\/revisions"}],"wp:attachment":[{"href":"https:\/\/www.diarioimagen.net\/index.php?rest_route=%2Fwp%2Fv2%2Fmedia&parent=433320"}],"wp:term":[{"taxonomy":"category","embeddable":true,"href":"https:\/\/www.diarioimagen.net\/index.php?rest_route=%2Fwp%2Fv2%2Fcategories&post=433320"},{"taxonomy":"post_tag","embeddable":true,"href":"https:\/\/www.diarioimagen.net\/index.php?rest_route=%2Fwp%2Fv2%2Ftags&post=433320"}],"curies":[{"name":"wp","href":"https:\/\/api.w.org\/{rel}","templated":true}]}}