{"id":433332,"date":"2019-06-28T00:04:38","date_gmt":"2019-06-28T05:04:38","guid":{"rendered":"https:\/\/www.diarioimagen.net\/?p=433332"},"modified":"2019-06-28T05:43:52","modified_gmt":"2019-06-28T10:43:52","slug":"la-guardia-nacional-en-la-cdmx","status":"publish","type":"post","link":"https:\/\/www.diarioimagen.net\/?p=433332","title":{"rendered":"La Guardia Nacional en la CDMX"},"content":{"rendered":"<h2>Punto por punto<\/h2>\n<h5>Augusto Corro<\/h5>\n<p>&nbsp;<\/p>\n<p>Definitivo. La Guardia Nacional (GN) operar\u00e1 en las 16 alcald\u00edas capitalinas. As\u00ed lo declar\u00f3 el presidente Andr\u00e9s Manuel L\u00f3pez Obrador.<\/p>\n<p>Dijo tambi\u00e9n que la GN iniciar\u00e1 funciones de manera formal este domingo con 70 mil elementos, que llegar\u00e1n a 140 mil.<\/p>\n<p>La GN, como se sabe, es una instituci\u00f3n armada de naturaleza civil que fungir\u00e1 como polic\u00eda nacional y realizar\u00e1 funciones de seguridad p\u00fablica a cargo de la Federaci\u00f3n.\u00a0 Es necesaria la presencia de ese cuerpo policiaco en la Ciudad de M\u00e9xico porque la delincuencia rebas\u00f3 a las autoridades.<\/p>\n<p>La inseguridad es ya un grave problema para los capitalinos. El mandatario L\u00f3pez Obrador, en la conferencia ma\u00f1anera, manifest\u00f3 que es notorio que est\u00e1 creciendo la delincuencia en la Ciudad de M\u00e9xico, \u201csobre todo los homicidios\u201d, que en un periodo de diez a\u00f1os pasaron de dos a\u00a0 seis diarios y se intensificaron el a\u00f1o pasado.<\/p>\n<p>Es positivo que el presidente L\u00f3pez Obrador reconozca que los capitalinos enfrentan problemas de violencia e inseguridad, porque se tendr\u00e1 que realizar un esfuerzo tit\u00e1nico para abatir a la delincuencia; y la poblaci\u00f3n recupere su tranquilidad arrebatada por los criminales.<\/p>\n<p>\u00bfSer\u00e1 suficiente la participaci\u00f3n de la GN para enfrentar a la delincuencia y erradicarla? Supongo que no, porque de nada sirve, por ejemplo, que la polic\u00eda capture a los malhechores los ponga a disposici\u00f3n de las autoridades y estas, tras tr\u00e1mites legales ligeros, ni siquiera haga el intento de castigarlos.<\/p>\n<p>Es lo que la mayor\u00eda de la gente califica como la justicia de la \u201cpuerta giratoria\u201d, pues por un lado llega ante la autoridad y momentos despu\u00e9s abandona el lugar sin problema alguno.<\/p>\n<p>Se necesita, pues, que diputados y senadores ayuden al poder judicial en la lucha contra la delincuencia.\u00a0 \u00bfC\u00f3mo? Con reformas al C\u00f3digo Penal que impliquen la aplicaci\u00f3n de leyes m\u00e1s severas, porque las vigentes son laxas poco falta que se les ofrezcan disculpas a los responsables de alg\u00fan delito.<\/p>\n<p>En fin, la GN patrullar\u00e1 las calles de la Ciudad de M\u00e9xico, no solo las zonas lim\u00edtrofes. Vamos a esperar resultados.\u00a0 M\u00e1s vigilancia en la Ciudad de M\u00e9xico, pero tambi\u00e9n leyes m\u00e1s severas no solo contra los asesinos, sino que alcancen, tambi\u00e9n, a los asaltantes, extorsionadores, secuestradores, etc.<\/p>\n<p>Ya vemos que un C\u00f3digo Penal suave, laxo, poco ayuda en la lucha contra la delincuencia desatada que \u201cest\u00e1 creciendo\u201d.<\/p>\n<p><strong>Fox, el adalid frustrado <\/strong><\/p>\n<p>A golpe de tuitazos el ex mandatario de M\u00e9xico, Vicente Fox, decidi\u00f3 enfrentar al presidente Andr\u00e9s Manuel L\u00f3pez Obrador. Animado por su oposici\u00f3n y sin nada que lo obstaculice, hace varios d\u00edas lanz\u00f3 una convocatoria para participar en una marcha de protesta contra las pol\u00edticas de actual gobierno.<\/p>\n<p>La cita es a las 11:00 horas en el Monumento a la Revoluci\u00f3n. Ser\u00e1 muy interesante conocer cu\u00e1l es la fuerza real de uno de los presidentes m\u00e1s controvertidos de M\u00e9xico y qu\u00e9 tanta memoria tienen los mexicanos para recordar el p\u00e9simo gobierno del entonces panista.<\/p>\n<p>Como se sabe, el guanajuatense lleg\u00f3 al poder luego de un triunfo arrollador que destron\u00f3 al Partido Revolucionario Institucional (PRI) que ten\u00eda varias d\u00e9cadas de disfrutar la Presidencia de la Rep\u00fablica.\u00a0 La poblaci\u00f3n, cansada del PRI y sus gobiernos, demandaba cambios,\u00a0 echar al tricolor de Los Pinos, por ejemplo, y Fox prometi\u00f3 hacerlos; pero minti\u00f3; no los llev\u00f3 a cabo. Su sexenio se distingui\u00f3 por la frivolidad en el manejo de las riendas del poder<\/p>\n<p>Siempre se dijo que Marta Sahag\u00fan, la esposa del panista, era quien gobernaba.<\/p>\n<p>Enemigo ac\u00e9rrimo de presidente L\u00f3pez Obrador no escatim\u00f3 esfuerzos para obstaculizar su carrera. El colmo de su desfachatez se present\u00f3 en las elecciones que Felipe Calder\u00f3n gan\u00f3 con el apoyo descarado y c\u00ednico de Fox.<\/p>\n<p>En el presente, est\u00e1 en el aire una petici\u00f3n de la gente que pretende el juicio a los ex presidentes de M\u00e9xico por el da\u00f1o que le hicieron a la naci\u00f3n al saquearla escandalosamente.<\/p>\n<p>Lo \u00fanico que se hizo en este gobierno fue quitarles la pensi\u00f3n y limitarles el n\u00famero de guardias. Protegidos por decenas de soldados del Estado Mayor Presidencial, ahora \u00fanicamente contar\u00e1n con 12 soldados Calder\u00f3n y 5 Fox.<\/p>\n<p>Ambos ex mandatarios decidieron atacar a cuanta idea o proyecto propone el presidente L\u00f3pez Obrador. Es autom\u00e1tica la respuesta cr\u00edtica que enarbolan los opositores.\u00a0 En la redacci\u00f3n de los tuits, Fox adem\u00e1s de su inconformidad refleja su ignorancia, pues no tiene idea del uso de los signos gramaticales. Alguien deber\u00eda ayudar a superar el casi analfabetismo que presume, sin empacho alguno.<\/p>\n<p>El ex presidente Fox convoc\u00f3, pues, a protestar el pr\u00f3ximo domingo, un d\u00eda antes de cumplirse un a\u00f1o del triunfo del presidente L\u00f3pez Obrador, en las urnas.<\/p>\n<p>Como se\u00f1alamos arriba, se ver\u00e1 cual es el poder de convocatoria del guanajuatense, porque el mandatario tabasque\u00f1o tambi\u00e9n invit\u00f3 a una reuni\u00f3n en el Z\u00f3calo capitalino el pr\u00f3ximo lunes.<\/p>\n<p>El pasado 5 de mayo, Fox convoc\u00f3 a una marcha tambi\u00e9n de protesta contra el mandatario L\u00f3pez Obrador. No tuvo la respuesta que esperaba. Por su parte el expresidente Calder\u00f3n, otro cartucho quemado, aprovech\u00f3 el viaje para apoyar a su benefactor y de pasada conseguir militantes para su nuevo partido M\u00e9xico Libre.<\/p>\n<p style=\"text-align: right;\"><em><strong>Feliz fin de semana.<\/strong><\/em><\/p>\n<p><em><u><a href=\"mailto:aco2742@hotmail.com\" target=\"_blank\" rel=\"noopener noreferrer\">aco2742@hotmail.com<\/a><\/u><\/em><\/p>\n","protected":false},"excerpt":{"rendered":"<p><span style=\"color: #005497;\"><strong>Augusto Corro<\/strong><\/span><\/p>\n","protected":false},"author":3,"featured_media":0,"comment_status":"open","ping_status":"open","sticky":false,"template":"","format":"standard","meta":{"_monsterinsights_skip_tracking":false,"_monsterinsights_sitenote_active":false,"_monsterinsights_sitenote_note":"","_monsterinsights_sitenote_category":0,"footnotes":""},"categories":[157],"tags":[43686,43674,11515],"class_list":["post-433332","post","type-post","status-publish","format-standard","hentry","category-augusto-corro","tag-augusto-corro","tag-opinion","tag-punto-por-punto"],"_links":{"self":[{"href":"https:\/\/www.diarioimagen.net\/index.php?rest_route=\/wp\/v2\/posts\/433332","targetHints":{"allow":["GET"]}}],"collection":[{"href":"https:\/\/www.diarioimagen.net\/index.php?rest_route=\/wp\/v2\/posts"}],"about":[{"href":"https:\/\/www.diarioimagen.net\/index.php?rest_route=\/wp\/v2\/types\/post"}],"author":[{"embeddable":true,"href":"https:\/\/www.diarioimagen.net\/index.php?rest_route=\/wp\/v2\/users\/3"}],"replies":[{"embeddable":true,"href":"https:\/\/www.diarioimagen.net\/index.php?rest_route=%2Fwp%2Fv2%2Fcomments&post=433332"}],"version-history":[{"count":0,"href":"https:\/\/www.diarioimagen.net\/index.php?rest_route=\/wp\/v2\/posts\/433332\/revisions"}],"wp:attachment":[{"href":"https:\/\/www.diarioimagen.net\/index.php?rest_route=%2Fwp%2Fv2%2Fmedia&parent=433332"}],"wp:term":[{"taxonomy":"category","embeddable":true,"href":"https:\/\/www.diarioimagen.net\/index.php?rest_route=%2Fwp%2Fv2%2Fcategories&post=433332"},{"taxonomy":"post_tag","embeddable":true,"href":"https:\/\/www.diarioimagen.net\/index.php?rest_route=%2Fwp%2Fv2%2Ftags&post=433332"}],"curies":[{"name":"wp","href":"https:\/\/api.w.org\/{rel}","templated":true}]}}