{"id":433334,"date":"2019-06-28T00:02:09","date_gmt":"2019-06-28T05:02:09","guid":{"rendered":"https:\/\/www.diarioimagen.net\/?p=433334"},"modified":"2019-06-28T05:45:58","modified_gmt":"2019-06-28T10:45:58","slug":"a-horas-de-amlofest-gabinete-le-falla-al-presidente","status":"publish","type":"post","link":"https:\/\/www.diarioimagen.net\/?p=433334","title":{"rendered":"A horas de \u201cAMLOfest\u201d, gabinete le falla al Presidente"},"content":{"rendered":"<h2>La Retaguardia<\/h2>\n<h5>Adriana Moreno Cordero<\/h5>\n<p><em>\u00a0<\/em><\/p>\n<ul>\n<li><strong><em>Varios, en el \u201cojo del hurac\u00e1n\u201d<\/em><\/strong><\/li>\n<li><strong><em>\u00bfGardu\u00f1o y Albores, en el \u00faltimo tramo de sus gestiones?<\/em><\/strong><\/li>\n<\/ul>\n<p>&nbsp;<\/p>\n<p>&nbsp;<\/p>\n<p>A unas horas del llamado \u201cAMLOFest\u201d que el presidente <strong>Andr\u00e9s Manuel L\u00f3pez Obrador<\/strong> encabezar\u00e1 en la explanada del Z\u00f3calo capitalino, deber\u00eda de estar consciente que su gabinete le ha fallado, pues llega a ese primer aniversario cuando varios de ellos se encuentran en el \u201cojo del hurac\u00e1n\u201d y todo porque les ha dado por asumir las mismas actitudes revanchistas que desde el inicio de su administraci\u00f3n ha protagonizado el tabasque\u00f1o<\/p>\n<p>Tan solo en las fechas m\u00e1s recientes, se pudo constatar que el cambio que hiciera el jefe del Ejecutivo en el Instituto Nacional de Migraci\u00f3n, le ha servido para dos cosas; por eso hizo muy bien el ex titular del INM, <strong>Tonatiuh Bravo<\/strong>, -un especialista en el tema-, en \u201cpintar su rayita\u201d, porque desde que lleg\u00f3 <strong>Francisco Gardu\u00f1o<\/strong>, todo se le ha ido a este pseudofuncionario en ir de error en error.<\/p>\n<p>Primero, cuando llam\u00f3 \u201cfif\u00eds\u201d a los integrantes de la Polic\u00eda Federal que fueron desplazados a la frontera sur de Chiapas, porque se atrevieron a pedir condiciones dignas de vida.<\/p>\n<p>En cuanto L\u00f3pez Obrador se enter\u00f3 de este dislate, dijo en una de sus acostumbradas conferencias de prensa ma\u00f1aneras, donde tuvo afuera una protesta de familiares de los polic\u00edas federales exigiendo una disculpa por parte de Gardu\u00f1o, que el a\u00fan director de dicho Instituto no tendr\u00eda problema alguno en ofrecerla.<\/p>\n<p>Entonces, muy a rega\u00f1adientes y molesto, v\u00eda \u201ctwitter\u201d, a Gardu\u00f1o Y\u00e9pez no le qued\u00f3 m\u00e1s que disculparse, pero nunca se atrevi\u00f3 a dar la cara, por lo menos hasta la fecha.<\/p>\n<p>Por si lo anterior resultara insuficiente, se supone que ayer, el titular del INM deb\u00eda presentarse a comparecer ante Comisiones del Senado de la Rep\u00fablica para intentar explicar su actuaci\u00f3n en el tema migratorio y, \u00a1oh, sorpresa!, quince minutos antes de celebrarse dicho encuentro, un propio cancel\u00f3 la asistencia de este funcionario, con\u00a0 el pretexto de que hab\u00eda recibido \u201cuna llamada de emergencia\u201d, \u00bfde parte de qui\u00e9n?, eso s\u00ed, qui\u00e9n sabe.<\/p>\n<p>No fueron pocos los legisladores que recordaron aquella ocasi\u00f3n en la que la flamante secretaria de Energ\u00eda, <strong>Roc\u00edo Nahle<\/strong> y el no menos lustroso director de Pemex, <strong>Octavio Romero Oropeza<\/strong>, ten\u00edan que presentarse ante legisladores en la C\u00e1mara alta y tambi\u00e9n de \u00faltima hora, cancelaron.<\/p>\n<p>En ese entonces, como estaba la crisis del abastecimiento de gasolina, argumentaron que hab\u00edan tenido que salir a atender una contingencia.<\/p>\n<p>Ayer, no hubo mayor explicaci\u00f3n, lo que dej\u00f3 mucho que desear de un funcionario que, viniendo de la direcci\u00f3n de Reclusorios, lleg\u00f3 al Instituto Nacional de Migraci\u00f3n, con la \u201cespada desenvainada\u201d, creyendo que con esa \u201cpantalla\u201d iba a poder imponerse y lo \u00fanico que ha podido demostrar, es que es totalmente incompetente para el puesto que le asign\u00f3 el presidente, as\u00ed que podr\u00eda no faltar mucho tiempo para que sea removido del cargo en el que apenas lleva poco m\u00e1s de un mes.<\/p>\n<p>Aparte \u201cse cuece\u201d la actitud y el esc\u00e1ndalo que protagoniz\u00f3 la secretaria de Bienestar, la no menos flamante secretaria del Bienestar, <strong>Luisa Mar\u00eda Albores<\/strong>, que con una gran soberbia y desd\u00e9n, rechaz\u00f3 la recomendaci\u00f3n que le girara la Comisi\u00f3n Nacional de Derechos Humanos, cuyo titular es <strong>Ra\u00fal Gonz\u00e1lez P\u00e9rez<\/strong>, respecto a la pol\u00edtica impuesta por L\u00f3pez Obrador, de dejar sin recursos a las Estancias Infantiles, tema en el que han luchado denodadamente las senadoras panistas <strong>Josefina V\u00e1zquez Mota<\/strong> y <strong>Kenia L\u00f3pez Rabad\u00e1n<\/strong>, acompa\u00f1adas de la ex diputada panista <strong>L\u00eda Lim\u00f3n<\/strong>.<\/p>\n<p>Resulta que Albores, tambi\u00e9n asumi\u00f3 exactamente la misma actitud que su jefe y luego de culpar al pasado de todos sus males, dijo que la CNDH excedi\u00f3 sus facultades al determinar que los cambios en el programa violan derechos humanos.<\/p>\n<p>La titular de Bienestar, calific\u00f3 de casi, casi una locura; de un desacierto total una recomendaci\u00f3n que por lo dem\u00e1s, debe acatar.<\/p>\n<p>No sobra se\u00f1alar que nunca antes en la historia, se hab\u00eda visto tal actitud de un funcionario o funcionaria ante una recomendaci\u00f3n de la CNDH, as\u00ed que puede que est\u00e9 en el \u00faltimo tramo de su gesti\u00f3n al frente de la Secretar\u00eda de Bienestar. \u00bfSer\u00e1?<\/p>\n<p>Pero antes de que lo anterior ocurra, dicha funcionaria tendr\u00eda que presentarse especialmente, ante las legisladoras que quieren rescatar las Estancias Infantiles de las ocurrencias presidenciales, para que explique su actitud soberbia, que podr\u00eda llevar a la funcionaria a ser objeto de una demanda ante el Ministerio P\u00fablico, \u201cpor las afectaciones que est\u00e1 generando su negligencia y su actuar\u201d,\u00a0 en se\u00f1alar las legisladora panistas.<\/p>\n<p>Y todav\u00eda hay m\u00e1s cuestiones por las cuales el presidente L\u00f3pez Obrador no deber\u00eda estar tan optimista en el \u201cbailongo\u201d que en su honor, \u00e9l mismo organiz\u00f3 y, como si sobrara el dinero, \u00e9l mismo se pag\u00f3.<\/p>\n<p>El Plan Nacional de Desarrollo presentado por el presidente, no pas\u00f3 de ser una carta de buenas intenciones, de esas que nunca se cumplen porque no est\u00e1n sustentadas y se pueden colocar, en el caso de la actual administraci\u00f3n, un poquito m\u00e1s arriba de la Cartilla Moral que el Ejecutivo promover\u00e1 con mensajeros de las diferentes iglesias cristianas, al estilo de los Testigos de Jehov\u00e1.<\/p>\n<p>En el Legislativo, el PND fue rechazado y por parte de los empresarios, lo calificaron de un simple manifiesto pol\u00edtico que es por dem\u00e1s confuso y no tiene meta alguna. Lo dicho, que alguien le avise a L\u00f3pez Obrador que ya no est\u00e1 en campa\u00f1a, que ya es presidente; \u00bfacaso no ya hasta se mud\u00f3 a Palacio Nacional?<\/p>\n<p style=\"text-align: center;\"><strong>Municiones<\/strong><\/p>\n<p>*** Y hablando de la Cartilla Moral que usa como bandera el presidente, como es bien sabido, no asistir\u00e1 a la Cumbre del G20. Una de las razones de su ausencia es porque ha hecho evidente en m\u00e1s de una ocasi\u00f3n que le tiene verdadero terror ni m\u00e1s ni menos que al presidente <strong>Donald Trump<\/strong>, am\u00e9n de que no tiene estatura, es decir, dista mucho de ser un estadista, para codearse con l\u00edderes mundiales y Jefes de Estado.<\/p>\n<p>Para salvaguardar esa deficiencia, el tabasque\u00f1o anunci\u00f3 que hab\u00eda enviado una carta a cada uno de los asistentes a ese importante Foro. \u00a1\u00a1Uuuyyy!!, de seguro se estar\u00e1n peleando por leer la famosa carta, que no pasar\u00e1 de ser una serie de ocurrencias, buenos deseos inspirados desde el p\u00falpito de Palacio Nacional. Lo cierto es que ni caso le van a hacer a AMLO.<\/p>\n<p><a href=\"mailto:morcora@gmail.com\" target=\"_blank\" rel=\"noopener noreferrer\"><em>morcora@gmail.com<\/em><\/a><\/p>\n","protected":false},"excerpt":{"rendered":"<p><span style=\"color: #005497;\"><strong>Adriana Moreno Cordero<\/strong><\/span><\/p>\n","protected":false},"author":3,"featured_media":0,"comment_status":"open","ping_status":"open","sticky":false,"template":"","format":"standard","meta":{"_monsterinsights_skip_tracking":false,"_monsterinsights_sitenote_active":false,"_monsterinsights_sitenote_note":"","_monsterinsights_sitenote_category":0,"footnotes":""},"categories":[69370],"tags":[69369,69368,43674],"class_list":["post-433334","post","type-post","status-publish","format-standard","hentry","category-adriana-moreno-cordero","tag-adriana-moreno-cordero","tag-la-retaguardia","tag-opinion"],"_links":{"self":[{"href":"https:\/\/www.diarioimagen.net\/index.php?rest_route=\/wp\/v2\/posts\/433334","targetHints":{"allow":["GET"]}}],"collection":[{"href":"https:\/\/www.diarioimagen.net\/index.php?rest_route=\/wp\/v2\/posts"}],"about":[{"href":"https:\/\/www.diarioimagen.net\/index.php?rest_route=\/wp\/v2\/types\/post"}],"author":[{"embeddable":true,"href":"https:\/\/www.diarioimagen.net\/index.php?rest_route=\/wp\/v2\/users\/3"}],"replies":[{"embeddable":true,"href":"https:\/\/www.diarioimagen.net\/index.php?rest_route=%2Fwp%2Fv2%2Fcomments&post=433334"}],"version-history":[{"count":0,"href":"https:\/\/www.diarioimagen.net\/index.php?rest_route=\/wp\/v2\/posts\/433334\/revisions"}],"wp:attachment":[{"href":"https:\/\/www.diarioimagen.net\/index.php?rest_route=%2Fwp%2Fv2%2Fmedia&parent=433334"}],"wp:term":[{"taxonomy":"category","embeddable":true,"href":"https:\/\/www.diarioimagen.net\/index.php?rest_route=%2Fwp%2Fv2%2Fcategories&post=433334"},{"taxonomy":"post_tag","embeddable":true,"href":"https:\/\/www.diarioimagen.net\/index.php?rest_route=%2Fwp%2Fv2%2Ftags&post=433334"}],"curies":[{"name":"wp","href":"https:\/\/api.w.org\/{rel}","templated":true}]}}