{"id":433403,"date":"2019-06-29T00:10:24","date_gmt":"2019-06-29T05:10:24","guid":{"rendered":"https:\/\/www.diarioimagen.net\/?p=433403"},"modified":"2019-07-01T00:25:05","modified_gmt":"2019-07-01T05:25:05","slug":"41-marcha-lgbttti-entre-el-amor-y-la-polemica","status":"publish","type":"post","link":"https:\/\/www.diarioimagen.net\/?p=433403","title":{"rendered":"41 Marcha LGBTTTI entre el amor y la pol\u00e9mica\u00a0"},"content":{"rendered":"<ul>\n<li><em><strong>Este s\u00e1bado 29 de junio #Orgullo41 #SerEsResistir<span class=\"Apple-converted-space\">\u00a0<\/span><\/strong><\/em><\/li>\n<li><em><strong>Se espera la participaci\u00f3n de m\u00e1s de 450 mil personas en las m\u00faltiples actividades organizadas para este fin de semana<\/strong><\/em><\/li>\n<\/ul>\n<h5><b>Arturo Arellano<span class=\"Apple-converted-space\">\u00a0<\/span><\/b><\/h5>\n<p>&nbsp;<\/p>\n<p><a href=\"https:\/\/www.diarioimagen.net\/?attachment_id=433404\" rel=\"attachment wp-att-433404\"><img loading=\"lazy\" decoding=\"async\" class=\"aligncenter size-large wp-image-433404\" src=\"https:\/\/www.diarioimagen.net\/wp-content\/uploads\/2019\/06\/marcha-460x259.jpg\" alt=\"\" width=\"460\" height=\"259\" srcset=\"https:\/\/www.diarioimagen.net\/wp-content\/uploads\/2019\/06\/marcha-460x259.jpg 460w, https:\/\/www.diarioimagen.net\/wp-content\/uploads\/2019\/06\/marcha-240x135.jpg 240w, https:\/\/www.diarioimagen.net\/wp-content\/uploads\/2019\/06\/marcha-235x132.jpg 235w, https:\/\/www.diarioimagen.net\/wp-content\/uploads\/2019\/06\/marcha-202x114.jpg 202w, https:\/\/www.diarioimagen.net\/wp-content\/uploads\/2019\/06\/marcha-350x196.jpg 350w, https:\/\/www.diarioimagen.net\/wp-content\/uploads\/2019\/06\/marcha-220x123.jpg 220w, https:\/\/www.diarioimagen.net\/wp-content\/uploads\/2019\/06\/marcha-237x132.jpg 237w, https:\/\/www.diarioimagen.net\/wp-content\/uploads\/2019\/06\/marcha.jpg 480w\" sizes=\"auto, (max-width: 460px) 100vw, 460px\" \/><\/a><\/p>\n<p>&nbsp;<\/p>\n<p>Bajo el lema \u201cSer es resistir\u201d se llevar\u00e1 a cabo la edici\u00f3n n\u00famero 41 de la Marcha por los derechos de la comunidad LGBTTTI en la Ciudad de M\u00e9xico este 29 de junio, cuando se espera la participaci\u00f3n de m\u00e1s de 450 mil personas para las diferentes actividades organizadas, arrancando en punto de las 12:00 horas a los pies del \u00c1ngel de la Independencia de donde se dirigir\u00e1n, sobre Paseo de la Reforma hasta Avenida Ju\u00e1rez, para llegar finalmente a el Z\u00f3calo Capitalino, donde se celebrar\u00e1 un concierto a partir de las 14:00 horas y hasta las 20:00 horas.<span class=\"Apple-converted-space\">\u00a0<\/span><\/p>\n<p>Habr\u00eda que saber primero el origen de esta marcha que cumple m\u00e1s de cuatro d\u00e9cadas, la primera se realiz\u00f3 en 1978, luego de un sonado caso de despido laboral, el motivo: sus actitudes homosexuales. Surge as\u00ed la primera ola de la comunidad gay que sale a las calles en M\u00e9xico para exigir respeto y defender los derechos de las personas con otras preferencias. Ocho a\u00f1os antes se hab\u00edan realizado las primeras marchas del Orgullo Gay en Nueva York y Los \u00c1ngeles, recordando el caso del bar Stonewall Inn en NY, donde en una noche polic\u00edas comenzaron una cacer\u00eda en este bar que era frecuentado por homosexuales, lesbianas, bisexuales y transexuales.<\/p>\n<p>Sabiendo lo anterior y a 41 a\u00f1os de la primera marcha en la CDMX, distintas organizaciones, activistas e incluso el Gobierno Federal han tomado riendas sobre el asunto, en el caso de Andr\u00e9s Manuel L\u00f3pez Obrador, durante una de sus ma\u00f1aneras se pronunci\u00f3 por una ciudadan\u00eda libre y ondeo la bandera gay en el D\u00eda Internacional contra la Homofobia. \u201cNosotros estamos construyendo una aut\u00e9ntica democracia y el sustento principal de la trasformaci\u00f3n es garantizar las libertades a todos los mexicanos, es democracia, libertad y justicia\u201d, coment\u00f3, mientras que la presidenta del Consejo Nacional para Prevenir la Discriminaci\u00f3n, Alejandra Hass, agreg\u00f3 \u201cHoy las personas de la diversidad sexual siguen viviendo con miedo, miedo a expresar sus sentimientos y sus afectos hasta con sus familias. Miedo a ser cosas tan cotidianas como ir a la escuela, al trabajo incluso a salir a la calle, y tienen miedo porque son rechazadas en sus hogares, despedidas de sus trabajos, agredidas en las escuelas y acosadas en las calles. Peor a\u00fan, son v\u00edctimas de cr\u00edmenes motivados por el odio, solo por ser quienes son\u201d. Finalmente el presidente, L\u00f3pez Obrador, firm\u00f3 un decreto para que el 17 de mayo sea considerado D\u00eda Nacional contra la Homofobia, Bifobia y Transfobia, que busca garantizar los derechos de las personas de la diversidad sexual y eliminar la discriminaci\u00f3n.<\/p>\n<p>Esta edici\u00f3n de la Marcha en la CDMX rendir\u00e1 honor a \u201cEl baile de los 41\u201d, pues en 1901, polic\u00edas hicieron una redada a una fiesta privada y arrestaron a 41 homosexuales. El suceso fue una pol\u00e9mica medi\u00e1tica por tratarse de miembros de la aristocracia mexicana, lo anterior ser\u00e1 recordado con un <i>flashmob<\/i> organizado por m\u00e1s de 150 drags que se realizar\u00e1 a las 11:00 horas en el \u00c1ngel de la Independencia. Un flashmob es una especie de baile improvisado, una coreograf\u00eda que nacer\u00e1 de entre la multitud, buscando sorprender a los presentes, llamar la atenci\u00f3n y con suerte sumar a muchos al movimiento.<span class=\"Apple-converted-space\">\u00a0<\/span><\/p>\n<p>Como han hecho una tradici\u00f3n, se coronar\u00e1 en esta ocasi\u00f3n a dos reinas de la marcha, dos porque son colectivos diferentes los que otorgar\u00e1n estas coronas, dado que no todo el movimiento participa de esta actividad. Por un lado Galilea Montijo ser\u00e1 coronada como Reina en el Z\u00f3calo de la Ciudad de M\u00e9xico, y por otro Geraldine Baz\u00e1n obtendr\u00e1 la suya en el bar Cabaretito.<span class=\"Apple-converted-space\">\u00a0<\/span><\/p>\n<p>En lo que se refiere al concierto a celebrarse en la plancha del Z\u00f3calo de esta Ciudad, har\u00e1n presencia personajes de la talla de Mar\u00eda Le\u00f3n, Esteman, Javiera Mena, La prohibida, Man Candi, Torreblanca, Fey y Pambo, adem\u00e1s de standuperos, comediantes y otros artistas que se suman a este movimiento con su talento.<span class=\"Apple-converted-space\">\u00a0<\/span><\/p>\n<p>Cabe mencionar que este fin de semana no s\u00f3lo se realizar\u00e1 la marcha, sino diferentes actividades alrededor de \u00e9sta como el ciclo de cine en el Congreso de la Ciudad de M\u00e9xico, donde se habilitar\u00e1n salas cinematogr\u00e1ficas que exhibir\u00e1n cortometrajes sobre la historia del movimiento gay. A partir de las cinco de la tarde se exhibir\u00e1n tres proyecciones que abordan la historia del movimiento: <i>Terrorista de la masculinidad<\/i>, de Bruno Garc\u00eda; <i>No te puedes ir de tu cuerpo<\/i>, de Renata D\u00edaz Gonz\u00e1lez; y <i>Las disidentes<\/i>, de Jael Franco. La entrada ser\u00e1 gratuita.<\/p>\n<p>Por otra parte la Secretar\u00eda de Turismo de la Ciudad de M\u00e9xico inform\u00f3 que se contemplan dos recorridos abordo de unidades de Capital Bus: el Night Tour Pride, de las 21:00 horas en adelante, y el City Tour Pride, a partir de las 09:00 horas. El costo es de 50 pesos por persona a quienes porten alg\u00fan distintivo de la bandera LGBTTTI. Puede ser alguna playera, gorra, pin o brazalete. La entrada general es de 100 pesos.<\/p>\n<p style=\"text-align: center;\"><em><b>Mauricio Clark<\/b><\/em><\/p>\n<p><a href=\"https:\/\/www.diarioimagen.net\/?attachment_id=433405\" rel=\"attachment wp-att-433405\"><img loading=\"lazy\" decoding=\"async\" class=\"aligncenter size-large wp-image-433405\" src=\"https:\/\/www.diarioimagen.net\/wp-content\/uploads\/2019\/06\/andrea-460x259.jpg\" alt=\"\" width=\"460\" height=\"259\" srcset=\"https:\/\/www.diarioimagen.net\/wp-content\/uploads\/2019\/06\/andrea-460x259.jpg 460w, https:\/\/www.diarioimagen.net\/wp-content\/uploads\/2019\/06\/andrea-240x135.jpg 240w, https:\/\/www.diarioimagen.net\/wp-content\/uploads\/2019\/06\/andrea-235x132.jpg 235w, https:\/\/www.diarioimagen.net\/wp-content\/uploads\/2019\/06\/andrea-202x114.jpg 202w, https:\/\/www.diarioimagen.net\/wp-content\/uploads\/2019\/06\/andrea-350x196.jpg 350w, https:\/\/www.diarioimagen.net\/wp-content\/uploads\/2019\/06\/andrea-220x123.jpg 220w, https:\/\/www.diarioimagen.net\/wp-content\/uploads\/2019\/06\/andrea-237x132.jpg 237w, https:\/\/www.diarioimagen.net\/wp-content\/uploads\/2019\/06\/andrea.jpg 480w\" sizes=\"auto, (max-width: 460px) 100vw, 460px\" \/><\/a><\/p>\n<p>Como el usuario Antonio Ponce que cit\u00f3 \u201c\u00bfQu\u00e9 ofrece en realidad el mundo de los treinta\u00f1eros?: Crudas terribles, largas jornadas laborales, caf\u00e9, vino e ibuprofeno; deudas, viernes en casa, <i>depas<\/i> a precios imposibles; menos amigos, pero mejores; ese querido padre de familia ese es el llamado orgullo treinta\u00f1ero\u201d.<\/p>\n<p>Ojal\u00e1 todo hubiera quedado en burlas y memes, pero no fue as\u00ed pues diferentes celebridades se volvieron contra el ex conductor de televisi\u00f3n acus\u00e1ndolo de hom\u00f3fobo e ignorante, como en el caso de Andrea Legarreta que en una emisi\u00f3n de \u201cHoy\u201d al que tuvieron de invitado a Clark coment\u00f3 \u201cMauricio le est\u00e1s dando mucha vuelta a algo que t\u00fa publicaste y dijiste algo que fue desafortunadamente todo lo anterior se celebrara a\u00fan en medio de la pol\u00e9mica y el acoso de ciertos personajes y comunidades hacia los miembros LGBTTTI, como es el m\u00e1s reciente caso de Mauricio Clark que asegur\u00f3 en Twitter que el \u201cmundo gay\u201d es sin\u00f3nimo de cuartos oscuros, drogas, sexo en ba\u00f1os p\u00fablicos, entre otras actividades y pidi\u00f3 a los padres de familia cuestionarse si en realidad es digno de conmemorarse el mes del orgullo LGBTTTI, lo que desat\u00f3 la ira de los internautas que respondieron burlas y memes muy delicados y que quiz\u00e1 tiene que ver m\u00e1s con cosas que t\u00fa has vivido. Eso te lo ofreci\u00f3 a ti y es lo que t\u00fa decidiste vivir. Yo conozco una cantidad de homosexuales con vidas sumamente respetables que nunca han consumido drogas y nunca han vivido lo que t\u00fa has dicho\u201d. A lo que Mauricio respondi\u00f3 m\u00e1s tarde en redes sociales \u201cA los que atacan diciendo que ya se me fundi\u00f3 el cerebro, bajita la mano me da gusto saber que estoy aportando algo en sus vidas. Si no quieren dejar la vida gay es su rollo, pero por fa si no quieren acabar como yo\u201d.<span class=\"Apple-converted-space\">\u00a0<\/span><\/p>\n<p>Dicen que \u2018cae m\u00e1s pronto un hablador que un cojo\u2019 y seg\u00fan Mhoni Vidente, esta no ser\u00e1 la excepci\u00f3n pues a pesar de que Mauricio Clark ha hecho de todo para convencer al mundo de que ya no es gay, la vidente declar\u00f3 en \u201cHoy\u201d, que seg\u00fan sus predicciones, el ex conductor volver\u00e1 a ser gay o mejor dicho, jam\u00e1s ha dejado de serlo, solo tendr\u00e1 que aceptarlo otra vez.<\/p>\n","protected":false},"excerpt":{"rendered":"<p>Bajo el lema \u201cSer es resistir\u201d se llevar\u00e1 a cabo la edici\u00f3n n\u00famero 41 de la Marcha por los derechos de la comunidad LGBTTTI en la Ciudad de M\u00e9xico este 29 de junio, cuando se espera la participaci\u00f3n de m\u00e1s de 450 mil personas para las diferentes actividades organizadas<\/p>\n","protected":false},"author":1,"featured_media":433404,"comment_status":"open","ping_status":"open","sticky":false,"template":"","format":"standard","meta":{"_monsterinsights_skip_tracking":false,"_monsterinsights_sitenote_active":false,"_monsterinsights_sitenote_note":"","_monsterinsights_sitenote_category":0,"footnotes":""},"categories":[6],"tags":[34444,13958,51223,86425,43673],"class_list":["post-433403","post","type-post","status-publish","format-standard","has-post-thumbnail","hentry","category-cd-de-mexico","tag-cdmx","tag-ciduad-de-mexico","tag-lgbttti","tag-marcha-gay","tag-nacional"],"_links":{"self":[{"href":"https:\/\/www.diarioimagen.net\/index.php?rest_route=\/wp\/v2\/posts\/433403","targetHints":{"allow":["GET"]}}],"collection":[{"href":"https:\/\/www.diarioimagen.net\/index.php?rest_route=\/wp\/v2\/posts"}],"about":[{"href":"https:\/\/www.diarioimagen.net\/index.php?rest_route=\/wp\/v2\/types\/post"}],"author":[{"embeddable":true,"href":"https:\/\/www.diarioimagen.net\/index.php?rest_route=\/wp\/v2\/users\/1"}],"replies":[{"embeddable":true,"href":"https:\/\/www.diarioimagen.net\/index.php?rest_route=%2Fwp%2Fv2%2Fcomments&post=433403"}],"version-history":[{"count":0,"href":"https:\/\/www.diarioimagen.net\/index.php?rest_route=\/wp\/v2\/posts\/433403\/revisions"}],"wp:featuredmedia":[{"embeddable":true,"href":"https:\/\/www.diarioimagen.net\/index.php?rest_route=\/wp\/v2\/media\/433404"}],"wp:attachment":[{"href":"https:\/\/www.diarioimagen.net\/index.php?rest_route=%2Fwp%2Fv2%2Fmedia&parent=433403"}],"wp:term":[{"taxonomy":"category","embeddable":true,"href":"https:\/\/www.diarioimagen.net\/index.php?rest_route=%2Fwp%2Fv2%2Fcategories&post=433403"},{"taxonomy":"post_tag","embeddable":true,"href":"https:\/\/www.diarioimagen.net\/index.php?rest_route=%2Fwp%2Fv2%2Ftags&post=433403"}],"curies":[{"name":"wp","href":"https:\/\/api.w.org\/{rel}","templated":true}]}}