{"id":433442,"date":"2019-07-01T00:01:49","date_gmt":"2019-07-01T05:01:49","guid":{"rendered":"https:\/\/www.diarioimagen.net\/?p=433442"},"modified":"2019-07-01T07:58:37","modified_gmt":"2019-07-01T12:58:37","slug":"el-presidente-de-dos-naciones","status":"publish","type":"post","link":"https:\/\/www.diarioimagen.net\/?p=433442","title":{"rendered":"El presidente de dos naciones"},"content":{"rendered":"<h2>Con mi mano izquierda&#8230;<\/h2>\n<h5>Edgar G\u00f3mez Flores<\/h5>\n<p>&nbsp;<\/p>\n<div id=\"attachment_433443\" style=\"width: 470px\" class=\"wp-caption aligncenter\"><a href=\"https:\/\/www.diarioimagen.net\/?attachment_id=433443\" rel=\"attachment wp-att-433443\"><img loading=\"lazy\" decoding=\"async\" aria-describedby=\"caption-attachment-433443\" class=\"wp-image-433443 size-large\" src=\"https:\/\/www.diarioimagen.net\/wp-content\/uploads\/2019\/06\/edgar-1-460x259.jpg\" alt=\"\" width=\"460\" height=\"259\" srcset=\"https:\/\/www.diarioimagen.net\/wp-content\/uploads\/2019\/06\/edgar-1-460x259.jpg 460w, https:\/\/www.diarioimagen.net\/wp-content\/uploads\/2019\/06\/edgar-1-240x135.jpg 240w, https:\/\/www.diarioimagen.net\/wp-content\/uploads\/2019\/06\/edgar-1-235x132.jpg 235w, https:\/\/www.diarioimagen.net\/wp-content\/uploads\/2019\/06\/edgar-1-202x114.jpg 202w, https:\/\/www.diarioimagen.net\/wp-content\/uploads\/2019\/06\/edgar-1-350x196.jpg 350w, https:\/\/www.diarioimagen.net\/wp-content\/uploads\/2019\/06\/edgar-1-220x123.jpg 220w, https:\/\/www.diarioimagen.net\/wp-content\/uploads\/2019\/06\/edgar-1-237x132.jpg 237w, https:\/\/www.diarioimagen.net\/wp-content\/uploads\/2019\/06\/edgar-1.jpg 480w\" sizes=\"auto, (max-width: 460px) 100vw, 460px\" \/><\/a><p id=\"caption-attachment-433443\" class=\"wp-caption-text\">Los personajes que se integran a la historia mexicana tienen un sesgo relacionado con la ideolog\u00eda pol\u00edtica que pregonaron.<\/p><\/div>\n<p>&nbsp;<\/p>\n<p>Las naciones actuales (cercanas a 200), al conformarse, trataron de generar una historia semejante, una lengua o lenguas que les permitieran impulsar una hegemon\u00eda en la comunicaci\u00f3n y quiz\u00e1s algunos \u00edconos que facilitaran el lugar com\u00fan; una bandera, un himno, una batalla emblem\u00e1tica y\/o un personaje que hubiera luchado por el bien com\u00fan de, en ese entonces, un pueblo disperso. En nuestro caso, M\u00e9xico, esos personajes fueron principalmente los relacionados con la lucha de Independencia; Miguel Hidalgo, \u201cEl Padre de la Patria\u201d o Jos\u00e9 Mar\u00eda Morelos y Pav\u00f3n, \u201cel Siervo de la Naci\u00f3n\u201d. De ah\u00ed en adelante los personajes que se integran a la historia mexicana tienen un sesgo relacionado con la ideolog\u00eda pol\u00edtica que pregonaron. Por ejemplo, Don Benito Ju\u00e1rez, no tiene el mismo carisma entre los conservadores como entre los liberales mexicanos; o Don Porfirio D\u00edaz, quien es enaltecido por los empresarios, es denostado por los que enarbolan la lucha obrera y campesina.<\/p>\n<p>Ahora, este esfuerzo de unificar a un pueblo, dentro de un territorio y a trav\u00e9s de un gobierno (en la mayor\u00eda de los casos en Occidente democr\u00e1tico) buscaba facilitar la forma de gobernar. Crear una sociedad homog\u00e9nea que, con valores comunes, generara valor econ\u00f3mico en el tiempo. Sin embargo, lo que hemos visto en los \u00faltimos a\u00f1os, en la tendencia mundial de los gobiernos, es el discurso que divide, que genera pol\u00e9mica, que parte en dos (o en m\u00e1s) a las sociedades. As\u00ed, el gobierno de Catalu\u00f1a busca la separaci\u00f3n de su pueblo de Espa\u00f1a, el gobierno de Jair Bolsonaro en Brasil intenta dar un vuelco a una derecha radical, la cual oprime los derechos humanos de las minor\u00edas, a trav\u00e9s de un discurso de odio. Y, qu\u00e9 decir del presidente Trump, quien ha creado una realidad alterna para someter a algunos estadounidenses y a algunos pa\u00edses sin importar su ubicaci\u00f3n geogr\u00e1fica (China, M\u00e9xico, Canad\u00e1 o Francia).<\/p>\n<p>En el caso mexicano, los votantes y detractores del presidente L\u00f3pez Obrador identificaban en \u00e9l un antagonista, un pol\u00edtico radical. Sin embargo, la divisi\u00f3n del Presidente no se ha referido \u00fanicamente a separar a la poblaci\u00f3n en\u00a0<em>fif\u00eds<\/em>\u00a0(clases \u201cprivilegiadas\u201d) o\u00a0<em>chairos<\/em>\u00a0(simpatizantes), tambi\u00e9n en pobres que reciben subsidios sin control alguno y ricos que no pueden seguir abusando de su poder y que, aun cuando el gobierno mexicano pierda dinero no pueden mantener los contratos \u201cleoninos\u201d que fueron asignados en gobiernos anteriores. El Presidente ha dado pasos adelante en temas tan controversiales que sus propios seguidores ya cuestionan. El principal tema al que me refiero es al regionalismo. Esto, no ser\u00eda sorpresa, ya que todos los presidentes que surgen de una regi\u00f3n del pa\u00eds ponen su sello con base en su historia, su cultura y sus tradiciones. Sin embargo, en el caso de Andr\u00e9s Manuel, la extra\u00f1eza de sus opositores y de sus seguidores es que parece gobernar \u00fanicamente para la regi\u00f3n sureste, con la sorpresa que se ha integrado Guatemala, El Salvador, Honduras y Nicaragua.<\/p>\n<p>La pasada visita del presidente salvadore\u00f1o Nayib Bukele, lo hizo ver, a este mandatario centroamericano, como un gobernador de una provincia de la nueva regi\u00f3n, la cual integra al sureste mexicano y el norte de Centroam\u00e9rica. Empero, toda esta nueva geograf\u00eda, encabezada por Andr\u00e9s Manuel, es subsidiada con recursos del centro y norte de M\u00e9xico. Ya lo dijo la jefa de gobierno de la Ciudad de M\u00e9xico, la doctora Claudia Sheinbaum que se eliminar\u00e1 el pago de 400 millones de pesos de la F\u00f3rmula 1, para la construcci\u00f3n del Tren Maya. Cuando el Metro de la CDMX se cae a pedazos; desde los vagones, el servicio, hasta las escaleras el\u00e9ctricas.<\/p>\n<p>El Presidente mexicano no ha detenido su \u00edmpetu de partir el pa\u00eds en clases, en creencias religiosas y en ideolog\u00edas. Ahora parte a M\u00e9xico en regiones. Toma el modelo antiguo de\u00a0<em>Robin Hood<\/em>, al arrebatar los recursos de las regiones productivas y entreg\u00e1rselos a las desfavorecidas del sureste. Entregar\u00e1 100 millones de d\u00f3lares en proyectos productivos a Centroam\u00e9rica (30 millones de d\u00f3lares para empezar). Con esto, seguramente su popularidad en la zona centro y norte se ver\u00e1 mermada y su capacidad de negociar con empresarios, la sociedad civil y con los mismos gobiernos y congresos locales.<\/p>\n<p>El Presidente debe pensar que \u201cel que sirve a dos amos con uno queda mal\u201d y M\u00e9xico es uno de \u00e9stos. El apoyo a Centroam\u00e9rica debe coordinarse desde una estrategia global migratoria del pa\u00eds. Haber abierto las puertas de la frontera sur, ha sido una equivocaci\u00f3n que gener\u00f3 el hazmerre\u00edr del gobierno estadounidense y de todos los gobiernos del mundo que descubrieron el bajo poder de negociaci\u00f3n que tenemos y con esto, la endeble soberan\u00eda.<\/p>\n<p>Esperemos, que el ahora Presidente, voltee a ver a sus electores, a los que confiaron en \u00e9l y lo identificaron como l\u00edder de una naci\u00f3n de m\u00e1s de 200 a\u00f1os y una cultura milenaria. La solidaridad del pueblo mexicano con el centroamericano es muestra de nuestra cooperaci\u00f3n, mas no as\u00ed de nuestra entrega a una nueva regi\u00f3n. M\u00e9xico no es solamente la cultura olmeca, el Tren Maya, la refiner\u00eda de Dos Bocas, el Tren Trans\u00edstmico. M\u00e9xico se form\u00f3 por los totonacas, los mayas, los aztecas, los pur\u00e9pechas, los chichimecas y los espa\u00f1oles y debe desarrollar infraestructura carretera, portuaria, el\u00e9ctrica, educativa, etc. en todos los rincones del pa\u00eds. No nos gustar\u00eda que este \u201csui g\u00e9neris\u201d regionalismo nos imponga al beisbol como deporte nacional, la concentraci\u00f3n del 100% de la infraestructura en el sureste del pa\u00eds y en un caso extremo a Villahermosa, Tabasco, como la capital de la naci\u00f3n.<\/p>\n","protected":false},"excerpt":{"rendered":"<p><span style=\"color: #005497;\"><strong>Edgar G\u00f3mez Flores<\/strong><\/span><\/p>\n","protected":false},"author":1,"featured_media":433443,"comment_status":"open","ping_status":"open","sticky":false,"template":"","format":"standard","meta":{"_monsterinsights_skip_tracking":false,"_monsterinsights_sitenote_active":false,"_monsterinsights_sitenote_note":"","_monsterinsights_sitenote_category":0,"footnotes":""},"categories":[3819],"tags":[85911,85912,43674],"class_list":["post-433442","post","type-post","status-publish","format-standard","has-post-thumbnail","hentry","category-edgar-gomez-flores","tag-con-mi-mano-izquierda","tag-edgar-gomez-flores","tag-opinion"],"_links":{"self":[{"href":"https:\/\/www.diarioimagen.net\/index.php?rest_route=\/wp\/v2\/posts\/433442","targetHints":{"allow":["GET"]}}],"collection":[{"href":"https:\/\/www.diarioimagen.net\/index.php?rest_route=\/wp\/v2\/posts"}],"about":[{"href":"https:\/\/www.diarioimagen.net\/index.php?rest_route=\/wp\/v2\/types\/post"}],"author":[{"embeddable":true,"href":"https:\/\/www.diarioimagen.net\/index.php?rest_route=\/wp\/v2\/users\/1"}],"replies":[{"embeddable":true,"href":"https:\/\/www.diarioimagen.net\/index.php?rest_route=%2Fwp%2Fv2%2Fcomments&post=433442"}],"version-history":[{"count":0,"href":"https:\/\/www.diarioimagen.net\/index.php?rest_route=\/wp\/v2\/posts\/433442\/revisions"}],"wp:featuredmedia":[{"embeddable":true,"href":"https:\/\/www.diarioimagen.net\/index.php?rest_route=\/wp\/v2\/media\/433443"}],"wp:attachment":[{"href":"https:\/\/www.diarioimagen.net\/index.php?rest_route=%2Fwp%2Fv2%2Fmedia&parent=433442"}],"wp:term":[{"taxonomy":"category","embeddable":true,"href":"https:\/\/www.diarioimagen.net\/index.php?rest_route=%2Fwp%2Fv2%2Fcategories&post=433442"},{"taxonomy":"post_tag","embeddable":true,"href":"https:\/\/www.diarioimagen.net\/index.php?rest_route=%2Fwp%2Fv2%2Ftags&post=433442"}],"curies":[{"name":"wp","href":"https:\/\/api.w.org\/{rel}","templated":true}]}}