{"id":433461,"date":"2019-06-29T00:01:42","date_gmt":"2019-06-29T05:01:42","guid":{"rendered":"https:\/\/www.diarioimagen.net\/?p=433461"},"modified":"2019-06-29T10:29:13","modified_gmt":"2019-06-29T15:29:13","slug":"sergio-oseguera-presidio-networking-de-la-semana-de-ihg-en-ciudad-de-mexico-donde-se-reunieron-representantes-de-72-hoteles-de-las-diferentes-marcas","status":"publish","type":"post","link":"https:\/\/www.diarioimagen.net\/?p=433461","title":{"rendered":"Sergio Oseguera presidi\u00f3 <i>networking<\/i> de la Semana de IHG en Ciudad de M\u00e9xico donde se reunieron representantes de 72 hoteles de las diferentes marcas"},"content":{"rendered":"<h2>De cinco estrellas<\/h2>\n<h5>Victoria Gonz\u00e1lez Prado<\/h5>\n<p>&nbsp;<\/p>\n<ul>\n<li><strong><em>United Airlines se conecta a la plataforma de datos abiertos de Airbus, Skywise, tras la firma de acuerdo<\/em><\/strong><\/li>\n<li><strong><em>Juan Carlos Zuazua, CEO de Vivaaerobus, rindi\u00f3 protesta como presidente del cl\u00faster de Turismo de Nuevo Le\u00f3n<\/em><\/strong><\/li>\n<\/ul>\n<p>&nbsp;<\/p>\n<div id=\"attachment_433462\" style=\"width: 470px\" class=\"wp-caption aligncenter\"><a href=\"https:\/\/www.diarioimagen.net\/?attachment_id=433462\" rel=\"attachment wp-att-433462\"><img loading=\"lazy\" decoding=\"async\" aria-describedby=\"caption-attachment-433462\" class=\"size-large wp-image-433462\" src=\"https:\/\/www.diarioimagen.net\/wp-content\/uploads\/2019\/06\/turismo-16-460x259.jpg\" alt=\"\" width=\"460\" height=\"259\" srcset=\"https:\/\/www.diarioimagen.net\/wp-content\/uploads\/2019\/06\/turismo-16-460x259.jpg 460w, https:\/\/www.diarioimagen.net\/wp-content\/uploads\/2019\/06\/turismo-16-240x135.jpg 240w, https:\/\/www.diarioimagen.net\/wp-content\/uploads\/2019\/06\/turismo-16-235x132.jpg 235w, https:\/\/www.diarioimagen.net\/wp-content\/uploads\/2019\/06\/turismo-16-202x114.jpg 202w, https:\/\/www.diarioimagen.net\/wp-content\/uploads\/2019\/06\/turismo-16-350x196.jpg 350w, https:\/\/www.diarioimagen.net\/wp-content\/uploads\/2019\/06\/turismo-16-220x123.jpg 220w, https:\/\/www.diarioimagen.net\/wp-content\/uploads\/2019\/06\/turismo-16-237x132.jpg 237w, https:\/\/www.diarioimagen.net\/wp-content\/uploads\/2019\/06\/turismo-16.jpg 480w\" sizes=\"auto, (max-width: 460px) 100vw, 460px\" \/><\/a><p id=\"caption-attachment-433462\" class=\"wp-caption-text\">Sergio Oseguera.<\/p><\/div>\n<p>&nbsp;<\/p>\n<p>El Museo de la Memoria y Tolerancia fue el marco ideal para la celebraci\u00f3n de la Semana de IHG en Ciudad de M\u00e9xico evento que presidi\u00f3 <b>Sergio Oseguera<\/b>, director de Ventas IHG en M\u00e9xico, Latinoam\u00e9rica y El Caribe.<\/p>\n<p>Durante la reuni\u00f3n lo acompa\u00f1aron directores de Ventas de algunos de los hoteles en la regi\u00f3n M\u00e9xico, Latinoam\u00e9rica y Caribe, con la intenci\u00f3n de agradecer a clientes de las m\u00e1s importantes cuentas corporativas su lealtad y preferencia durante esta primera mitad de a\u00f1o. <span class=\"Apple-converted-space\">\u00a0<\/span><\/p>\n<p><b>Oseguera<\/b>, al hacer uso de la palabra, agradeci\u00f3 la lealtad y preferencia durante esta primera mitad de a\u00f1o a las m\u00e1s de 200 cuentas comerciales m\u00e1s importantes en la Ciudad de M\u00e9xico y refrend\u00f3 los nexos de negocio para lo que resta del 2019.<span class=\"Apple-converted-space\">\u00a0 \u00a0<\/span><\/p>\n<p>Como anfitriones participaron 72 hoteles de las diferentes marcas de IHG como son: <i>InterContinental Hotels &amp; Resorts, Crowne Plaza Hotels &amp; Resorts, Holiday Inn, Holiday Inn Express, Holiday Inn Resorts, Staybridge Suites<\/i>, y <i>Candlewood Suites,<\/i> ubicados en distintos destinos nacionales e internacionales de M\u00e9xico, Latinoam\u00e9rica y el Caribe.<\/p>\n<p><b>Sergio Oseguera<\/b>, tambi\u00e9n present\u00f3 video en el que <b>Gerardo Murray<\/b>.<span class=\"Apple-converted-space\">\u00a0 <\/span>vicepresidente Comercial, Mercadeo y Estrategia de Negocios, para M\u00e9xico, Am\u00e9rica Latina y el Caribe de IHG, dio la bienvenida a los directivos reunidos y agradeci\u00f3 su participaci\u00f3n en la reuni\u00f3n.<\/p>\n<p><b>M\u00e1s tarde, <\/b>el directivo<b>, <\/b>se refiri\u00f3<i> <\/i>a<i> Regent Hotels<\/i>, que celebra la profunda herencia de lujo. Nacida en 1970, esta colecci\u00f3n de hoteles y resorts modernos se basa en una forma de vivir extraordinaria, con legado de lujo que perdura hasta nuestros d\u00edas.<span class=\"Apple-converted-space\">\u00a0<\/span><\/p>\n<p>La marca cuenta con<i> <\/i>inmuebles en Beijing, en la ciudad portuaria de Chongqing, en Taipei, todos ellos en China. Tambi\u00e9n <i>Regent Berl\u00edn<\/i>,<b> <\/b>Alemania; Regent Porto Montenegro, en Sao Paulo, Brasil;<span class=\"Apple-converted-space\">\u00a0 <\/span><i>Regent Kuala<\/i> Lumpur, Malasia.<\/p>\n<p>Por otra parte habl\u00f3 de la adquisici\u00f3n, por 300 millones de d\u00f3lares, de la marca <i>Six Senses, <\/i>peque\u00f1a cadena de hoteles, con solo 17 establecimientos en el mundo, muy lujosos, con claro \u00e9nfasis en el cuidado de su servicio y producto al cliente, pero tambi\u00e9n destacan por su eco-sostenibilidad.<span class=\"Apple-converted-space\">\u00a0<\/span><\/p>\n<p>Como parte de la familia IHG, se espera que <i>Six Senses<\/i> llegue a 60 propiedades en los pr\u00f3ximos 10 a\u00f1os, entre ellos el primer hotel de la marca en Am\u00e9rica del Norte.<span class=\"Apple-converted-space\">\u00a0 \u00a0<\/span><\/p>\n<p>De la marca <i>Kimpton Hotels &amp; Restaurants<\/i>, hoteles boutique, <b>Oseguera<\/b> asegur\u00f3 que abrir\u00e1n en 20 nuevos destinos uno de ellos en la Ciudad de M\u00e9xico, Par\u00eds, Barcelona, Bali y Shangai, cada uno presentar\u00e1 dise\u00f1o audaz y divertido, restaurantes galardonados y sorprendentes servicios para estar seguros de que los hu\u00e9spedes tengan la mejor estancia en hotel boutique<b>.<\/b><\/p>\n<p>Dentro de las cuatro marcas de lujo m\u00e1s importantes de IHG, los hu\u00e9spedes podr\u00e1n disfrutar de casi 300 hoteles de lujo en todo el mundo. <span class=\"Apple-converted-space\">\u00a0<\/span><\/p>\n<p>Por \u00faltimo, record\u00f3 los beneficios que ofrece el programa <i>IHG Business Reward<\/i>, al se\u00f1alar \u201cse ganan tres puntos por cada d\u00f3lar gastado y cada vez que reserven estad\u00edas,\u00a0lleven a cabo reuniones o eventos\u201d.<span class=\"Apple-converted-space\">\u00a0<\/span><\/p>\n<p>Asimismo, explic\u00f3 que los puntos pueden ser cajeados por premios personales o de empresa entre los que destacan noches de regalo, vales para tiendas, descargas digitales, ascenso de categor\u00edas <i>Gold Elite, Platinum Elite<\/i> y <i>Spire Elite. <\/i><span class=\"Apple-converted-space\">\u00a0<\/span><\/p>\n<p>En la reuni\u00f3n estuvieron directivos de destinos internacionales: Guayaquil, Santo Domingo, Miami, Guatemala, Panam\u00e1, El Salvador, Sao Paulo, Buenos Aires, Cartagena.<span class=\"Apple-converted-space\">\u00a0<\/span><\/p>\n<p>Los destinos nacionales participantes: Ensenada, Hermosillo, Ciudad Obreg\u00f3n, Chihuahua,<span class=\"Apple-converted-space\">\u00a0 <\/span>Reynosa, Matamoros, Torre\u00f3n, San Luis Potos\u00ed, Celaya, Quer\u00e9taro, Puebla, Cuernavaca, Morelia, M\u00e9rida, Villahermosa, Tapachula. Metr\u00f3polis: Monterrey, Ciudad de M\u00e9xico, Guadalajara, Manzanillo, Huatulco, Playa del Carmen, Tuxpan, Acapulco, Mazatl\u00e1n.<span class=\"Apple-converted-space\">\u00a0<\/span><\/p>\n<p>Para concluir, <b>Sergio Oseguera<\/b>, se\u00f1al\u00f3 que IHG est\u00e1 por cumplir 50 a\u00f1os en M\u00e9xico y habr\u00e1 muchas sorpresas en los pr\u00f3ximos meses.<\/p>\n<p>\u2730\u2730\u2730\u2730\u2730 <i>United Airlines<\/i> es la \u00faltima aerol\u00ednea de Estados Unidos en conectarse a la plataforma de datos abiertos de <i>Airbus<\/i>, <i>Skywise,<\/i> tras el acuerdo firmado entre la aerol\u00ednea y el fabricante europeo. As\u00ed, aprovechar\u00e1 la plataforma para mejorar todos los aspectos de sus operaciones de mantenimiento e ingenier\u00eda en su flota <i>Airbus.<\/i><\/p>\n<p>Con herramientas flexibles y visuales, <i>Skywise<\/i> permite a las aerol\u00edneas almacenar, acceder, administrar y analizar datos de manera eficiente y comparar con las tendencias de otros usuarios de aerol\u00edneas. <i>Skywise <\/i>proporciona la tecnolog\u00eda en un solo lugar, incluidos paquetes de almacenamiento de datos, visualizaci\u00f3n, alertas e incluso aprendizaje autom\u00e1tico, lo que permitir\u00e1 a la compa\u00f1\u00eda a\u00e9rea y a otras aerol\u00edneas desarrollar y desplegar \u00e1gilmente sus propios productos.<\/p>\n<p>Lanzado en 2017, <i>Skywise<\/i> se est\u00e1 convirtiendo en la plataforma de referencia utilizada por operadores, hasta el momento m\u00e1s de 70 aerol\u00edneas de todo el mundo est\u00e1n conectadas a esa plataforma. <span class=\"Apple-converted-space\">\u00a0<\/span><\/p>\n<p>\u2730\u2730\u2730\u2730\u2730 Ayer viernes <b>Juan Carlos Zuazua<\/b>, CEO de Vivaaerobus, rindi\u00f3 protesta como presidente del cl\u00faster de Turismo de Nuevo Le\u00f3n. Durante su gesti\u00f3n buscar\u00e1, en conjunto con los actores del cl\u00faster, experiencias para visitantes<span class=\"Apple-converted-space\">\u00a0 <\/span>y fortalecer al Estado en materia tur\u00edstica.<span class=\"Apple-converted-space\">\u00a0<\/span><\/p>\n<p>Detall\u00f3 que el objetivo es que la conectividad a\u00e9rea que tiene Monterrey crezca no solo con otras ciudades de M\u00e9xico, sino con m\u00e1s destinos en Estados Unidos, Canad\u00e1, e incluso Asia y Europa en vuelos directos.<span class=\"Apple-converted-space\">\u00a0<\/span><\/p>\n<p>\u201cTenemos hoy trece destinos internacionales y para Monterrey, son pocos. El cl\u00faster de Turismo, las empresas, el gobierno, y la academia buscaremos mayor conectividad. En segunda instancia tal vez Canad\u00e1, centro y Sudam\u00e9rica. Es reto que tiene el estado de ver si el d\u00eda de ma\u00f1ana podr\u00e1 haber una aerol\u00ednea transatl\u00e1ntica a Europa, tener un vuelo directo. Ha habido intentos en el pasado y no ha funcionado, pero es algo que puede interesar al gobierno y al Aeropuerto\u201d, asegur\u00f3.<\/p>\n<p>Insisti\u00f3 en la importancia de que se regulen las <i>apps<\/i> m\u00f3viles como <i>Uber, DiDi,<\/i> sus similares y <i>Airbnb<\/i>, entre otras pues ayudar\u00e1n a posicionar la marca Nuevo Le\u00f3n a trav\u00e9s de mejorar la experiencia del visitante; es decir, ser\u00e1 m\u00e1s f\u00e1cil y c\u00f3modo pedir veh\u00edculo para trasladarse en la ciudad, y hospedarse en casas y departamentos si as\u00ed lo desean o si no hay cuartos de hotel disponibles, como suele pasar en ciertas fechas de alta demanda. No podemos negar que existe d\u00e9ficit de cuartos de hotel disponibles en la ciudad.<\/p>\n<p>Por otra parte, <b>Zuazua asegur\u00f3: <\/b>\u201ctenemos que darle al visitante lo que busca en materia de turismo y son experiencias, que en otras ciudades del pa\u00eds, ya son realidades y funcionan muy bien. Queremos regulaci\u00f3n de movilidad y hospedaje. No es posible que no se puedan usar sin temor a que haya problemas.<span class=\"Apple-converted-space\">\u00a0 \u00a0<\/span><\/p>\n<p>El directivo adem\u00e1s buscar\u00e1 fortalecer la marca destino Monterrey para que a partir de ella, se puedan derivar beneficios al resto de los municipios,<b> <\/b>fomentar\u00e1 la innovaci\u00f3n a trav\u00e9s del apoyo<b> <\/b>a emprendedores y tecnolog\u00eda 4.0 como <i>blockchain,<\/i> inteligencia artificial, <i>cloud, bigdata<\/i>, ciber seguridad, etc\u00e9tera; generar\u00e1 investigaci\u00f3n tur\u00edstica de los visitantes<b> <\/b>para<b> <\/b>adaptar la oferta a sus necesidades.<\/p>\n<p>Acudieron a la toma de protesta <b>Humberto Hern\u00e1ndez Haddad<\/b>, subsecretario de Calidad y Regulaci\u00f3n de la Secretaria de Turismo, quien consider\u00f3 a la actividad tur\u00edstica como el petr\u00f3leo verde de M\u00e9xico y al cl\u00faster de Turismo de Nuevo Le\u00f3n, aliado en el crecimiento del sector nacional.<\/p>\n<p>Tambi\u00e9n, <b>Roberto Russildi Montellano<\/b>, secretario de Econom\u00eda, Trabajo y Turismo de Nuevo Le\u00f3n y <b>Federico Clariond Domene<\/b>, presidente del Bur\u00f3 Inmobiliario Nacional y presidente saliente del cl\u00faster.<\/p>\n<p><span class=\"Apple-converted-space\"> <em><a href=\"mailto:victoriagprado@gmail.com\" target=\"_blank\" rel=\"noopener noreferrer\">victoriagprado@gmail.com<\/a><\/em><br \/>\n<em>Twitter: <a href=\"https:\/\/twitter.com\/victoriagprado\" target=\"_blank\" rel=\"noopener noreferrer\">@victoriagprado<\/a><\/em><\/span><\/p>\n","protected":false},"excerpt":{"rendered":"<p>El Museo de la Memoria y Tolerancia fue el marco ideal para la celebraci\u00f3n de la Semana de IHG en Ciudad de M\u00e9xico evento que presidi\u00f3 Sergio Oseguera, director de Ventas IHG en M\u00e9xico, Latinoam\u00e9rica y El Caribe.<\/p>\n","protected":false},"author":1,"featured_media":433462,"comment_status":"open","ping_status":"open","sticky":false,"template":"","format":"standard","meta":{"_monsterinsights_skip_tracking":false,"_monsterinsights_sitenote_active":false,"_monsterinsights_sitenote_note":"","_monsterinsights_sitenote_category":0,"footnotes":""},"categories":[11],"tags":[107,43681,106],"class_list":["post-433461","post","type-post","status-publish","format-standard","has-post-thumbnail","hentry","category-turismo","tag-de-cinco-estrellas","tag-turismo","tag-victoria-gonzalez-prado"],"_links":{"self":[{"href":"https:\/\/www.diarioimagen.net\/index.php?rest_route=\/wp\/v2\/posts\/433461","targetHints":{"allow":["GET"]}}],"collection":[{"href":"https:\/\/www.diarioimagen.net\/index.php?rest_route=\/wp\/v2\/posts"}],"about":[{"href":"https:\/\/www.diarioimagen.net\/index.php?rest_route=\/wp\/v2\/types\/post"}],"author":[{"embeddable":true,"href":"https:\/\/www.diarioimagen.net\/index.php?rest_route=\/wp\/v2\/users\/1"}],"replies":[{"embeddable":true,"href":"https:\/\/www.diarioimagen.net\/index.php?rest_route=%2Fwp%2Fv2%2Fcomments&post=433461"}],"version-history":[{"count":0,"href":"https:\/\/www.diarioimagen.net\/index.php?rest_route=\/wp\/v2\/posts\/433461\/revisions"}],"wp:featuredmedia":[{"embeddable":true,"href":"https:\/\/www.diarioimagen.net\/index.php?rest_route=\/wp\/v2\/media\/433462"}],"wp:attachment":[{"href":"https:\/\/www.diarioimagen.net\/index.php?rest_route=%2Fwp%2Fv2%2Fmedia&parent=433461"}],"wp:term":[{"taxonomy":"category","embeddable":true,"href":"https:\/\/www.diarioimagen.net\/index.php?rest_route=%2Fwp%2Fv2%2Fcategories&post=433461"},{"taxonomy":"post_tag","embeddable":true,"href":"https:\/\/www.diarioimagen.net\/index.php?rest_route=%2Fwp%2Fv2%2Ftags&post=433461"}],"curies":[{"name":"wp","href":"https:\/\/api.w.org\/{rel}","templated":true}]}}