{"id":433516,"date":"2019-07-01T00:07:52","date_gmt":"2019-07-01T05:07:52","guid":{"rendered":"https:\/\/www.diarioimagen.net\/?p=433516"},"modified":"2019-07-01T04:46:41","modified_gmt":"2019-07-01T09:46:41","slug":"marchan-en-cdmx-y-en-11-estados-contra-gobierno-de-obrador","status":"publish","type":"post","link":"https:\/\/www.diarioimagen.net\/?p=433516","title":{"rendered":"Marchan en CDMX y en 11 estados contra gobierno de Obrador"},"content":{"rendered":"<div id=\"attachment_433588\" style=\"width: 470px\" class=\"wp-caption aligncenter\"><a href=\"https:\/\/www.diarioimagen.net\/?attachment_id=433588\" rel=\"attachment wp-att-433588\"><img loading=\"lazy\" decoding=\"async\" aria-describedby=\"caption-attachment-433588\" class=\"size-large wp-image-433588\" src=\"https:\/\/www.diarioimagen.net\/wp-content\/uploads\/2019\/07\/ANTIAMLO1-460x259.jpg\" alt=\"\" width=\"460\" height=\"259\" srcset=\"https:\/\/www.diarioimagen.net\/wp-content\/uploads\/2019\/07\/ANTIAMLO1-460x259.jpg 460w, https:\/\/www.diarioimagen.net\/wp-content\/uploads\/2019\/07\/ANTIAMLO1-240x135.jpg 240w, https:\/\/www.diarioimagen.net\/wp-content\/uploads\/2019\/07\/ANTIAMLO1-235x132.jpg 235w, https:\/\/www.diarioimagen.net\/wp-content\/uploads\/2019\/07\/ANTIAMLO1-202x114.jpg 202w, https:\/\/www.diarioimagen.net\/wp-content\/uploads\/2019\/07\/ANTIAMLO1-350x196.jpg 350w, https:\/\/www.diarioimagen.net\/wp-content\/uploads\/2019\/07\/ANTIAMLO1-220x123.jpg 220w, https:\/\/www.diarioimagen.net\/wp-content\/uploads\/2019\/07\/ANTIAMLO1-237x132.jpg 237w, https:\/\/www.diarioimagen.net\/wp-content\/uploads\/2019\/07\/ANTIAMLO1.jpg 480w\" sizes=\"auto, (max-width: 460px) 100vw, 460px\" \/><\/a><p id=\"caption-attachment-433588\" class=\"wp-caption-text\">Miles de personas se sumaron este domingo en varios estados a la marcha del #30DeJunioProtestaNacional en contra de acciones del presidente Andr\u00e9s Manuel L\u00f3pez Obrador.<\/p><\/div>\n<p>&nbsp;<\/p>\n<p>Con gritos de \u201c\u00a1M\u00e9xico, M\u00e9xico, M\u00e9xico!\u201d, miles de personas se sumaron ayer domingo a la marcha del #30DeJunioProtestaNacional a un d\u00eda del primer a\u00f1o del triunfo del presidente Andr\u00e9s Manuel L\u00f3pez Obrador.<\/p>\n<p>La protesta, en rechazo a la pol\u00edticas del Presidente de M\u00e9xico se replic\u00f3 en estados como Hidalgo, Jalisco, Guanajuato, Puebla, Quer\u00e9taro, Morelos, Nuevo Le\u00f3n, Yucat\u00e1n, Quintana Roo, Coahuila y Chihuahua. Al igual que en la realizada en la Ciudad de M\u00e9xico, las principales demandas fueron la renuncia del Presidente y el rechazo al recibimiento de migrantes centroamericanos.<\/p>\n<p>Pancartas con la consigna \u2018traidor\u2019 fue usada de forma reiterada en las entidades que marcharon ayer contra el mandatario.<\/p>\n<p>En algunas entidades, el grupo de \u201cChalecosM\u00e9xico\u201d se atribuy\u00f3 la convocatoria, mientras que en otros fue el Consejo Ciudadano quien encabez\u00f3 las movilizaciones.<\/p>\n<p>Sin incidentes mayores concluy\u00f3 la marcha de \u201cChalecos M\u00e9xico\u201d contra el presidente L\u00f3pez Obrador, la cual sali\u00f3\u00a0 del Monumento a la Revoluci\u00f3n rumbo al \u00c1ngel de la Independencia.<\/p>\n<p>Luego de su discurso al inicio de la manifestaci\u00f3n, el ex aspirante a la candidatura presidencial, Pedro Ferriz de Con, hizo un llamado a la unidad de cara a 2020, a\u00f1o en el que, dijo, formalizar\u00e1 su movimiento para evitar que L\u00f3pez Obrador siga gobernando.<\/p>\n<p>Durante su intervenci\u00f3n, critic\u00f3 la austeridad planteada por la actual administraci\u00f3n federal, y afirm\u00f3 que \u201cla ley se desconoce por el simple deseo de un presidente que en un memor\u00e1ndum acaba con una ley, como si el pa\u00eds y la Constituci\u00f3n fueran suyos\u201d. Al preguntar a los asistentes si M\u00e9xico hab\u00eda hecho lo correcto cuando eligi\u00f3 al actual Presidente de la Rep\u00fablica, la respuesta fue un rotundo \u201c\u00a1No!\u201d.<\/p>\n<p>Minutos despu\u00e9s, uno de los inconformes subi\u00f3 al templete para imitar al Presidente e hizo una parodia de sus m\u00edtines, lo que ocasion\u00f3 molestia entre los asistentes, que de inmediato demandaron respeto.<\/p>\n<p>De esta manera, la marcha inici\u00f3 rumbo al \u00c1ngel de la Independencia, en cuyo trayecto se cruz\u00f3 con parte de la manifestaci\u00f3n \u201cAlianza por M\u00e9xico. Todos Somos Uno\u201d, que parti\u00f3 del \u00c1ngel de la Independencia rumbo al Palacio de Bellas Artes.<\/p>\n<p>El hecho ocasion\u00f3 que de momento la marcha se visualizara muy abundante, sin embargo, luego de unos minutos cada contingente continu\u00f3 con su rumbo sin que se produjeran incidentes.<\/p>\n<p>Entre los asistentes no faltaron personas de la tercera edad que reclamaron no haber recibido el apoyo de \u201c65 y m\u00e1s\u201d, o personas que fueron despedidas en los \u00faltimos meses, tras el anuncio del recorte presupuestal como medida de austeridad, en cuyas pancartas se le\u00edan consignas de diversa \u00edndole.<\/p>\n<p>Pod\u00edan leerse quejas que dec\u00edan \u201cL\u00f3pez, no te metas con mis hijos\u201d, hasta \u201cNinis, aprovechen sus becas, porque despu\u00e9s no hay trabajo\u201d.<\/p>\n<p>Tras llegar a sus respectivos destinos, los manifestantes permanecieron unos minutos m\u00e1s y se disolvieron para dar paso a los tradicionales paseos dominicales que hoy, en particular, se vieron m\u00e1s concurridos luego de que se les sumaron los inconformes.<\/p>\n","protected":false},"excerpt":{"rendered":"<p>Con gritos de \u201c\u00a1M\u00e9xico, M\u00e9xico, M\u00e9xico!\u201d, miles de personas se sumaron ayer domingo a la marcha del #30DeJunioProtestaNacional a un d\u00eda del primer a\u00f1o del triunfo del presidente Andr\u00e9s Manuel L\u00f3pez Obrador.<\/p>\n","protected":false},"author":3,"featured_media":433588,"comment_status":"open","ping_status":"open","sticky":false,"template":"","format":"standard","meta":{"_monsterinsights_skip_tracking":false,"_monsterinsights_sitenote_active":false,"_monsterinsights_sitenote_note":"","_monsterinsights_sitenote_category":0,"footnotes":""},"categories":[6],"tags":[2545,1352,72992,43673,84224],"class_list":["post-433516","post","type-post","status-publish","format-standard","has-post-thumbnail","hentry","category-cd-de-mexico","tag-amlo","tag-andres-manuel-lopez-obrador","tag-contra","tag-nacional","tag-repudio"],"_links":{"self":[{"href":"https:\/\/www.diarioimagen.net\/index.php?rest_route=\/wp\/v2\/posts\/433516","targetHints":{"allow":["GET"]}}],"collection":[{"href":"https:\/\/www.diarioimagen.net\/index.php?rest_route=\/wp\/v2\/posts"}],"about":[{"href":"https:\/\/www.diarioimagen.net\/index.php?rest_route=\/wp\/v2\/types\/post"}],"author":[{"embeddable":true,"href":"https:\/\/www.diarioimagen.net\/index.php?rest_route=\/wp\/v2\/users\/3"}],"replies":[{"embeddable":true,"href":"https:\/\/www.diarioimagen.net\/index.php?rest_route=%2Fwp%2Fv2%2Fcomments&post=433516"}],"version-history":[{"count":0,"href":"https:\/\/www.diarioimagen.net\/index.php?rest_route=\/wp\/v2\/posts\/433516\/revisions"}],"wp:featuredmedia":[{"embeddable":true,"href":"https:\/\/www.diarioimagen.net\/index.php?rest_route=\/wp\/v2\/media\/433588"}],"wp:attachment":[{"href":"https:\/\/www.diarioimagen.net\/index.php?rest_route=%2Fwp%2Fv2%2Fmedia&parent=433516"}],"wp:term":[{"taxonomy":"category","embeddable":true,"href":"https:\/\/www.diarioimagen.net\/index.php?rest_route=%2Fwp%2Fv2%2Fcategories&post=433516"},{"taxonomy":"post_tag","embeddable":true,"href":"https:\/\/www.diarioimagen.net\/index.php?rest_route=%2Fwp%2Fv2%2Ftags&post=433516"}],"curies":[{"name":"wp","href":"https:\/\/api.w.org\/{rel}","templated":true}]}}