{"id":433518,"date":"2019-07-01T00:05:00","date_gmt":"2019-07-01T05:05:00","guid":{"rendered":"https:\/\/www.diarioimagen.net\/?p=433518"},"modified":"2019-07-01T04:52:25","modified_gmt":"2019-07-01T09:52:25","slug":"listo-zocalo-capitalino-para-festejar-un-ano-de-eleccion-presidencial","status":"publish","type":"post","link":"https:\/\/www.diarioimagen.net\/?p=433518","title":{"rendered":"Listo, Z\u00f3calo capitalino para festejar un a\u00f1o de elecci\u00f3n presidencial"},"content":{"rendered":"<p><a href=\"https:\/\/www.diarioimagen.net\/?attachment_id=433591\" rel=\"attachment wp-att-433591\"><img loading=\"lazy\" decoding=\"async\" class=\"aligncenter size-large wp-image-433591\" src=\"https:\/\/www.diarioimagen.net\/wp-content\/uploads\/2019\/07\/zocalo-460x259.jpg\" alt=\"\" width=\"460\" height=\"259\" srcset=\"https:\/\/www.diarioimagen.net\/wp-content\/uploads\/2019\/07\/zocalo-460x259.jpg 460w, https:\/\/www.diarioimagen.net\/wp-content\/uploads\/2019\/07\/zocalo-240x135.jpg 240w, https:\/\/www.diarioimagen.net\/wp-content\/uploads\/2019\/07\/zocalo-235x132.jpg 235w, https:\/\/www.diarioimagen.net\/wp-content\/uploads\/2019\/07\/zocalo-202x114.jpg 202w, https:\/\/www.diarioimagen.net\/wp-content\/uploads\/2019\/07\/zocalo-350x196.jpg 350w, https:\/\/www.diarioimagen.net\/wp-content\/uploads\/2019\/07\/zocalo-220x123.jpg 220w, https:\/\/www.diarioimagen.net\/wp-content\/uploads\/2019\/07\/zocalo-237x132.jpg 237w, https:\/\/www.diarioimagen.net\/wp-content\/uploads\/2019\/07\/zocalo.jpg 480w\" sizes=\"auto, (max-width: 460px) 100vw, 460px\" \/><\/a><\/p>\n<p>&nbsp;<\/p>\n<p>El Z\u00f3calo de la Ciudad de M\u00e9xico est\u00e1 casi listo para la celebraci\u00f3n que el presidente Andr\u00e9s Manuel L\u00f3pez Obrador encabezar\u00e1 este lunes 1 de julio, a un a\u00f1o de la elecci\u00f3n que le dio el triunfo en las urnas. Frente a la Catedral Metropolitana se instal\u00f3 un templete de grandes dimensiones flanqueado por dos pantallas enormes, rodeado de luces y equipo de sonido.<\/p>\n<p>En la parte central del templete se ha colocado un camino de vallas met\u00e1licas que llega hasta el astabandera, que forma parte de una especie de cruz, por donde pasar\u00e1n los invitados especiales.<\/p>\n<p>Uno de los caminos que se ha conformado con las vallas da al templete, el otro a la avenida 20 de Noviembre, uno m\u00e1s a un costado de la calle Madero y el cuarto a Palacio Nacional.<\/p>\n<p>Como cada domingo, miles de familias acudieron a la Plaza de la Constituci\u00f3n de la Ciudad de M\u00e9xico, donde permanece el kiosco que coloc\u00f3 el gobierno local como parte del escenario que recuerda c\u00f3mo era el lugar. En ese espacio estudiantinas deleitaron a cientos de personas con su m\u00fasica, ataviadas con su cl\u00e1sico vestuario con capas negras, mangas aglobadas y listones de colores.<\/p>\n<p>Muchos todav\u00eda pod\u00eda pasar por el centro de la plancha y disfrutan el espacio en medio del traj\u00edn de decenas de trabajadores, que incluso con montacargas trasladan las vallas y materiales para la escenograf\u00eda de este d\u00eda.<\/p>\n<p>Despu\u00e9s del medio d\u00eda se retiraron las banderas de la marcha de la comunidad l\u00e9sbico-gay que permanec\u00edan a un costado del templete, as\u00ed como en los edificios del gobierno de la ciudad y aleda\u00f1os de los comercios de joyer\u00eda y bisuter\u00eda.<\/p>\n<p>Cuatro estructuras, dos a cada costado del asta bandera monumental ubicada en el centro de la Plaza de la Constituci\u00f3n, est\u00e1n listas para que se coloque el equipo de sonido, que por el momento permanece en la parte inferior.<\/p>\n<p>La circulaci\u00f3n en la zona estaba cerrada con los azules con franjas blanco de pl\u00e1stico y cintas amarillas que se suelen poner provisionalmente en el tramo frente a Palacio Nacional y la Catedral Metropolitana. El \u00e1rea frente a los arcos, en la que est\u00e1n las joyer\u00edas, que desemboca en las calles 5 de Febrero y Brasil, as\u00ed como la de edificios del gobierno de la ciudad que conduce a Pino Su\u00e1rez, al igual que a la Avenida 20 de Noviembre, estaban abiertas al paso de los autom\u00f3viles, mientras que en el resto del circuito s\u00f3lo pod\u00edae pasar uno que otro mototaxi y camiones que trasladaban material.<\/p>\n","protected":false},"excerpt":{"rendered":"<p>El Z\u00f3calo de la Ciudad de M\u00e9xico est\u00e1 casi listo para la celebraci\u00f3n que el presidente Andr\u00e9s Manuel L\u00f3pez Obrador encabezar\u00e1 este lunes 1 de julio, a un a\u00f1o de la elecci\u00f3n que le dio el triunfo en las urnas. Frente a la Catedral Metropolitana se instal\u00f3 un templete de grandes dimensiones flanqueado por dos pantallas enormes, rodeado de luces y equipo de sonido.<\/p>\n","protected":false},"author":3,"featured_media":433591,"comment_status":"open","ping_status":"open","sticky":false,"template":"","format":"standard","meta":{"_monsterinsights_skip_tracking":false,"_monsterinsights_sitenote_active":false,"_monsterinsights_sitenote_note":"","_monsterinsights_sitenote_category":0,"footnotes":""},"categories":[6],"tags":[2545,204,20602,7056],"class_list":["post-433518","post","type-post","status-publish","format-standard","has-post-thumbnail","hentry","category-cd-de-mexico","tag-amlo","tag-ciudad-de-mexico","tag-festejo","tag-zocalo"],"_links":{"self":[{"href":"https:\/\/www.diarioimagen.net\/index.php?rest_route=\/wp\/v2\/posts\/433518","targetHints":{"allow":["GET"]}}],"collection":[{"href":"https:\/\/www.diarioimagen.net\/index.php?rest_route=\/wp\/v2\/posts"}],"about":[{"href":"https:\/\/www.diarioimagen.net\/index.php?rest_route=\/wp\/v2\/types\/post"}],"author":[{"embeddable":true,"href":"https:\/\/www.diarioimagen.net\/index.php?rest_route=\/wp\/v2\/users\/3"}],"replies":[{"embeddable":true,"href":"https:\/\/www.diarioimagen.net\/index.php?rest_route=%2Fwp%2Fv2%2Fcomments&post=433518"}],"version-history":[{"count":0,"href":"https:\/\/www.diarioimagen.net\/index.php?rest_route=\/wp\/v2\/posts\/433518\/revisions"}],"wp:featuredmedia":[{"embeddable":true,"href":"https:\/\/www.diarioimagen.net\/index.php?rest_route=\/wp\/v2\/media\/433591"}],"wp:attachment":[{"href":"https:\/\/www.diarioimagen.net\/index.php?rest_route=%2Fwp%2Fv2%2Fmedia&parent=433518"}],"wp:term":[{"taxonomy":"category","embeddable":true,"href":"https:\/\/www.diarioimagen.net\/index.php?rest_route=%2Fwp%2Fv2%2Fcategories&post=433518"},{"taxonomy":"post_tag","embeddable":true,"href":"https:\/\/www.diarioimagen.net\/index.php?rest_route=%2Fwp%2Fv2%2Ftags&post=433518"}],"curies":[{"name":"wp","href":"https:\/\/api.w.org\/{rel}","templated":true}]}}