{"id":433521,"date":"2019-07-01T00:08:48","date_gmt":"2019-07-01T05:08:48","guid":{"rendered":"https:\/\/www.diarioimagen.net\/?p=433521"},"modified":"2019-07-02T06:44:38","modified_gmt":"2019-07-02T11:44:38","slug":"humanizar-la-funcion-de-la-justicia-principal-actividad-del-tsjcdmx-magistrado-guerra-alvarez","status":"publish","type":"post","link":"https:\/\/www.diarioimagen.net\/?p=433521","title":{"rendered":"Humanizar la funci\u00f3n\u00a0de la justicia, principal actividad del TSJCDMX: magistrado Guerra \u00c1lvarez"},"content":{"rendered":"<ul>\n<li><strong><em>Inaugur\u00f3 la Fase III del Programa de Revinculaci\u00f3n Familiar, que ofrece el Cecofam en el parque La Hormiga del Bosque de Chapultepec<\/em><\/strong><\/li>\n<\/ul>\n<p>&nbsp;<\/p>\n<div id=\"attachment_433594\" style=\"width: 470px\" class=\"wp-caption aligncenter\"><a href=\"https:\/\/www.diarioimagen.net\/?attachment_id=433594\" rel=\"attachment wp-att-433594\"><img loading=\"lazy\" decoding=\"async\" aria-describedby=\"caption-attachment-433594\" class=\"wp-image-433594 size-large\" src=\"https:\/\/www.diarioimagen.net\/wp-content\/uploads\/2019\/07\/TSJCDMX-2-460x259.jpg\" alt=\"\" width=\"460\" height=\"259\" srcset=\"https:\/\/www.diarioimagen.net\/wp-content\/uploads\/2019\/07\/TSJCDMX-2-460x259.jpg 460w, https:\/\/www.diarioimagen.net\/wp-content\/uploads\/2019\/07\/TSJCDMX-2-240x135.jpg 240w, https:\/\/www.diarioimagen.net\/wp-content\/uploads\/2019\/07\/TSJCDMX-2-235x132.jpg 235w, https:\/\/www.diarioimagen.net\/wp-content\/uploads\/2019\/07\/TSJCDMX-2-202x114.jpg 202w, https:\/\/www.diarioimagen.net\/wp-content\/uploads\/2019\/07\/TSJCDMX-2-350x196.jpg 350w, https:\/\/www.diarioimagen.net\/wp-content\/uploads\/2019\/07\/TSJCDMX-2-220x123.jpg 220w, https:\/\/www.diarioimagen.net\/wp-content\/uploads\/2019\/07\/TSJCDMX-2-237x132.jpg 237w, https:\/\/www.diarioimagen.net\/wp-content\/uploads\/2019\/07\/TSJCDMX-2.jpg 480w\" sizes=\"auto, (max-width: 460px) 100vw, 460px\" \/><\/a><p id=\"caption-attachment-433594\" class=\"wp-caption-text\">El titular del Poder Judicial de la Ciudad de M\u00e9xico, Rafael Guerra \u00c1lvarez, asisti\u00f3 a la inauguraci\u00f3n del Programa de Revinculaci\u00f3n Familiar Fase III.<\/p><\/div>\n<p>&nbsp;<\/p>\n<p>La principal aspiraci\u00f3n de la presidencia del Tribunal Superior de Justicia es la de\u00a0humanizar la funci\u00f3n jurisdiccional y redefinirla con lo m\u00e1s noble de nuestra naturaleza, dijo el titular del Poder Judicial de la Ciudad de M\u00e9xico, Rafael Guerra \u00c1lvarez, durante la inauguraci\u00f3n del Programa de Revinculaci\u00f3n Familiar Fase III.<\/p>\n<p>Al dirigirse a los miembros de la comunidad judicial,\u00a0justiciables\u00a0y p\u00fablico, reunidos en el Parque La Hormiga del centro cultural de Los Pinos,\u00a0en el Bosque de Chapultepec,\u00a0el tambi\u00e9n presidente del Consejo de la Judicatura expuso su benepl\u00e1cito de que sea precisamente en su administraci\u00f3n cuando se hayan emprendido acciones tendentes a innovar las pr\u00e1cticas de la funci\u00f3n, como sucede con las convivencias abiertas y recreativas entre padres e hijos.<\/p>\n<p>Guerra \u00c1lvarez mencion\u00f3 que una noticia que alienta el programa e inspira a sus promotores es que,\u00a0de las 25 familias involucradas en \u00e9l, cinco de ellas ya conviven de forma independiente y el resto est\u00e1 avanzando hacia el mismo resultado, desde su comienzo en abril pasado.<\/p>\n<p>En su alocuci\u00f3n, el juzgador hizo eco del clamor surgido en la Casa de la Justicia en el sentido de que las antiguas pr\u00e1cticas de la funci\u00f3n judicial se enriquecen con el ejercicio de valores como la esperanza, la bondad y la nobleza de las personas.<\/p>\n<p>De ah\u00ed que\u00a0el Programa de Revinculaci\u00f3n Familiar Fase III apunta a propiciar unas\u00a0convivencias m\u00e1s libres entre los miembros de las familias, en un ambiente natural y tan simb\u00f3lico con diversas alternativas recreativas que facilitan una relaci\u00f3n m\u00e1s natural, sin la intervenci\u00f3n de psic\u00f3logos, trabajadores sociales, sistemas de vigilancia, ni personal de custodia.<\/p>\n<p>Nuestra aspiraci\u00f3n, concluy\u00f3, es que estos espacios, adem\u00e1s de propiciar que las familias no interrumpan su convivencia durante el desahogo del proceso judicial &#8211; lo que en tantas ocasiones agrava el conflicto-, pueden suscitar el acuerdo necesario para continuar con sus vidas sin la necesidad de recurrir al fallo judicial.<\/p>\n<p>El programa se suma a las tradicionales visitas que se dan en los Centros\u00a0de Convivencia Familiar\u00a0Supervisada\u00a0(Cecofam), dirigido por Mariana Ortiz, y cuyo\u00a0objetivo es auxiliar en el restablecimiento de la convivencia libre y la participaci\u00f3n de ambas figuras parentales, y de la familia extensa, en la crianza de las ni\u00f1as, ni\u00f1os y adolescentes, regido por los principios establecidos en la ley en la materia vigente en la Ciudad de M\u00e9xico.<\/p>\n<p>Por\u00a0su parte, la consejera Blanca Zamudio Vald\u00e9s\u00a0refiri\u00f3 que este programa busca que aquellas familias que ya est\u00e1n fortalecidas en sus lazos afectivos, las convivencias se\u00a0realicen en un lugar abierto,\u00a0a fin de que la relaci\u00f3n paterno\u00a0o materno filial se\u00a0desarrollen a trav\u00e9s del juego\u00a0y con diversas actividades, a fin de que\u00a0poco a poco, se fortalezcan\u00a0la comunicaci\u00f3n y la confianza.<\/p>\n<p>Dijo que,\u00a0si queremos cambiar al\u00a0mundo, debemos modificar la forma en que\u00a0educamos a nuestras ni\u00f1as, ni\u00f1os y adolescentes; hay que ense\u00f1arles a amar y que sus hogares sean los espacios m\u00e1s seguros.<\/p>\n<p>Al evento asistieron el consejero Jorge Mart\u00ednez Arregu\u00edn; as\u00ed como los magistrados Carlos Vargas, Rebeca Florentina Pujol, Andr\u00e9s Linares, Manuel D\u00edaz Infante, Antonio Mu\u00f1ozcano\u00a0Eternod; la directora de Intervenci\u00f3n Especializada para Apoyo Judicial, Mariana Ortiz Casta\u00f1ares, y autoridades de\u00a0la Secretar\u00eda de Medio Ambiente de la Ciudad de M\u00e9xico.<\/p>\n<p style=\"text-align: center;\"><strong>LAS CUATRO FASES DEL PROGRAMA DE REVINCULACI\u00d3N<\/strong><\/p>\n<p>\u00a0El\u00a0Programa\u00a0tiene cuatro etapas.<\/p>\n<p>Primera.\u00a0Convivencia de reencuentro-aprendizaje\u00a0formal. Consiste en propiciar habilidades de revinculaci\u00f3n.\u00a0Se realizan en los centros de convivencia.<\/p>\n<p>Segunda.\u00a0Convivencia asistida-Aprendizaje\u00a0pr\u00e1ctico. Refuerza la retroalimentaci\u00f3n de las habilidades para la vinculaci\u00f3n. Se realiza en los centros de convivencia.<\/p>\n<p>Tercera. Expansi\u00f3n\u2013Convivencia\u00a0es un espacio semi libre. Enriquece el proceso de vinculaci\u00f3n en un ambiente diferente al que tiene el\u00a0Cecofam. Se desarrolla en el Parque La Hormiga y en Centros de Desarrollo Comunitario del\u00a0DIF.<\/p>\n<p>Cuarta.\u00a0Independencia\u00a0\u2013 Consolidaci\u00f3n\u00a0de\u00a0convivencia\u00a0libre. Se garantiza la entrega-recepci\u00f3n del infante o adolescente al padre no\u00a0custodio\u00a0para convivir por algunas horas o con pernocta.<\/p>\n<p>Para ingresar al programa\u00a0de revinculaci\u00f3n, las familias deben tener voluntad para participar, y que las ni\u00f1as, ni\u00f1os o adolescentes no corran ning\u00fan riesgo f\u00edsico, psicol\u00f3gico o sexual.<\/p>\n","protected":false},"excerpt":{"rendered":"<p>La principal aspiraci\u00f3n de la<\/p>\n","protected":false},"author":3,"featured_media":433594,"comment_status":"open","ping_status":"open","sticky":false,"template":"","format":"standard","meta":{"_monsterinsights_skip_tracking":false,"_monsterinsights_sitenote_active":false,"_monsterinsights_sitenote_note":"","_monsterinsights_sitenote_category":0,"footnotes":""},"categories":[6],"tags":[6787,86444,79994],"class_list":["post-433521","post","type-post","status-publish","format-standard","has-post-thumbnail","hentry","category-cd-de-mexico","tag-bosque-de-chapultepec","tag-la-hormiga","tag-rafael-guerra-alvarez"],"_links":{"self":[{"href":"https:\/\/www.diarioimagen.net\/index.php?rest_route=\/wp\/v2\/posts\/433521","targetHints":{"allow":["GET"]}}],"collection":[{"href":"https:\/\/www.diarioimagen.net\/index.php?rest_route=\/wp\/v2\/posts"}],"about":[{"href":"https:\/\/www.diarioimagen.net\/index.php?rest_route=\/wp\/v2\/types\/post"}],"author":[{"embeddable":true,"href":"https:\/\/www.diarioimagen.net\/index.php?rest_route=\/wp\/v2\/users\/3"}],"replies":[{"embeddable":true,"href":"https:\/\/www.diarioimagen.net\/index.php?rest_route=%2Fwp%2Fv2%2Fcomments&post=433521"}],"version-history":[{"count":0,"href":"https:\/\/www.diarioimagen.net\/index.php?rest_route=\/wp\/v2\/posts\/433521\/revisions"}],"wp:featuredmedia":[{"embeddable":true,"href":"https:\/\/www.diarioimagen.net\/index.php?rest_route=\/wp\/v2\/media\/433594"}],"wp:attachment":[{"href":"https:\/\/www.diarioimagen.net\/index.php?rest_route=%2Fwp%2Fv2%2Fmedia&parent=433521"}],"wp:term":[{"taxonomy":"category","embeddable":true,"href":"https:\/\/www.diarioimagen.net\/index.php?rest_route=%2Fwp%2Fv2%2Fcategories&post=433521"},{"taxonomy":"post_tag","embeddable":true,"href":"https:\/\/www.diarioimagen.net\/index.php?rest_route=%2Fwp%2Fv2%2Ftags&post=433521"}],"curies":[{"name":"wp","href":"https:\/\/api.w.org\/{rel}","templated":true}]}}