{"id":433530,"date":"2019-07-01T00:08:10","date_gmt":"2019-07-01T05:08:10","guid":{"rendered":"https:\/\/www.diarioimagen.net\/?p=433530"},"modified":"2019-07-01T06:51:08","modified_gmt":"2019-07-01T11:51:08","slug":"tultepec-invita-a-participar-en-el-curso-de-verano-mis-vacaciones-en-la-biblioteca","status":"publish","type":"post","link":"https:\/\/www.diarioimagen.net\/?p=433530","title":{"rendered":"Tultepec invita a participar en el Curso de Verano\u00a0Mis Vacaciones en la Biblioteca"},"content":{"rendered":"<ul>\n<li><strong><em>Del 15 de julio al 2 de agosto<\/em><\/strong><\/li>\n<\/ul>\n<p>&nbsp;<\/p>\n<div id=\"attachment_433605\" style=\"width: 470px\" class=\"wp-caption aligncenter\"><a href=\"https:\/\/www.diarioimagen.net\/?attachment_id=433605\" rel=\"attachment wp-att-433605\"><img loading=\"lazy\" decoding=\"async\" aria-describedby=\"caption-attachment-433605\" class=\"size-large wp-image-433605\" src=\"https:\/\/www.diarioimagen.net\/wp-content\/uploads\/2019\/07\/TULTEPEC-1-460x259.jpg\" alt=\"\" width=\"460\" height=\"259\" srcset=\"https:\/\/www.diarioimagen.net\/wp-content\/uploads\/2019\/07\/TULTEPEC-1-460x259.jpg 460w, https:\/\/www.diarioimagen.net\/wp-content\/uploads\/2019\/07\/TULTEPEC-1-240x135.jpg 240w, https:\/\/www.diarioimagen.net\/wp-content\/uploads\/2019\/07\/TULTEPEC-1-235x132.jpg 235w, https:\/\/www.diarioimagen.net\/wp-content\/uploads\/2019\/07\/TULTEPEC-1-202x114.jpg 202w, https:\/\/www.diarioimagen.net\/wp-content\/uploads\/2019\/07\/TULTEPEC-1-350x196.jpg 350w, https:\/\/www.diarioimagen.net\/wp-content\/uploads\/2019\/07\/TULTEPEC-1-220x123.jpg 220w, https:\/\/www.diarioimagen.net\/wp-content\/uploads\/2019\/07\/TULTEPEC-1-237x132.jpg 237w, https:\/\/www.diarioimagen.net\/wp-content\/uploads\/2019\/07\/TULTEPEC-1.jpg 480w\" sizes=\"auto, (max-width: 460px) 100vw, 460px\" \/><\/a><p id=\"caption-attachment-433605\" class=\"wp-caption-text\">A trav\u00e9s del Instituto de Cultura F\u00edsica y Deporte, Tultepec invita a los ni\u00f1os y ni\u00f1as para que se integren al curso de verano 2019, que se llevar\u00e1 a cabo del 15 de julio al 9 de agosto.<\/p><\/div>\n<p>&nbsp;<\/p>\n<p><strong>Tultepec, Estado de M\u00e9xico<\/strong>.- El ayuntamiento de Tultepec, a trav\u00e9s de la Direcci\u00f3n de Educaci\u00f3n, Cultura y Promoci\u00f3n Tur\u00edstica, invita a los ni\u00f1os de entre 6 y 12 a\u00f1os de edad, a participar en el\u00a0Curso de Verano\u00a0Mis Vacaciones en la Biblioteca 2019, que se llevar\u00e1 a cabo del 15 de julio al 2 de agosto en las cinco bibliotecas municipales, en un horario de 10:00 a 13:00 horas de lunes a viernes.<\/p>\n<p>La convocatoria est\u00e1 dirigida a todos los ni\u00f1os dispuestos a recorrer el mundo de la lectura, lo que sin duda les permitir\u00e1 divertirse y aprender durante este verano a trav\u00e9s del repaso de leyendas, cuentos, aventuras e historias; \u201cdonde los participantes podr\u00e1n compartir el placer de imaginar, crear y aprender\u201d. Santiago L\u00f3pez Becerra, director de Educaci\u00f3n, Cultura y Promoci\u00f3n Tur\u00edstica, asegur\u00f3 que \u201cla lectura abre las puertas del universo, es la llave a un mundo de aventuras y conocimiento, por ello es que invitamos a los ni\u00f1os a leer por diversi\u00f3n y no por obligaci\u00f3n\u201d.<\/p>\n<p>Explic\u00f3 que las actividades que se realizar\u00e1n en este curso son gratuitas y consisten en\u00a0Manualidades, Fomento a la Lectura, Creaci\u00f3n Literaria, una visita guiada al centro de Tultepec y una salida recreativa (opcional). \u00a0Los interesados deber\u00e1n inscribirse a partir del lunes 1 de julio en cualquiera de las cinco bibliotecas municipales de Tultepec en horario de oficina, si tienen entre 6 y 12 a\u00f1os de edad, saben leer y escribir, presentando copia del acta de nacimiento y 2 fotograf\u00edas tama\u00f1o infantil a color o blanco y negro.<\/p>\n<p>Las bibliotecas donde pueden inscribirse son:\u00a020 de Noviembre, ubicada en Av. Chimalpopoca s\/n, Barrio San Antonio Xahuento, donde pueden pedir mayores informes llamando al 5892 70 45.\u00a0Sor Juana In\u00e9s de la Cruz, ubicada en la calle Venustiano Carranza No. 29, en el Barrio de San Mart\u00edn, donde se pueden pedir informes llamando al tel\u00e9fono 5892 4163.<\/p>\n<p>Biblioteca\u00a0Modesto Fuentes S\u00e1nchez, ubicada en la calle Emiliano Zapata, Esq. Av. De los Doctores, colonia 10 de Junio, Santiago Teyahualco, tel. 5885 5730.\u00a0Ni\u00f1os H\u00e9roes, ubicada en Paseos de Las Haciendas s\/n, en el Fraccionamiento Paseos de Tultepec II y\u00a0Heberto Castillo, ubicada en Ave. Circuito San Pablo s\/n, dentro de la Delegaci\u00f3n de la Unidad Habitacional CTM.<\/p>\n<p>De igual forma, si lo que les gusta a los peque\u00f1ines es el deporte, a trav\u00e9s del Instituto de Cultura F\u00edsica y Deporte, se les invita para que se integren al curso de verano 2019, que se llevar\u00e1 a cabo del 15 de julio al 9 de agosto, diversas disciplinas como:\u00a0\u00a0nataci\u00f3n\u00a0karate, crossfit, hawallano, teatro musical, lima lama, zumba kids, spinning, artes marciales, box, basquetbol, f\u00fatbol y volibol, entre muchas m\u00e1s.<\/p>\n<p>Est\u00e1 dirigido a ni\u00f1os de entre 5 y 16 a\u00f1os de edad, quienes pueden ser inscritos en la unidad deportiva m\u00e1s cercana a su domicilio del 1 al 10 de julio, donde se cuenta con instructores capacitados para instruirte en cualquiera de las actividades mencionadas.<\/p>\n","protected":false},"excerpt":{"rendered":"<p>El ayuntamiento de Tultepec, a trav\u00e9s de la Direcci\u00f3n de Educaci\u00f3n, Cultura y Promoci\u00f3n Tur\u00edstica, invita a los ni\u00f1os de entre 6 y 12 a\u00f1os de edad, a participar en el\u00a0Curso de Verano\u00a0Mis Vacaciones en la Biblioteca 2019, que se llevar\u00e1 a cabo del 15 de julio al 2 de agosto en las cinco bibliotecas municipales, en un horario de 10:00 a 13:00 horas de lunes a viernes.<\/p>\n","protected":false},"author":3,"featured_media":433605,"comment_status":"open","ping_status":"open","sticky":false,"template":"","format":"standard","meta":{"_monsterinsights_skip_tracking":false,"_monsterinsights_sitenote_active":false,"_monsterinsights_sitenote_note":"","_monsterinsights_sitenote_category":0,"footnotes":""},"categories":[5],"tags":[86445,43675,3802],"class_list":["post-433530","post","type-post","status-publish","format-standard","has-post-thumbnail","hentry","category-estado-de-mexico","tag-curso-de-verano","tag-estado-de-mexico","tag-tultepec"],"_links":{"self":[{"href":"https:\/\/www.diarioimagen.net\/index.php?rest_route=\/wp\/v2\/posts\/433530","targetHints":{"allow":["GET"]}}],"collection":[{"href":"https:\/\/www.diarioimagen.net\/index.php?rest_route=\/wp\/v2\/posts"}],"about":[{"href":"https:\/\/www.diarioimagen.net\/index.php?rest_route=\/wp\/v2\/types\/post"}],"author":[{"embeddable":true,"href":"https:\/\/www.diarioimagen.net\/index.php?rest_route=\/wp\/v2\/users\/3"}],"replies":[{"embeddable":true,"href":"https:\/\/www.diarioimagen.net\/index.php?rest_route=%2Fwp%2Fv2%2Fcomments&post=433530"}],"version-history":[{"count":0,"href":"https:\/\/www.diarioimagen.net\/index.php?rest_route=\/wp\/v2\/posts\/433530\/revisions"}],"wp:featuredmedia":[{"embeddable":true,"href":"https:\/\/www.diarioimagen.net\/index.php?rest_route=\/wp\/v2\/media\/433605"}],"wp:attachment":[{"href":"https:\/\/www.diarioimagen.net\/index.php?rest_route=%2Fwp%2Fv2%2Fmedia&parent=433530"}],"wp:term":[{"taxonomy":"category","embeddable":true,"href":"https:\/\/www.diarioimagen.net\/index.php?rest_route=%2Fwp%2Fv2%2Fcategories&post=433530"},{"taxonomy":"post_tag","embeddable":true,"href":"https:\/\/www.diarioimagen.net\/index.php?rest_route=%2Fwp%2Fv2%2Ftags&post=433530"}],"curies":[{"name":"wp","href":"https:\/\/api.w.org\/{rel}","templated":true}]}}