{"id":433544,"date":"2019-07-01T00:03:07","date_gmt":"2019-07-01T05:03:07","guid":{"rendered":"https:\/\/www.diarioimagen.net\/?p=433544"},"modified":"2019-07-01T03:14:06","modified_gmt":"2019-07-01T08:14:06","slug":"fortaleceran-profesionalizacion-del-trabajo-legislativo-en-san-lazaro","status":"publish","type":"post","link":"https:\/\/www.diarioimagen.net\/?p=433544","title":{"rendered":"Fortalecer\u00e1n profesionalizaci\u00f3n del trabajo legislativo en San L\u00e1zaro"},"content":{"rendered":"<h2>Como veo, doy<\/h2>\n<h5>Jorge Luis Galicia Palacios<\/h5>\n<p>&nbsp;<\/p>\n<ul>\n<li><strong><em>60 plazas de investigadores, a concurso<\/em><\/strong><\/li>\n<li><strong><em>Urgente, consolidar el trabajo parlamentario<\/em><\/strong><\/li>\n<\/ul>\n<p>&nbsp;<\/p>\n<p>&nbsp;<\/p>\n<p>A fin de continuar con la implementaci\u00f3n del programa denominado Servicio Civil de Carrera de la C\u00e1mara de Diputados, en el segundo semestre de este a\u00f1o iniciar\u00e1 el proceso de reclutamiento y selecci\u00f3n para el ingreso al \u201cCuerpo de Investigadores Parlamentarios\u201d. Lo anterior fue dado a conocer en el marco de la sesi\u00f3n de la Conferencia para la Direcci\u00f3n y Programaci\u00f3n de los Trabajos Legislativos, que la semana pasada se celebr\u00f3 en el Palacio Legislativo de San L\u00e1zaro.<\/p>\n<p>La informaci\u00f3n dada a conocer se\u00f1ala que \u201cLa selecci\u00f3n pretende que quienes se desempe\u00f1en en las instancias de investigaci\u00f3n del \u00f3rgano legislativo, cuenten con el perfil id\u00f3neo para llevar a cabo de manera \u00f3ptima sus funciones, al tiempo que se estimula la profesionalizaci\u00f3n y el desarrollo de una carrera de las y los servidores p\u00fablicos que ingresen a dicho cuerpo\u201d.<\/p>\n<p>Puntualiza el comunicado que \u201cel objetivo es contribuir a que los investigadores parlamentarios produzcan informaci\u00f3n espec\u00edfica para el proceso legislativo y la toma de decisiones de legisladores, comisiones y \u00f3rganos de la C\u00e1mara. Asimismo, que generen investigaciones y diagn\u00f3stico de los problemas p\u00fablicos, identifiquen l\u00edneas de acci\u00f3n, y contribuyan a la formaci\u00f3n del personal de apoyo parlamentario\u201d. Y que, para ingresar al \u201cCuerpo de Investigadores Parlamentarios\u201d, se emitir\u00e1 la convocatoria hacia mediados de agosto de este a\u00f1o para concursar 60 plazas, donde los resultados de la selecci\u00f3n del personal se dar\u00e1n a conocer en diciembre.<\/p>\n<p>Todo lo anterior suena muy bonito para ser real, sin embargo, al interior del recinto hay voces que se\u00f1alan que en los primeros meses de los trabajos de la LXIV Legislatura mucho personal especializado fue despedido con el pretexto de la austeridad y tambi\u00e9n que ingres\u00f3 mucho personal en calidad de asesores de los diputados, donde el \u00fanico examen requerido fue ser miembro del partido y se descuid\u00f3 el aspecto de experiencia y conocimientos de la t\u00e9cnica legislativa.<\/p>\n<p>Ejemplos claros de esa improvisaci\u00f3n se pueden notar en varios documentos que en d\u00edas recientes circularon en redes sociales, los cuales dan cuenta de errores de redacci\u00f3n y falta de conocimientos generales. Baste referirnos al documento de fecha 14 de junio, elaborado al interior de la Comisi\u00f3n de Desarrollo Rural y Conservaci\u00f3n Rural, Agr\u00edcola y Autosuficiencia Alimentaria, donde diferentes partes del texto mencionan la existencia de un \u201cEstado de Guadalajara\u201d. Otro descuido se puede observar en el Punto de Acuerdo, de esa misma Comisi\u00f3n, donde se pide la comparecencia de diversos funcionarios del gobierno federal y entre ellos se cita a Rafael Pacchiano Alam\u00e1n, titular de la Semarnat, siendo que este servidor form\u00f3 parte del equipo de gobierno de la administraci\u00f3n pasada.<\/p>\n<p>Dicen que al mejor cazador se le va la liebre, y tal vez haya raz\u00f3n en esa m\u00e1xima popular, pero este tipo de errores son cada vez m\u00e1s recurrentes al interior de San L\u00e1zaro, y en esos se\u00f1alamientos no se escapan los documentos de car\u00e1cter administrativo del \u00f3rgano legislativo, tal es el caso del oficio 192, del 12 de junio, emitido por la Secretar\u00eda General que en lugar de hacer cumplir una serie de lineamientos en materia de austeridad lo \u00fanico que provoc\u00f3 fueron risas entre los destinatarios.<\/p>\n<p>Entonces, cuando leemos que el Servicio Civil de Carrera est\u00e1 dirigido a funcionarios que laboran en el apoyo legislativo y parlamentario, as\u00ed como en los centros de estudios, nos viene a la mente el similar proceso que se realiz\u00f3 casi 15 a\u00f1os atr\u00e1s al interior de la administraci\u00f3n p\u00fablica federal, donde, d\u00edas antes de que entrara en vigor el reglamento de la Ley del Servicio Profesional de Carrera, se dio de baja a varias personas, para poder ingresar a los amigos de los funcionarios titulares en turno, de ah\u00ed que ese fuera el inicio de una etapa gubernamental que se conoci\u00f3 como \u201cadministraci\u00f3n de cuates y cuotas\u201d.<\/p>\n<p>Ojal\u00e1 no sea el caso, San L\u00e1zaro merece estar a la altura de parlamentos consolidados, donde los legisladores tengan la capacidad de modificar propuestas del gobierno, pero tambi\u00e9n la sensibilidad social a la hora de aprobar pol\u00edticas p\u00fablicas y eso solo ser\u00e1 posible en la medida que los asesores puedan proporcionar herramientas adecuadas a los legisladores a la hora de redactar e integrar normas jur\u00eddicas. De ah\u00ed la importancia de que se retome al Servicio Civil de Carrera en el Congreso de la Uni\u00f3n, sin trampas ni favoritismos.<\/p>\n<p><strong>VA MI RESTO<\/strong>.- Esfuerzos por capacitar y profesionalizar a los servidores p\u00fablicos se han dado en todo el aparato burocr\u00e1tico del gobierno federal y este \u00a0proceso inicio de manera formal con la aprobaci\u00f3n de la Ley del Servicio Profesional de Carrera en la Administraci\u00f3n P\u00fablica Federal el 10 de abril de 2003 y de su Reglamento respectivo al a\u00f1o siguiente el 2 de abril de 2004.<\/p>\n<p>Pero en esa materia el Congreso de la Uni\u00f3n dio el primer paso cuando se aprobaron los estatutos de la Ley de Servicio Civil de Carrera, en 2000 en la C\u00e1mara de Diputados y 2002 con los senadores, y sin embargo, en el poder Legislativo, el proceso sigue en su etapa de implementaci\u00f3n, y mientras eso sucede se siguen escuchando quejas en el sentido de que las pr\u00e1cticas para favorecer a parientes o amigos no han terminado, es decir se siguen contratando trabajadores de manera discrecional, que en alg\u00fan momento se podr\u00eda considerar v\u00e1lido este criterio con los empleados de confianza pero nos dicen que ese criterio se sigue aplicando por igual en dem\u00e9rito del trabajo legislativo y si eso pasa en el congreso federal, es de imaginarse la situaci\u00f3n que prevalece en los congresos locales, y hasta ah\u00ed, porque como veo, doy.<\/p>\n<p><em><a href=\"mailto:jorgelgalicia@yahoo.com.mx\" target=\"_blank\" rel=\"noopener noreferrer\">jorgelgalicia@yahoo.com.mx<\/a><\/em><\/p>\n","protected":false},"excerpt":{"rendered":"<p><span style=\"color: #005497;\"><strong>Jorge Luis Galicia Palacios<\/strong><\/span><\/p>\n","protected":false},"author":3,"featured_media":0,"comment_status":"open","ping_status":"open","sticky":false,"template":"","format":"standard","meta":{"_monsterinsights_skip_tracking":false,"_monsterinsights_sitenote_active":false,"_monsterinsights_sitenote_note":"","_monsterinsights_sitenote_category":0,"footnotes":""},"categories":[63916],"tags":[28722,63917,43674],"class_list":["post-433544","post","type-post","status-publish","format-standard","hentry","category-jorge-luis-galicia-palacios","tag-como-veo-doy","tag-jorge-luis-galicia-palacios","tag-opinion"],"_links":{"self":[{"href":"https:\/\/www.diarioimagen.net\/index.php?rest_route=\/wp\/v2\/posts\/433544","targetHints":{"allow":["GET"]}}],"collection":[{"href":"https:\/\/www.diarioimagen.net\/index.php?rest_route=\/wp\/v2\/posts"}],"about":[{"href":"https:\/\/www.diarioimagen.net\/index.php?rest_route=\/wp\/v2\/types\/post"}],"author":[{"embeddable":true,"href":"https:\/\/www.diarioimagen.net\/index.php?rest_route=\/wp\/v2\/users\/3"}],"replies":[{"embeddable":true,"href":"https:\/\/www.diarioimagen.net\/index.php?rest_route=%2Fwp%2Fv2%2Fcomments&post=433544"}],"version-history":[{"count":0,"href":"https:\/\/www.diarioimagen.net\/index.php?rest_route=\/wp\/v2\/posts\/433544\/revisions"}],"wp:attachment":[{"href":"https:\/\/www.diarioimagen.net\/index.php?rest_route=%2Fwp%2Fv2%2Fmedia&parent=433544"}],"wp:term":[{"taxonomy":"category","embeddable":true,"href":"https:\/\/www.diarioimagen.net\/index.php?rest_route=%2Fwp%2Fv2%2Fcategories&post=433544"},{"taxonomy":"post_tag","embeddable":true,"href":"https:\/\/www.diarioimagen.net\/index.php?rest_route=%2Fwp%2Fv2%2Ftags&post=433544"}],"curies":[{"name":"wp","href":"https:\/\/api.w.org\/{rel}","templated":true}]}}