{"id":433548,"date":"2019-07-01T00:04:28","date_gmt":"2019-07-01T05:04:28","guid":{"rendered":"https:\/\/www.diarioimagen.net\/?p=433548"},"modified":"2019-07-01T03:18:27","modified_gmt":"2019-07-01T08:18:27","slug":"la-guardia-nacional-y-el-panorama-delictivo","status":"publish","type":"post","link":"https:\/\/www.diarioimagen.net\/?p=433548","title":{"rendered":"La Guardia Nacional y el panorama delictivo"},"content":{"rendered":"<h2>Punto por punto<\/h2>\n<h5>Augusto Corro<\/h5>\n<p>&nbsp;<\/p>\n<p>Con m\u00e1s de setenta mil elementos la Guardia Nacional (GN) empez\u00f3 el combate a la inseguridad en M\u00e9xico.<\/p>\n<p>Estar\u00e1n en todo el pa\u00eds, principalmente en los estados de Guanajuato, Michoac\u00e1n. Estado de M\u00e9xico, Jalisco, Guerrero, Ciudad de M\u00e9xico y Veracruz.<\/p>\n<p>En dichas entidades se registraron elevados \u00edndices delincuenciales. En los primeros seis meses del actual gobierno suman 17 mil 792 v\u00edctimas de homicidio y feminicidio, equivalentes a un promedio de 96 asesinatos por d\u00eda.<\/p>\n<p>Como se sabe, la espiral de violencia en M\u00e9xico viene de sexenios anteriores en los que las autoridades enfrentaron a la delincuencia organizada sin ninguna estrategia para eliminarla o erradicarlo.<\/p>\n<p>Los resultados negativos, pues los grupos criminales se fortalecieron y se multiplicaron en todo el pa\u00eds. Incrementaron el \u00edndice de asesinatos y diversificaron sus actividades con mayor participaci\u00f3n en robos, extorsi\u00f3n y secuestros.<\/p>\n<p>De acuerdo con los datos, la GN contar\u00e1 con 82 mil elementos adiestrados y capacitados este a\u00f1o; 51 mil de estos elementos provendr\u00e1n del Ej\u00e9rcito; 12 mil de la Marina y 17 mil 995 de la Polic\u00eda Federal, en v\u00edas de desaparici\u00f3n.<\/p>\n<p>Como se\u00f1alamos al principio, los batallones de la GN estar\u00e1n en el centro de la espiral de violencia, con la responsabilidad de hacer las veces de polic\u00eda y guardi\u00e1n regresar la seguridad y\u00a0 la paz a la sociedad mexicana.<\/p>\n<p>Ser\u00e1 una tarea dif\u00edcil, compleja,\u00a0 la de\u00a0 volver la seguridad a los mexicanos, tras varios a\u00f1os de ineptitud e indolencia por parte de las autoridades en el combate a la delincuencia. Hay regiones donde no hay polic\u00edas. Lugares donde gobiernan las autoridades oficiales y las bandas de hampones.<\/p>\n<p>Ayer domingo, el presidente Andr\u00e9s Manuel L\u00f3pez Obrador tom\u00f3 la protesta y abander\u00f3 a los primeros batallones de la GN en el Campo Marte.<\/p>\n<p><strong>Los ni\u00f1os migrantes<\/strong><\/p>\n<p>\u00bfRegresamos a los tiempos de Hitler? \u00bfCu\u00e1ntas personas se plantear\u00e1n esta pregunta al conocer la situaci\u00f3n de miles de ni\u00f1os migrantes detenidos en Estados Unidos?<\/p>\n<p>Se trata de una acci\u00f3n criminal reprobable desde todos los puntos de vista; sin embargo, parece que no existe el eco suficiente para condenarla.<\/p>\n<p>Aunque en d\u00edas pasados, fue impactante la fotograf\u00eda de un padre salvadore\u00f1o y su peque\u00f1a hija, indocumentados, ahogados en la ribera del R\u00edo Bravo al intentar cruzar a Estados Unidos.<\/p>\n<p>El hecho fue utilizado por el presidente Donald Trump para llevar agua a su molino, pues declar\u00f3 que con el muro fronterizo no hubieran ocurrido esas muertes.<\/p>\n<p>Esa tragedia que movi\u00f3 a la reflexi\u00f3n fue una m\u00e1s de la cadena de sufrimientos, humillaciones, vejaciones y discriminaciones que padecen los indocumentados que buscan llegar a EU o ya se encuentran en ese pa\u00eds.<\/p>\n<p>En los \u00faltimos meses creci\u00f3 el n\u00famero de centroamericanos y de gente de otros pa\u00edses lejanos que tienen como meta llegar a EU. A diferencia de otros a\u00f1os, ya no son \u00fanicamente los hombres solos quienes se embarcan en esa aventura, sino que viajan con toda la familia.\u00a0 En esas condiciones se multiplica el problema, porque exponen a los ni\u00f1os a toda clase de carencias y maltratos.<\/p>\n<p>Por ejemplo, los peque\u00f1os, separados de sus padres, son enviados a instalaciones que carecen de los suficientes servicios elementales.<\/p>\n<p>Los menores no cuentan con los servicios m\u00e9dicos oportunos; ni tienen las atenciones de higiene y alimentaci\u00f3n adecuadas. No falta quien califique a esas instalaciones como \u201ccomo campos de concentraci\u00f3n hitlerianos\u201d.<\/p>\n<p>El maltrato a los ni\u00f1os y las muertes de indocumentados podr\u00eda satisfacer la mentalidad enferma de Trump, pues su campa\u00f1a de terror en la zona fronteriza llevar\u00eda a los indocumentados desistirse de ingresar a EU a trav\u00e9s de desiertos o de cruzar a nado el R\u00edo Bravo.<\/p>\n<p>Mientras el presidente de EU intenta continuar en el poder cuatro a\u00f1os m\u00e1s y lo que menos le importa es respetar los derechos humanos. Esa actitud lo coloca cerca de Hitler y su Alemania nazi.<\/p>\n<p>Trump no necesita c\u00e1mara de gases para la exterminaci\u00f3n de sus enemigos; pues deja que sea el hambre y el dolor los que golpeen a los necesitados que intentan mejorar su forma de vida; o cambiar sus lugares de origen peligros, por unos sitios seguros.<\/p>\n<p>El problema migratorio siempre estuvo presente en el mundo y quienes resultaron m\u00e1s afectados fueron los ni\u00f1os.<\/p>\n<p>Es necesario que nuevas pol\u00edticas internacionales protejan a los menores indocumentados a cualquier parte donde lleguen. No olvidar que son los primeros perjudicados en los conflictos que ellos nunca propiciaron, ni desearon.<\/p>\n<p><em><u><a href=\"mailto:aco2742@hotmail.com\" target=\"_blank\" rel=\"noopener noreferrer\">aco2742@hotmail.com<\/a><\/u><\/em><\/p>\n","protected":false},"excerpt":{"rendered":"<p><span style=\"color: #005497;\"><strong>Augusto Corro<\/strong><\/span><\/p>\n","protected":false},"author":3,"featured_media":0,"comment_status":"open","ping_status":"open","sticky":false,"template":"","format":"standard","meta":{"_monsterinsights_skip_tracking":false,"_monsterinsights_sitenote_active":false,"_monsterinsights_sitenote_note":"","_monsterinsights_sitenote_category":0,"footnotes":""},"categories":[157],"tags":[43686,43674,11515],"class_list":["post-433548","post","type-post","status-publish","format-standard","hentry","category-augusto-corro","tag-augusto-corro","tag-opinion","tag-punto-por-punto"],"_links":{"self":[{"href":"https:\/\/www.diarioimagen.net\/index.php?rest_route=\/wp\/v2\/posts\/433548","targetHints":{"allow":["GET"]}}],"collection":[{"href":"https:\/\/www.diarioimagen.net\/index.php?rest_route=\/wp\/v2\/posts"}],"about":[{"href":"https:\/\/www.diarioimagen.net\/index.php?rest_route=\/wp\/v2\/types\/post"}],"author":[{"embeddable":true,"href":"https:\/\/www.diarioimagen.net\/index.php?rest_route=\/wp\/v2\/users\/3"}],"replies":[{"embeddable":true,"href":"https:\/\/www.diarioimagen.net\/index.php?rest_route=%2Fwp%2Fv2%2Fcomments&post=433548"}],"version-history":[{"count":0,"href":"https:\/\/www.diarioimagen.net\/index.php?rest_route=\/wp\/v2\/posts\/433548\/revisions"}],"wp:attachment":[{"href":"https:\/\/www.diarioimagen.net\/index.php?rest_route=%2Fwp%2Fv2%2Fmedia&parent=433548"}],"wp:term":[{"taxonomy":"category","embeddable":true,"href":"https:\/\/www.diarioimagen.net\/index.php?rest_route=%2Fwp%2Fv2%2Fcategories&post=433548"},{"taxonomy":"post_tag","embeddable":true,"href":"https:\/\/www.diarioimagen.net\/index.php?rest_route=%2Fwp%2Fv2%2Ftags&post=433548"}],"curies":[{"name":"wp","href":"https:\/\/api.w.org\/{rel}","templated":true}]}}