{"id":433550,"date":"2019-07-01T00:05:49","date_gmt":"2019-07-01T05:05:49","guid":{"rendered":"https:\/\/www.diarioimagen.net\/?p=433550"},"modified":"2019-07-01T03:20:40","modified_gmt":"2019-07-01T08:20:40","slug":"la-cuarta-transformacion","status":"publish","type":"post","link":"https:\/\/www.diarioimagen.net\/?p=433550","title":{"rendered":"La Cuarta Transformaci\u00f3n"},"content":{"rendered":"<h2>Desde el portal<\/h2>\n<h5>\u00c1ngel Soriano<\/h5>\n<p>&nbsp;<\/p>\n<p>El primer a\u00f1o del Presidente Andr\u00e9s Manuel L\u00f3pez Obrador puede ser visto\/o analizado desde diferentes \u00e1ngulos y las conclusiones pueden y deben ser diversas, toda vez que la hiperactividad que realiza el tabasque\u00f1o supera cualquier voluntad de un Ejecutivo o dirigente social con el \u00e1nimo, temple y decisi\u00f3n con la que ejecuta sus acciones, y no s\u00f3lo eso, sino su modestia, sencillez y austeridad con las que las realiza.<\/p>\n<p>Hoy est\u00e1 en la sierra norte de Oaxaca, bajo el fr\u00edo y la neblina, en una zona incomunicada; ma\u00f1ana lo vemos por el desierto de Sonora, en la tarde en Palacio Nacional, en cualquier alcald\u00eda de la Ciudad de M\u00e9xico, o presidiendo una solemne ceremonia militar para echar a caminar la Guardia Nacional.<\/p>\n<p>Ese enjambre de actividades diversas, de largos discursos y lecciones de historia con remoraciones del lugar que visita lo hace, en ocasiones, cometer errores.<\/p>\n<p>Y de sus decisiones precipitadas, las hay de largo alcance y de da\u00f1os colaterales que hacen que sus adversarios se den vuelo critic\u00e1ndolo. Quiz\u00e1 el mayor yerro podr\u00eda ser, entre otros, tomar en serio una amenaza -como las de siempre- del presidente Trump de imponer aranceles a las exportaciones mexicanas a EU. Envi\u00f3 una comisi\u00f3n negociadora que tard\u00f3 una semana en ser recibida y que acept\u00f3 condiciones humillantes en el trato con la migraci\u00f3n centroamericana.<\/p>\n<p>China no cedi\u00f3 a las amenazas y finalmente dobl\u00f3 a Trump y se acord\u00f3 una tregua comercial. M\u00e9xico pudo esperar, en tanto empresarios de ambos pa\u00edses negociaban o presionaban en defensa de sus intereses; las comunidades que realizan actividades en com\u00fan tambi\u00e9n hubieran presionado y M\u00e9xico pudo hacer evitado los denigrantes acuerdos -violatorios a los derechos humanos- a los que estamos sometidos. Y, de los otros equ\u00edvocos, los analistas econ\u00f3micos ya se han ocupado; de los aciertos: acabar con el dispendio y bajar el poder al ras de la tierra.<\/p>\n<p style=\"text-align: center;\"><strong>TURBULENCIAS<br \/>\nFortalecer\u00e1 la paz la Guardia Nacional<\/strong><\/p>\n<p>Al asistir a la Ceremonia Oficial de Inauguraci\u00f3n de la Guardia Nacional desde el Campo Militar Marte -junto con los gobernadores del pa\u00eds y la jefa de Gobierno de la CDMX-, el Ejecutivo de Oaxaca, Alejandro Murat Hinojosa, reiter\u00f3 el compromiso de su gobierno para sumar esfuerzos con este cuerpo de seguridad, a fin de reforzar las acciones emprendidas en esta materia encaminadas a fortalecer la paz social. \u201cRedoblaremos esfuerzos para garantizar el bienestar de la poblaci\u00f3n\u201d, afirm\u00f3 el jefe del Poder Ejecutivo en el marco de este acto, encabezado por el presidente Andr\u00e9s Manuel L\u00f3pez Obrador, indic\u00f3&#8230;Lo que yo veo que se manifiesta en mi regi\u00f3n, que es el sur, el sur ha existido siempre en los discursos y hoy, parece, que ya las cosas van a cambiar y los proyectos prioritarios del presupuesto y las obras m\u00e1s importantes de esta administraci\u00f3n se concentran en el sureste y, particularmente en mi estado, en Oaxaca, dijo el titular de la Auditor\u00eda Superior de la Federaci\u00f3n, David Colmenares P\u00e1ramo, al entregar el informe individual de resultados de la Cuenta P\u00fablica 2018 en la C\u00e1mara de Diputados y a\u00f1adi\u00f3 que, sin matices, estamos en un momento marcado por un hecho evidente: el clamor popular por una verdadera renovaci\u00f3n de la moral p\u00fablica, basada en la \u00e9tica y la integridad; con el mandato de abatir la corrupci\u00f3n, la insuficiente y poca rendici\u00f3n de cuentas, as\u00ed como la impunidad que est\u00e1 en el fondo los grandes problemas de M\u00e9xico: fen\u00f3menos asociados a la corrupci\u00f3n, una administraci\u00f3n p\u00fablica que fue rebasada por la realidad, facilitando el descuido de los recursos depositados en ella, defraudando, en los casos detectados, la confianza ciudadana\u2026<\/p>\n<p><em><a href=\"mailto:asorianocarrasco@yahoo.com\" target=\"_blank\" rel=\"noopener noreferrer\">asorianocarrasco@yahoo.com<\/a><br \/>\n<a href=\"https:\/\/twitter.com\/brecharevista\" target=\"_blank\" rel=\"noopener noreferrer\">@BrechaRevista<\/a><a href=\"mailto:asorianocarrasco@yahoo.com\" target=\"_blank\" rel=\"noopener noreferrer\"><br \/>\n<\/a><a href=\"https:\/\/revistabrecha.com\" target=\"_blank\" rel=\"noopener noreferrer\">www.revistabrecha.com<\/a><\/em><\/p>\n","protected":false},"excerpt":{"rendered":"<p><span style=\"color: #005497;\"><strong>\u00c1ngel Soriano<\/strong><\/span><\/p>\n","protected":false},"author":3,"featured_media":0,"comment_status":"open","ping_status":"open","sticky":false,"template":"","format":"standard","meta":{"_monsterinsights_skip_tracking":false,"_monsterinsights_sitenote_active":false,"_monsterinsights_sitenote_note":"","_monsterinsights_sitenote_category":0,"footnotes":""},"categories":[135],"tags":[85,86,43674],"class_list":["post-433550","post","type-post","status-publish","format-standard","hentry","category-angel-soriano-opinion","tag-angel-soriano","tag-desde-el-portal","tag-opinion"],"_links":{"self":[{"href":"https:\/\/www.diarioimagen.net\/index.php?rest_route=\/wp\/v2\/posts\/433550","targetHints":{"allow":["GET"]}}],"collection":[{"href":"https:\/\/www.diarioimagen.net\/index.php?rest_route=\/wp\/v2\/posts"}],"about":[{"href":"https:\/\/www.diarioimagen.net\/index.php?rest_route=\/wp\/v2\/types\/post"}],"author":[{"embeddable":true,"href":"https:\/\/www.diarioimagen.net\/index.php?rest_route=\/wp\/v2\/users\/3"}],"replies":[{"embeddable":true,"href":"https:\/\/www.diarioimagen.net\/index.php?rest_route=%2Fwp%2Fv2%2Fcomments&post=433550"}],"version-history":[{"count":0,"href":"https:\/\/www.diarioimagen.net\/index.php?rest_route=\/wp\/v2\/posts\/433550\/revisions"}],"wp:attachment":[{"href":"https:\/\/www.diarioimagen.net\/index.php?rest_route=%2Fwp%2Fv2%2Fmedia&parent=433550"}],"wp:term":[{"taxonomy":"category","embeddable":true,"href":"https:\/\/www.diarioimagen.net\/index.php?rest_route=%2Fwp%2Fv2%2Fcategories&post=433550"},{"taxonomy":"post_tag","embeddable":true,"href":"https:\/\/www.diarioimagen.net\/index.php?rest_route=%2Fwp%2Fv2%2Ftags&post=433550"}],"curies":[{"name":"wp","href":"https:\/\/api.w.org\/{rel}","templated":true}]}}