{"id":433619,"date":"2019-07-02T00:07:11","date_gmt":"2019-07-02T05:07:11","guid":{"rendered":"https:\/\/www.diarioimagen.net\/?p=433619"},"modified":"2019-07-02T00:37:09","modified_gmt":"2019-07-02T05:37:09","slug":"el-dueno-de-ahmsa-paga-un-millon-de-euros-y-deja-prision","status":"publish","type":"post","link":"https:\/\/www.diarioimagen.net\/?p=433619","title":{"rendered":"El due\u00f1o de AHMSA paga un mill\u00f3n de euros y deja prisi\u00f3n"},"content":{"rendered":"<ul>\n<li><em><strong>Alonso Ancira obtiene su libertad bajo fianza<\/strong><\/em><\/li>\n<\/ul>\n<p>&nbsp;<\/p>\n<div id=\"attachment_433620\" style=\"width: 470px\" class=\"wp-caption aligncenter\"><img loading=\"lazy\" decoding=\"async\" aria-describedby=\"caption-attachment-433620\" class=\"size-large wp-image-433620\" src=\"https:\/\/www.diarioimagen.net\/wp-content\/uploads\/2019\/07\/ANCIRA2-PORTAL-460x268.jpg\" alt=\"\" width=\"460\" height=\"268\" srcset=\"https:\/\/www.diarioimagen.net\/wp-content\/uploads\/2019\/07\/ANCIRA2-PORTAL-460x268.jpg 460w, https:\/\/www.diarioimagen.net\/wp-content\/uploads\/2019\/07\/ANCIRA2-PORTAL-240x140.jpg 240w, https:\/\/www.diarioimagen.net\/wp-content\/uploads\/2019\/07\/ANCIRA2-PORTAL.jpg 480w\" sizes=\"auto, (max-width: 460px) 100vw, 460px\" \/><p id=\"caption-attachment-433620\" class=\"wp-caption-text\">El Juez Central de Instrucci\u00f3n 1 de la Audiencia Nacional de Espa\u00f1a decret\u00f3 la libertad bajo fianza del empresario Alonso Ancira.<\/p><\/div>\n<p>&nbsp;<\/p>\n<p>El due\u00f1o de la sider\u00fargica Altos Hornos de M\u00e9xico, Alonso Ancira, pag\u00f3 este lunes la fianza de un mill\u00f3n de euros que le impuso el juez de la Audiencia Nacional de Espa\u00f1a, Santiago Pedraz, para poder abandonar el centro penal en donde se encuentra, mientras se decide su posible extradici\u00f3n a M\u00e9xico.<\/p>\n<p>Fuentes jur\u00eddicas citadas por la agencia espa\u00f1ola de noticias EFE, se\u00f1alaron que una vez que se ha abonado la fianza fijada el juez Pedraz envi\u00f3 el auto de libertad al juzgado de Palma de Mallorca, donde se encuentra preso el empresario mexicano desde el pasado 29 de mayo.<\/p>\n<p>Con el pago de la fianza, el due\u00f1o de Altos Hornos de M\u00e9xico (AHMSA) deber\u00e1 comparecer cada dos d\u00edas ante el tribunal o en el domicilio que se fije, y se le ha prohibido rotundamente salir de Espa\u00f1a, por lo que le fueron retirados sus pasaportes, emitidos por autoridades mexicanas y estadunidenses.<\/p>\n<p>El empresario mexicano fue detenido el pasado 28 de mayo por agentes de la Organizaci\u00f3n Internacional de Polic\u00eda Criminal (Interpol) en el aeropuerto de Palma de Mallorca, en cumplimiento de una orden de detenci\u00f3n emitida por el gobierno de M\u00e9xico, que reclama su extradici\u00f3n.<\/p>\n<p>Ancira, de 67 a\u00f1os de edad, es acusado por las autoridades mexicanas de cargos de corrupci\u00f3n y lavado de dinero, vinculados con la presunta venta irregular que hizo a la compa\u00f1\u00eda estatal Petr\u00f3leos Mexicanos (Pemex) de una planta de producci\u00f3n de fertilizantes en 2013.<\/p>\n<p>Seg\u00fan la fiscal\u00eda mexicana, la compra de dicha planta fue pactada con un sobreprecio de unos 500 millones de d\u00f3lares, cuando su valor real no superaba los 50 millones de d\u00f3lares, ya que pr\u00e1cticamente es obsoleta.<\/p>\n<p>El contrato fue hecho por AHMSA a Pemex, petrolera que estaba dirigida en ese entonces por Emilio Lozoya Austin, sobre quien tambi\u00e9n pesa una orden de captura y a quien se le han congelado varias cuentas bancarias.<\/p>\n<p>Adem\u00e1s, el exdirector de Pemex durante el gobierno del presidente Enrique Pe\u00f1a Nieto (2012-2018) es investigado por la presunta recepci\u00f3n de unos 10.5 millones de d\u00f3lares en sobornos de parte de la constructora brasile\u00f1a Odebrecht, seg\u00fan reconoci\u00f3 el directivo de esa empresa en M\u00e9xico, Luis Weyll.<\/p>\n","protected":false},"excerpt":{"rendered":"<p>El due\u00f1o de la sider\u00fargica Altos Hornos de M\u00e9xico, Alonso Ancira, pag\u00f3 este lunes la fianza de un mill\u00f3n de euros que le impuso el juez de la Audiencia Nacional de Espa\u00f1a, Santiago Pedraz, para poder abandonar el centro penal en donde se encuentra, mientras se decide su posible extradici\u00f3n a M\u00e9xico.<\/p>\n","protected":false},"author":5,"featured_media":433620,"comment_status":"open","ping_status":"open","sticky":false,"template":"","format":"standard","meta":{"_monsterinsights_skip_tracking":false,"_monsterinsights_sitenote_active":false,"_monsterinsights_sitenote_note":"","_monsterinsights_sitenote_category":0,"footnotes":""},"categories":[25512],"tags":[86450,86448,43673,86449],"class_list":["post-433619","post","type-post","status-publish","format-standard","has-post-thumbnail","hentry","category-nacional-nacional","tag-deja-prision","tag-dueno-de-ahmsa","tag-nacional","tag-paga-un-millon-de-euros"],"_links":{"self":[{"href":"https:\/\/www.diarioimagen.net\/index.php?rest_route=\/wp\/v2\/posts\/433619","targetHints":{"allow":["GET"]}}],"collection":[{"href":"https:\/\/www.diarioimagen.net\/index.php?rest_route=\/wp\/v2\/posts"}],"about":[{"href":"https:\/\/www.diarioimagen.net\/index.php?rest_route=\/wp\/v2\/types\/post"}],"author":[{"embeddable":true,"href":"https:\/\/www.diarioimagen.net\/index.php?rest_route=\/wp\/v2\/users\/5"}],"replies":[{"embeddable":true,"href":"https:\/\/www.diarioimagen.net\/index.php?rest_route=%2Fwp%2Fv2%2Fcomments&post=433619"}],"version-history":[{"count":0,"href":"https:\/\/www.diarioimagen.net\/index.php?rest_route=\/wp\/v2\/posts\/433619\/revisions"}],"wp:featuredmedia":[{"embeddable":true,"href":"https:\/\/www.diarioimagen.net\/index.php?rest_route=\/wp\/v2\/media\/433620"}],"wp:attachment":[{"href":"https:\/\/www.diarioimagen.net\/index.php?rest_route=%2Fwp%2Fv2%2Fmedia&parent=433619"}],"wp:term":[{"taxonomy":"category","embeddable":true,"href":"https:\/\/www.diarioimagen.net\/index.php?rest_route=%2Fwp%2Fv2%2Fcategories&post=433619"},{"taxonomy":"post_tag","embeddable":true,"href":"https:\/\/www.diarioimagen.net\/index.php?rest_route=%2Fwp%2Fv2%2Ftags&post=433619"}],"curies":[{"name":"wp","href":"https:\/\/api.w.org\/{rel}","templated":true}]}}