{"id":433629,"date":"2019-07-02T00:09:34","date_gmt":"2019-07-02T05:09:34","guid":{"rendered":"https:\/\/www.diarioimagen.net\/?p=433629"},"modified":"2019-07-02T00:37:43","modified_gmt":"2019-07-02T05:37:43","slug":"crimen-organizado-da-la-bienvenida-a-guardia-nacional-en-tabasco","status":"publish","type":"post","link":"https:\/\/www.diarioimagen.net\/?p=433629","title":{"rendered":"Crimen organizado da la \u201cbienvenida\u201d a Guardia Nacional en Tabasco"},"content":{"rendered":"<ul>\n<li><em><strong>Con bloqueos y quemas de veh\u00edculos<\/strong><\/em><\/li>\n<\/ul>\n<p>&nbsp;<\/p>\n<div id=\"attachment_433630\" style=\"width: 470px\" class=\"wp-caption aligncenter\"><img loading=\"lazy\" decoding=\"async\" aria-describedby=\"caption-attachment-433630\" class=\"size-large wp-image-433630\" src=\"https:\/\/www.diarioimagen.net\/wp-content\/uploads\/2019\/07\/BIENVENIDA2-PORTAL-460x268.jpg\" alt=\"\" width=\"460\" height=\"268\" srcset=\"https:\/\/www.diarioimagen.net\/wp-content\/uploads\/2019\/07\/BIENVENIDA2-PORTAL-460x268.jpg 460w, https:\/\/www.diarioimagen.net\/wp-content\/uploads\/2019\/07\/BIENVENIDA2-PORTAL-240x140.jpg 240w, https:\/\/www.diarioimagen.net\/wp-content\/uploads\/2019\/07\/BIENVENIDA2-PORTAL.jpg 480w\" sizes=\"auto, (max-width: 460px) 100vw, 460px\" \/><p id=\"caption-attachment-433630\" class=\"wp-caption-text\">Se registro este lunes un bloqueo carretero en la entrada de Villahermoa en el que dejaron una manta con amenazas a la Guardia Nacional.<\/p><\/div>\n<p>&nbsp;<\/p>\n<p>Integrantes del crimen organizado prendieron fuego a cinco veh\u00edculos con los que bloquearon la v\u00eda Villahermosa-Teapa, en Tabasco y colocaron una manta con amenazas de \u201cbienvenida\u201d a la Guardia Nacional.<\/p>\n<p>La Polic\u00eda Federal alert\u00f3 sobre el incidente ocurrido a la altura del punto conocido como La Majahua.<\/p>\n<p>\u00ab#Tabasco Cierre de circulaci\u00f3n km 06 Ctra 2800 Villahermosa-Teapa, mismo tramo. Atienda indicaci\u00f3n vial\u00bb, report\u00f3 en la cuenta @PF_Carreteras.<\/p>\n<p>\u201cPero haber cuantos salen vivos (sic)\u201d, se alcanzaba a leer en la manta encontrada por las autoridades.<\/p>\n<p>El bloqueo gener\u00f3 largas filas de veh\u00edculos en ambos sentidos de la carretera.<\/p>\n<p>Elementos de Bomberos y Protecci\u00f3n Civil acudieron al punto a sofocar el fuego e iniciar el retiro de los veh\u00edculos calcinados.<\/p>\n<p>La Guardia Nacional fue inaugurada formalmente en M\u00e9xico el domingo, pese a que miles de sus miembros ya act\u00faan desde hace varios d\u00edas en funciones de control migratorio.<\/p>\n<p>De acuerdo con las autoridades, de manera inicial ser\u00e1n 70 mil efectivos los que comiencen con las tareas de seguridad en el pa\u00eds. Se espera que el n\u00famero de efectivos llegue hasta los 150 mil.<\/p>\n","protected":false},"excerpt":{"rendered":"<p>Integrantes del crimen organizado prendieron fuego a cinco veh\u00edculos con los que bloquearon la v\u00eda Villahermosa-Teapa, en Tabasco y colocaron una manta con amenazas de \u201cbienvenida\u201d a la Guardia Nacional.<\/p>\n","protected":false},"author":5,"featured_media":433630,"comment_status":"open","ping_status":"open","sticky":false,"template":"","format":"standard","meta":{"_monsterinsights_skip_tracking":false,"_monsterinsights_sitenote_active":false,"_monsterinsights_sitenote_note":"","_monsterinsights_sitenote_category":0,"footnotes":""},"categories":[25512],"tags":[4184,4160,86456,2268,86455],"class_list":["post-433629","post","type-post","status-publish","format-standard","has-post-thumbnail","hentry","category-nacional-nacional","tag-crimen-organizado","tag-guardia-nacional","tag-la-majahua","tag-tabasco","tag-bienvenida"],"_links":{"self":[{"href":"https:\/\/www.diarioimagen.net\/index.php?rest_route=\/wp\/v2\/posts\/433629","targetHints":{"allow":["GET"]}}],"collection":[{"href":"https:\/\/www.diarioimagen.net\/index.php?rest_route=\/wp\/v2\/posts"}],"about":[{"href":"https:\/\/www.diarioimagen.net\/index.php?rest_route=\/wp\/v2\/types\/post"}],"author":[{"embeddable":true,"href":"https:\/\/www.diarioimagen.net\/index.php?rest_route=\/wp\/v2\/users\/5"}],"replies":[{"embeddable":true,"href":"https:\/\/www.diarioimagen.net\/index.php?rest_route=%2Fwp%2Fv2%2Fcomments&post=433629"}],"version-history":[{"count":0,"href":"https:\/\/www.diarioimagen.net\/index.php?rest_route=\/wp\/v2\/posts\/433629\/revisions"}],"wp:featuredmedia":[{"embeddable":true,"href":"https:\/\/www.diarioimagen.net\/index.php?rest_route=\/wp\/v2\/media\/433630"}],"wp:attachment":[{"href":"https:\/\/www.diarioimagen.net\/index.php?rest_route=%2Fwp%2Fv2%2Fmedia&parent=433629"}],"wp:term":[{"taxonomy":"category","embeddable":true,"href":"https:\/\/www.diarioimagen.net\/index.php?rest_route=%2Fwp%2Fv2%2Fcategories&post=433629"},{"taxonomy":"post_tag","embeddable":true,"href":"https:\/\/www.diarioimagen.net\/index.php?rest_route=%2Fwp%2Fv2%2Ftags&post=433629"}],"curies":[{"name":"wp","href":"https:\/\/api.w.org\/{rel}","templated":true}]}}