{"id":433652,"date":"2019-07-02T00:11:54","date_gmt":"2019-07-02T05:11:54","guid":{"rendered":"https:\/\/www.diarioimagen.net\/?p=433652"},"modified":"2019-07-02T00:40:51","modified_gmt":"2019-07-02T05:40:51","slug":"ataques-frontales-a-amlo-de-la-derecha-reaccionaria","status":"publish","type":"post","link":"https:\/\/www.diarioimagen.net\/?p=433652","title":{"rendered":"Ataques frontales a AMLO de la derecha reaccionaria"},"content":{"rendered":"<h2>\u00cdndice pol\u00edtico<\/h2>\n<h5>Francisco Rodr\u00edguez<\/h5>\n<p>&nbsp;<\/p>\n<div id=\"attachment_433653\" style=\"width: 470px\" class=\"wp-caption aligncenter\"><a href=\"https:\/\/www.diarioimagen.net\/?attachment_id=433653\" rel=\"attachment wp-att-433653\"><img loading=\"lazy\" decoding=\"async\" aria-describedby=\"caption-attachment-433653\" class=\"size-large wp-image-433653\" src=\"https:\/\/www.diarioimagen.net\/wp-content\/uploads\/2019\/07\/conlopez-gato-por-liebre-MARAL-460x321.jpg\" alt=\"\" width=\"460\" height=\"321\" srcset=\"https:\/\/www.diarioimagen.net\/wp-content\/uploads\/2019\/07\/conlopez-gato-por-liebre-MARAL-460x321.jpg 460w, https:\/\/www.diarioimagen.net\/wp-content\/uploads\/2019\/07\/conlopez-gato-por-liebre-MARAL-240x168.jpg 240w, https:\/\/www.diarioimagen.net\/wp-content\/uploads\/2019\/07\/conlopez-gato-por-liebre-MARAL-768x536.jpg 768w, https:\/\/www.diarioimagen.net\/wp-content\/uploads\/2019\/07\/conlopez-gato-por-liebre-MARAL.jpg 1200w\" sizes=\"auto, (max-width: 460px) 100vw, 460px\" \/><\/a><p id=\"caption-attachment-433653\" class=\"wp-caption-text\">Con L\u00f3pez, gato por liebre&#8230; |\u00a0Maral<\/p><\/div>\n<p>&nbsp;<\/p>\n<p>Cualquier medida gubernamental, del gobierno que sea, contra los derechos de las poblaciones y sectores vulnerables, de donde provengan, son indudablemente parte de populismos de derecha que acaban revirti\u00e9ndose contra sus propios habitantes. Son por principio inadmisibles y reaccionarias. La raz\u00f3n de ser de los\u00a0establishments\u00a0pol\u00edticos de cualquier latitud del planeta es precisamente el abogar siempre por los derechos y las libertades democr\u00e1ticas de migrantes, madres solteras, colectivos de preferencias distintas y franjas marginales de cualquier sociedad que pretenda ser moderna.<\/p>\n<p>Ha sido comprobado en la historia universal que el respeto por los derechos humanos esenciales es la base de cualquier gobierno que se precie de humanista y abierto. Hasta en las monarqu\u00edas supuestamente m\u00e1s duras y olig\u00e1rquicas de la Tierra \u00e9sta ha sido una consigna y una bandera que no admite claudicaciones.<\/p>\n<p>Amplias franjas y sectores de habitantes de los gobiernos regidos por las coronas n\u00f3rdicas, las que representan hist\u00f3ricamente los ascensos de los linajes m\u00e1s refractarios, han sido beneficiados en Suecia, Dinamarca, Holanda, Noruega y los que usted decida seleccionar.<\/p>\n<p>Las pol\u00edticas sociales no son propiedad de gobiernos emergidos de luchas revolucionarias, sino forman parte esencial del m\u00ednimo humanismo que les asiste en un mundo complejo y competitivo. Nadie puede invocar lesiones provocadas por quienes buscan asilo territorial para huir del hambre, de la opresi\u00f3n o de la venganza.<\/p>\n<p>La historia del mundo est\u00e1 representada por la b\u00fasqueda de alimento, trabajo, techo y oportunidades de hombres, mujeres y ni\u00f1os a quienes se les niegan sus derechos esenciales en sus comunidades de origen. El destino del hombre no puede estar delimitado por fronteras, sus derechos son exigibles en cualquier parte. Lo contrario es lesivo para cualquier naturaleza. Somos un mundo de migrantes. Siempre lo hemos sido.<\/p>\n<p>Los populismos de derecha, deseosos de quedar bien con todos, empezando con sus sectores acomodados y terminando con las presiones extranjeras sobre los gobiernos, tienden al fracaso. Siempre ha sido as\u00ed, desde que el mundo es tal.<\/p>\n<p>La oposici\u00f3n al asilo territorial, los diques a los humanos que se resisten a una vida indecorosa son absolutamente inadmisibles. El principio b\u00e1sico del cualquier gobierno que se precie de serlo es abogar por los indefensos, sean quienes sean. Lo otro forma parte de la vergonzosa discriminaci\u00f3n y de la intolerancia humana.<\/p>\n<p>As\u00ed como suena. Nadie tiene derecho de cancelar las oportunidades de vida de cualquier ser humano. Quien lo hace forma parte de algo despreciable, oscuro, intolerable. Ning\u00fan pragmatismo puede sostener esa actitud. La carne humana, el ser espec\u00edfico, no puede ser moneda de cambio de una decisi\u00f3n que atenta contra el desarrollo.<\/p>\n<p>Grandes p\u00e1ginas mexicanas se han cubierto de prestigio por el cobijo territorial y la protecci\u00f3n diplom\u00e1tica brindada a los espa\u00f1oles desplazados por la guerra civil del sanguinario franquismo, por la intolerancia estalinista contra Trotsky el profeta desarmado, del abrigo brindado a intelectuales, pol\u00edticos y analistas latinoamericanos que huyeron de las dictaduras. La pol\u00edtica mexicana de asilo territorial siempre fue ejemplar.<\/p>\n<p>Cuando reclamamos airadamente el trato desp\u00f3tico a nuestros migrantes en tierras estadounidenses que se han aprovechado de su trabajo y esfuerzo por remediar la industria agropecuaria, la construcci\u00f3n, el sistema alimentario y las formas b\u00e1sicas de la producci\u00f3n en el pa\u00eds del norte&#8230;&#8230; hablamos de posiciones duras que atentan contra el mismo sistema de vida norteamericano. Lo que pedimos fuera de nuestras fronteras debe estar apoyado por las actitudes que profesamos aqu\u00ed adentro contra los que buscan nuestra protecci\u00f3n y apoyo. Si no, contribuimos a dar pasto a las fieras del TLCAN para que nutran sus afanes descompensatorios.<\/p>\n<p>Nadie tiene derecho a renegar de su historia, as\u00ed como nadie puede argumentar presiones para cambiar su curso, m\u00e1xime cuando est\u00e1 en juego la supervivencia, la lucha por el pan y por la paz. Nadie puede ni debe plegarse a lo insensato para pretender obtener ventajas en lo que debe ser negociado de otras maneras.<\/p>\n<p>Los t\u00e9rminos de la claudicaci\u00f3n, como siempre, est\u00e1n mal planteados y son de suyo injustos. No pueden ponerse en la balanza de la lucha pol\u00edtica derechos que no deben ser conculcados, ni pol\u00edticas humanitarias que en pleno siglo XXI no deben estar sujetas a negociaciones espurias e inconfesables.<\/p>\n<p>Ning\u00fan logro puede enaltecerse mientras se ponga en el\u00a0quid pro quo\u00a0de la diplomacia un solo derecho de las poblaciones vulnerables. Sobre todo, porque la popularidad del movimiento que cristaliz\u00f3 en el triunfo electoral del a\u00f1o pasado se bas\u00f3 en el prestigio alcanzado por el nuevo r\u00e9gimen en el terreno de los programas sociales para la poblaci\u00f3n indefensa.<\/p>\n<p>\u201cPor el bien de todos, primero los pobres\u201d sigue siendo la promesa violada. El af\u00e1n incumplido por el revanchismo, la insensatez, la incapacidad y la falta de ideolog\u00eda y programa de gobierno concreto que sostenga el cumplimiento cabal de los objetivos iniciales.<\/p>\n<p>Ning\u00fan gobierno progresista puede sostenerse sobre luchas err\u00e1ticas contra las corrupciones menores si no va en principio contra las corrupciones estructurales, aqu\u00e9llas que han marcado el asesinato de la esperanza nacional.<\/p>\n<p>La lucha frontal contra los delitos en desmedro del patrimonio, contra las devoluciones fiscales que est\u00e1n atentando contra la realizaci\u00f3n de los programas sociales, contra los modos de exacci\u00f3n econ\u00f3mica b\u00e1sica est\u00e1 naufragando. Y \u00e9sta es una noticia que nadie esper\u00f3 dar.<\/p>\n<p>Lo dem\u00e1s es populismo trasnochado de derecha. Lo dem\u00e1s atenta contra la viabilidad de este gobierno y de cualquier r\u00e9gimen. Lo dem\u00e1s suena a claudicaci\u00f3n, a impotencia o a un sistema populachero de propaganda que no tarda en cansar la paciencia del respetable.<\/p>\n<p>La propuesta de las ciudades santuario en territorio mexicano, en los hechos \u201ctercer pa\u00eds seguro \u201c para deportados estadounidenses, esas casamatas que tienden a favorecer el recorrido hacia el sur de las fronteras del imperio chiquito,\u200e es una concesi\u00f3n que atenta contra los principios b\u00e1sicos de soberan\u00eda, de autonom\u00eda y de independencia.<\/p>\n<p>No pasar\u00e1n, como clamaba Dolores Ib\u00e1rruri,\u00a0La Pasionaria, defensora del Madrid republicano. \u00bfNo cree usted?<\/p>\n<p><b><i>\u00cdndice Flam\u00edgero:<\/i><\/b> El domingo, en Morelia, Michoac\u00e1n, miembros y simpatizantes del Congreso Nacional Ciudadano marcharon desde la fuente de Las Tarascas hasta la plaza Melchor Ocampo, en el Centro Hist\u00f3rico de la ciudad, en rechazo al apoyo humanitario que ofreci\u00f3 el gobierno de Andr\u00e9s Manuel L\u00f3pez Obrador, a los migrantes centroamericanos que no tienen posibilidades de cruzar hacia Estados Unidos por el endurecimiento de su pol\u00edtica antinmigrantes. Ese fue el prop\u00f3sito de la movilizaci\u00f3n, seg\u00fan lo puso de manifiesto en entrevista colectiva, Lourdes Patricia Galiaci Tornel, coordinadora estatal de la agrupaci\u00f3n denominada Congreso Nacional Ciudadano, misma que el pasado 13 de mayo present\u00f3 ante la C\u00e1mara de Diputados del Congreso de la Uni\u00f3n y el Senado de la Rep\u00fablica, una solicitud de juicio pol\u00edtico en contra del titular del Ejecutivo federal, por presunta \u201ctraici\u00f3n a la patria\u201d. + + + Hace una semana, el 24 de junio,\u00a0The New York Times\u00a0public\u00f3 que \u201cHasta el momento, la movilizaci\u00f3n de la Guardia Nacional se ha quedado corta en comparaci\u00f3n con el despliegue dram\u00e1tico que prometi\u00f3 el gobierno mexicano: s\u00f3lo una fracci\u00f3n de los seis mil integrantes estaban operando en el sur de M\u00e9xico. Aun as\u00ed, su despliegue ya ha trastornado el flujo t\u00edpico de personas y de comercio que se traslada por esta frontera hist\u00f3ricamente porosa, lo que ha generado miedo entre las personas que buscan cruzar la frontera y tambi\u00e9n entre los\u00a0coyotes. El despliegue de la Guardia Nacional es parte de un acuerdo entre el gobierno de Andr\u00e9s Manuel L\u00f3pez Obrador y el de su hom\u00f3logo estadounidense, Donald Trump, pensado para evitar la imposici\u00f3n potencialmente devastadora de aranceles a los productos mexicanos. Trump celebr\u00f3 los esfuerzos del gobierno de L\u00f3pez Obrador el jueves 20 de junio. \u2018El flujo ya se redujo sustancialmente\u2019, indic\u00f3. \u2018Ya est\u00e1 teniendo un gran impacto\u2019\u201d.<\/p>\n<p><em><u><a href=\"http:\/\/www.indicepolitico.com\" target=\"_blank\" rel=\"noopener noreferrer\">www.indicepolitico.com<\/a><br \/>\n<a href=\"mailto:pacorodriguez@journalist.com\" target=\"_blank\" rel=\"noopener noreferrer\">pacorodriguez@journalist.com<\/a><br \/>\n<a href=\"https:\/\/twitter.com\/pacorodriguez\" target=\"_blank\" rel=\"noopener noreferrer\">@pacorodriguez<\/a><\/u><\/em><\/p>\n","protected":false},"excerpt":{"rendered":"<p><span style=\"color: #005497;\"><strong>Francisco Rodr\u00edguez<\/strong><\/span><br \/>\n<br \/>\nCualquier medida gubernamental, del gobierno que sea, contra los derechos de las poblaciones y sectores vulnerables, de donde provengan, son indudablemente parte de populismos de derecha que acaban revirti\u00e9ndose contra sus propios habitantes.<\/p>\n","protected":false},"author":1,"featured_media":433653,"comment_status":"open","ping_status":"open","sticky":false,"template":"","format":"standard","meta":{"_monsterinsights_skip_tracking":false,"_monsterinsights_sitenote_active":false,"_monsterinsights_sitenote_note":"","_monsterinsights_sitenote_category":0,"footnotes":""},"categories":[549],"tags":[43689,550,43674],"class_list":["post-433652","post","type-post","status-publish","format-standard","has-post-thumbnail","hentry","category-francisco-rodriguez","tag-francisco-rodriguez","tag-indice-politico","tag-opinion"],"_links":{"self":[{"href":"https:\/\/www.diarioimagen.net\/index.php?rest_route=\/wp\/v2\/posts\/433652","targetHints":{"allow":["GET"]}}],"collection":[{"href":"https:\/\/www.diarioimagen.net\/index.php?rest_route=\/wp\/v2\/posts"}],"about":[{"href":"https:\/\/www.diarioimagen.net\/index.php?rest_route=\/wp\/v2\/types\/post"}],"author":[{"embeddable":true,"href":"https:\/\/www.diarioimagen.net\/index.php?rest_route=\/wp\/v2\/users\/1"}],"replies":[{"embeddable":true,"href":"https:\/\/www.diarioimagen.net\/index.php?rest_route=%2Fwp%2Fv2%2Fcomments&post=433652"}],"version-history":[{"count":0,"href":"https:\/\/www.diarioimagen.net\/index.php?rest_route=\/wp\/v2\/posts\/433652\/revisions"}],"wp:featuredmedia":[{"embeddable":true,"href":"https:\/\/www.diarioimagen.net\/index.php?rest_route=\/wp\/v2\/media\/433653"}],"wp:attachment":[{"href":"https:\/\/www.diarioimagen.net\/index.php?rest_route=%2Fwp%2Fv2%2Fmedia&parent=433652"}],"wp:term":[{"taxonomy":"category","embeddable":true,"href":"https:\/\/www.diarioimagen.net\/index.php?rest_route=%2Fwp%2Fv2%2Fcategories&post=433652"},{"taxonomy":"post_tag","embeddable":true,"href":"https:\/\/www.diarioimagen.net\/index.php?rest_route=%2Fwp%2Fv2%2Ftags&post=433652"}],"curies":[{"name":"wp","href":"https:\/\/api.w.org\/{rel}","templated":true}]}}