{"id":433657,"date":"2019-07-02T00:03:53","date_gmt":"2019-07-02T05:03:53","guid":{"rendered":"https:\/\/www.diarioimagen.net\/?p=433657"},"modified":"2019-07-02T00:41:35","modified_gmt":"2019-07-02T05:41:35","slug":"cambian-vias-al-tren-ligero","status":"publish","type":"post","link":"https:\/\/www.diarioimagen.net\/?p=433657","title":{"rendered":"Cambian v\u00edas al Tren Ligero"},"content":{"rendered":"<h2>Folclor urbano<\/h2>\n<h5>Salvador Estrada<\/h5>\n<p>&nbsp;<\/p>\n<p>Xochimilco, que antes era un pueblo, luego fue delegaci\u00f3n y ahora es alcald\u00eda, sigue siendo un atractivo tur\u00edstico y un Pueblo M\u00e1gico, al que se le visitaba los fines de semana, con la familia o con amigos, y en donde disfrutabas en las trajineras que te llevaban por los canales y te llenabas de \u201cnaturaleza\u201d.<span class=\"Apple-converted-space\">\u00a0<\/span><\/p>\n<p>Para llegar a \u00e9l te transportabas en el llamado tranv\u00eda, que se moderniz\u00f3 y que ahora se llama Tren Ligero, cuyas v\u00edas fueron colocadas a principios del siglo pasado, \u00a0y que por su antig\u00fcedad ser\u00e1n cambiadas para brindar un mejor y r\u00e1pido servicio.<\/p>\n<p>El \u00a0viaje se iniciaba cerca de estaci\u00f3n Taxque\u00f1a del Metro, y que a partir de ayer ya no ser\u00e1 as\u00ed, porque las autoridades van a colocar riel nuevo, de mejor calidad y resistencia y cerrar\u00e1n nueve estaciones.<\/p>\n<p>Desde el Estadio Azteca funcionar\u00e1 el Tren Ligero hasta el Pueblo M\u00e1gico, pero desafortunadamente para los \u00a0amantes al futbol ya no podr\u00e1n usarlo ni para su ida ni para su regreso.<span class=\"Apple-converted-space\">\u00a0<\/span><\/p>\n<p>Sin embargo, las autoridades, \u201dcompasivas\u201d de los fan\u00e1ticos podr\u00e1n a su servicio la Red de Transporte de Pasajeros que har\u00e1n parada en las estaciones del tren ligero.<\/p>\n<p>El Servicio de Transportes El\u00e9ctricos es el organismo encargado del tren ligero y de los trolebuses de la capital, que no contaminan y que deben de ampliar su red en la ciudad.<\/p>\n<p>Este organismo invertir\u00e1 285 millones de pesos \u00a0en la \u00a0rehabilitaci\u00f3n del tren ligero que incluye cambio de riel, balastro, durmientes y sujetadores.<\/p>\n<p>Los trabajos concluir\u00e1n a fines de este a\u00f1o y cuando sea reinaugurado los usuarios podr\u00e1n \u00a0llegar a Xochimilco en cuarenta minutos.<\/p>\n<p>Debido al deterioro de las v\u00edas el viaje a ese pueblo lacustre se hac\u00eda en una hora y quince minutos porque en algunos tramos el tren circulaba a 10 kil\u00f3metros y circulaba a esa velocidad con el fin de evitar accidentes.<\/p>\n<p>El tren ligero ya con nueva v\u00eda \u00a0podr\u00e1 correr a cincuenta kil\u00f3metros por hora y se espera que entre en servicio a fines de 2019 y con mayor seguridad para los pasajeros<\/p>\n<p>Las estaciones que dejar\u00e1n de funcionar son Taxque\u00f1a, Las Torres, Ciudad Jard\u00edn, La Virgen, Xotepingo, Netzahualpilli, Registro Federal, Textitl\u00e1n y El Vergel.<\/p>\n<p>Para asegurarse del buen servicio todas las noches las \u00a0v\u00edas ser\u00e1n revisadas y cuidar\u00e1n que no se afecten por el uso diario y que el tren llegue a tiempo a sus estaciones.<\/p>\n<p>El Tren Ligero tiene capacidad \u00a0para transportar a 95 mil pasajeros diariamente y se estima que al mejorar el servicio, no \u00a0haya aumento en el precio del pasaje, pero usted \u00bfqu\u00e9 cree?<\/p>\n<p><em><a href=\"mailto:chavasec@yahoo.com.mx\" target=\"_blank\" rel=\"noopener noreferrer\">chavasec@yahoo.com.mx<\/a><\/em><\/p>\n","protected":false},"excerpt":{"rendered":"<p><span style=\"color: #005497;\"><strong>Salvador Estrada<\/strong><\/span><\/p>\n","protected":false},"author":1,"featured_media":0,"comment_status":"open","ping_status":"open","sticky":false,"template":"","format":"standard","meta":{"_monsterinsights_skip_tracking":false,"_monsterinsights_sitenote_active":false,"_monsterinsights_sitenote_note":"","_monsterinsights_sitenote_category":0,"footnotes":""},"categories":[41601],"tags":[],"class_list":["post-433657","post","type-post","status-publish","format-standard","hentry","category-salvador-estrada-opinion"],"_links":{"self":[{"href":"https:\/\/www.diarioimagen.net\/index.php?rest_route=\/wp\/v2\/posts\/433657","targetHints":{"allow":["GET"]}}],"collection":[{"href":"https:\/\/www.diarioimagen.net\/index.php?rest_route=\/wp\/v2\/posts"}],"about":[{"href":"https:\/\/www.diarioimagen.net\/index.php?rest_route=\/wp\/v2\/types\/post"}],"author":[{"embeddable":true,"href":"https:\/\/www.diarioimagen.net\/index.php?rest_route=\/wp\/v2\/users\/1"}],"replies":[{"embeddable":true,"href":"https:\/\/www.diarioimagen.net\/index.php?rest_route=%2Fwp%2Fv2%2Fcomments&post=433657"}],"version-history":[{"count":0,"href":"https:\/\/www.diarioimagen.net\/index.php?rest_route=\/wp\/v2\/posts\/433657\/revisions"}],"wp:attachment":[{"href":"https:\/\/www.diarioimagen.net\/index.php?rest_route=%2Fwp%2Fv2%2Fmedia&parent=433657"}],"wp:term":[{"taxonomy":"category","embeddable":true,"href":"https:\/\/www.diarioimagen.net\/index.php?rest_route=%2Fwp%2Fv2%2Fcategories&post=433657"},{"taxonomy":"post_tag","embeddable":true,"href":"https:\/\/www.diarioimagen.net\/index.php?rest_route=%2Fwp%2Fv2%2Ftags&post=433657"}],"curies":[{"name":"wp","href":"https:\/\/api.w.org\/{rel}","templated":true}]}}