{"id":433764,"date":"2019-07-02T00:11:59","date_gmt":"2019-07-02T05:11:59","guid":{"rendered":"https:\/\/www.diarioimagen.net\/?p=433764"},"modified":"2019-07-02T06:25:39","modified_gmt":"2019-07-02T11:25:39","slug":"si-por-mi-fuera-yo-desaparecia-al-ejercito-y-lo-convertia-en-guardia-nacional-amlo-a-la-jornada","status":"publish","type":"post","link":"https:\/\/www.diarioimagen.net\/?p=433764","title":{"rendered":"\u201cSi por mi fuera, yo desaparec\u00eda al Ejercito y lo\u00a0convert\u00eda en Guardia Nacional\u201d: AMLO a La Jornada"},"content":{"rendered":"<h2>Tras la puerta del poder<\/h2>\n<h5>Roberto Vizca\u00edno<\/h5>\n<p>&nbsp;<\/p>\n<div id=\"attachment_433765\" style=\"width: 470px\" class=\"wp-caption aligncenter\"><a href=\"https:\/\/www.diarioimagen.net\/?attachment_id=433765\" rel=\"attachment wp-att-433765\"><img loading=\"lazy\" decoding=\"async\" aria-describedby=\"caption-attachment-433765\" class=\"size-large wp-image-433765\" src=\"https:\/\/www.diarioimagen.net\/wp-content\/uploads\/2019\/07\/asfixiante-LUIS-XAVIER-460x352.jpg\" alt=\"\" width=\"460\" height=\"352\" srcset=\"https:\/\/www.diarioimagen.net\/wp-content\/uploads\/2019\/07\/asfixiante-LUIS-XAVIER-460x352.jpg 460w, https:\/\/www.diarioimagen.net\/wp-content\/uploads\/2019\/07\/asfixiante-LUIS-XAVIER-240x183.jpg 240w, https:\/\/www.diarioimagen.net\/wp-content\/uploads\/2019\/07\/asfixiante-LUIS-XAVIER-768x587.jpg 768w, https:\/\/www.diarioimagen.net\/wp-content\/uploads\/2019\/07\/asfixiante-LUIS-XAVIER.jpg 1200w\" sizes=\"auto, (max-width: 460px) 100vw, 460px\" \/><\/a><p id=\"caption-attachment-433765\" class=\"wp-caption-text\">\u00a1\u00a1Asfixiante!! | Luis Xavier<\/p><\/div>\n<p>&nbsp;<\/p>\n<p>En la revelaci\u00f3n del presidente\u00a0<b>Andr\u00e9s Manuel L\u00f3pez Obrador\u00a0<\/b>al diario \u201cLa Jornada\u201d no hay matices ni dobleces. Va directo.<\/p>\n<p>Y en el mismo tono, y ante la pregunta de si es plan, agrega:<\/p>\n<p>\u201cNo lo puedo hacer porque hay resistencias, o sea, una cosa es lo deseable y otra cosa es lo posible&#8230;\u201d<\/p>\n<p>Y uno piensa: \u00bfQu\u00e9 hubieran hecho el general\u00a0<b>Marcelino Garc\u00eda Barrag\u00e1n,<\/b> otros de esa estirpe, ante tal afirmaci\u00f3n?<\/p>\n<p>La intencionalidad de\u00a0<b>L\u00f3pez Obrador<\/b>\u00a0es profunda. Determinante para un cuerpo formado por mandos y tropas con una formaci\u00f3n y m\u00edstica.<\/p>\n<p>La revelaci\u00f3n forma parte de un entrevista que en esta ocasi\u00f3n hace ir al fondo de s\u00ed, al personaje m\u00e1s entrevistado y con m\u00e1s argucias para eludir o inducir lo que quiere, en este momento en M\u00e9xico.<\/p>\n<p>Vale la pena retomar un fragmento que considero clave de esa entrevista aparecida ayer en La Jornada:<\/p>\n<p>LJ: \u00bfQu\u00e9 ha pasado este a\u00f1o?<\/p>\n<p>AMLO: Vamos muy bien. Este a\u00f1o vamos tan bien.<\/p>\n<p>LJ: D\u00e9jeme terminar de preguntarle, por qu\u00e9\u00a0hab\u00eda un Andr\u00e9s Manuel L\u00f3pez Obrador candidato que ve\u00eda al pa\u00eds de una forma&#8230;<\/p>\n<p>AMLO: No, no, no. Es lo mismo.<\/p>\n<p>LJ: \u00bfHa cambiado tener el poder que no tenerlo?<\/p>\n<p>AMLO: No, no, no. Tan es as\u00ed que, si ustedes leen hoy el libro La salida, van a encontrar&#8230;<\/p>\n<p>LJ:\u00a0Pero hay una diferencia, por ejemplo, con los militares, el retiro de los militares que planteaba Andr\u00e9s Manuel L\u00f3pez Obrador candidato<b>.<\/b> Hoy est\u00e1n los militares, con otro nombre, en las calles haci\u00e9ndose cargo de la seguridad p\u00fablica cada vez m\u00e1s.<\/p>\n<p>LJ: F\u00edjate que no. Lee el libro.<\/p>\n<p>LJ: Pero ah\u00ed no se habla&#8230;<\/p>\n<p>AMLO: La Guardia Nacional.<\/p>\n<p>LJ:\u00a0Pero esa Guardia Nacional es una Guardia Nacional militarizada.<\/p>\n<p>AMLO: S\u00ed, ah\u00ed lo estoy planteando, lo plantie en el libro, contestando a tu pregunta.<\/p>\n<p>No es otro proyecto. En el libro est\u00e1 lo de la Guardia Nacional, en el libro est\u00e1n las propuestas que estamos llevando a la pr\u00e1ctica.<\/p>\n<p>Si se militariza al pa\u00eds o no, es otro debate, que lo podemos dar, que no tengo ning\u00fan problema de conciencia sobre eso<b>.\u00a0<\/b>Bastar\u00eda con decir que el pueblo estaba en estado de indefensi\u00f3n, que no hab\u00eda una pol\u00edtica de seguridad p\u00fablica.<\/p>\n<p>LJ: Pero ese Ej\u00e9rcito \u00bfno viol\u00f3 los derechos humanos gravemente, por ejemplo, en lugares como Guerrero? \u00bfPor qu\u00e9 regresar ese mismo ej\u00e9rcito?<\/p>\n<p>AMLO: Porque\u00a0ya no es el mismo comandante supremo.<\/p>\n<p>LJ: De acuerdo,\u00a0pero s\u00ed son los mismos soldados<b>, <\/b>los mismos mandos.<\/p>\n<p>AMLO: Que reciben \u00f3rdenes.<\/p>\n<p>LJ: Que han hecho agravios, que los siguen haciendo.<\/p>\n<p>AMLO: No lo siguen haciendo.<\/p>\n<p>LJ: En Guerrero, la situaci\u00f3n, Presidente, sigue siendo muy delicada.<\/p>\n<p>AMLO: No, no, no.\u00a0Tenemos en contra a la Comisi\u00f3n de Derechos Humanos, que se hizo de la vista gorda durante todo el periodo neoliberal.<\/p>\n<p>LJ: De acuerdo.<\/p>\n<p>AMLO: Si fuese as\u00ed, de que los militares est\u00e1n en el gobierno nuestro violando derechos humanos, ya tendr\u00edamos recomendaciones de ellos, pero, adem\u00e1s, yo no lo permitir\u00eda. Esas son de las cosas en las que ustedes se confunden. No somos&#8230;<\/p>\n<p>LJ: \u00bfNo tendr\u00eda que pedir disculpas el Ej\u00e9rcito por todo lo que cometi\u00f3?<\/p>\n<p>AMLO: No somos iguales. No, no, no, pero te digo.\u00a0El Ej\u00e9rcito recibe \u00f3rdenes y ahora el Ej\u00e9rcito no ha recibido ni va a recibir una orden que signifique masacrar, torturar, desaparecer, reprimir al pueblo.<\/p>\n<p>LJ: \u00bfNo tendr\u00eda que haberse disculpado el Ej\u00e9rcito por lo que hizo?<\/p>\n<p>AMLO: S\u00ed hace falta lo puede hacer y lo hago yo como representante del Estado y Comandante Supremo, pero son circunstancias distintas.<\/p>\n<p>LJ: Hab\u00eda orden de hacer todo esto.<\/p>\n<p>AMLO: Hab\u00eda orden de hacer lo que se hizo.<\/p>\n<p>LJ: Se esteriliz\u00f3 a hombres, se violaron mujeres, se tortur\u00f3 gente.<\/p>\n<p>AMLO: S\u00ed, porque\u00a0hab\u00eda la orden del Presidente. Por ejemplo, ustedes no repararon y no hubo una columna de ustedes ni una informaci\u00f3n de fondo, dando a conocer que desaparec\u00eda el Estado Mayor Presidencial.<\/p>\n<p>LJ: S\u00ed lo tratamos, Presidente.<\/p>\n<p>AMLO: S\u00ed, pero por arriba, por arriba. \u00bfY qu\u00e9 era el Estado Mayor Presidencial?, \u00bfQu\u00e9 fue el Estado Mayor Presidencial en la historia reciente?<\/p>\n<p>LJ: Un instrumento para el narcotr\u00e1fico, para los negocios de la se\u00f1ora Elba Esther.<\/p>\n<p>AMLO: No, no, no, m\u00e1s que eso.\u00a0Tuvo que ver con la represi\u00f3n en el 68 y tuvo que ver hasta en el asesinato de Carlos Madrazo\u00a0(dirigente del PRI, fallecido en 1969). Un cuerpo de \u00e9lite para la represi\u00f3n, ocho mil elementos que cuidaban al Presidente y eso desapareci\u00f3.<\/p>\n<p>El caso del Ej\u00e9rcito es un tema interesante, que dar\u00eda para mucho tiempo de pol\u00e9mica.\u00a0Yo, por ejemplo, creo que el Ej\u00e9rcito mexicano es distinto a los Ej\u00e9rcitos de otras partes, que es un Ej\u00e9rcito que surgi\u00f3 de un movimiento revolucionario. Un Ej\u00e9rcito popular. Los altos mandos del Ej\u00e9rcito no forman parte de la oligarqu\u00eda de este pa\u00eds, como sucede en otros.<\/p>\n<p>LJ: Pero \u00bfqu\u00e9 ha sucedido con el general (Jos\u00e9 Guti\u00e9rrez) Rebollo (condenado por colaborar con el narcotr\u00e1fico, fallecido en 2013), por ejemplo, que fueron capturados por el narcotr\u00e1fico?<\/p>\n<p>AMLO: S\u00ed se dan esos casos, c\u00f3mo no, como muchos otros, en todas las instituciones, hasta en las instituciones surgidas de movimientos revolucionarios.<\/p>\n<p>Esto pasa en Cuba, pasa en Nicaragua, le pas\u00f3 a Mandela, eso pasa en todos lados; pero nosotros no ten\u00edamos una fuerza, un agrupamiento para enfrentar el principal problema del pa\u00eds con el que empezamos la pl\u00e1tica, la conversaci\u00f3n, para enfrentar el problema grave de inseguridad y de violencia, porque nunca se preocuparon por eso.<\/p>\n<p>LJ: Pero ese cuerpo no es una polic\u00eda.<\/p>\n<p>AMLO: No.<\/p>\n<p>LJ:\u00a0Es una fuerza represiva, que usa la violencia.<\/p>\n<p>AMLO: Si se le ordena; insisto, ese cuerpo al mismo tiempo tiene profesionalismo y tiene disciplina y es pueblo. El soldado es pueblo uniformado. Y\u00a0ese cuerpo puede ser reconvertido\u00a0y respetar derechos humanos y utilizar la fuerza de manera regulada en casos extremos. Es un proceso de formaci\u00f3n.<\/p>\n<p>Si por m\u00ed fuera, yo desaparec\u00eda al Ej\u00e9rcito y lo convert\u00eda en Guardia Nacional,\u00a0es decir,\u00a0declarar\u00eda que M\u00e9xico es un pa\u00eds pacifista, que no necesita Ej\u00e9rcito\u00a0y que la defensa a la naci\u00f3n, en el caso de que fuese necesario, la har\u00edamos todos los mexicanos y que el Ej\u00e9rcito y la Marina se convertir\u00edan en Guardia Nacional para garantizar a los mexicanos su seguridad.<\/p>\n<p>LJ: \u00bfEs deseo o es plan?<\/p>\n<p>AMLO:\u00a0No lo puedo hacer porque hay resistencias<b>,<\/b> o sea, una cosa es lo deseable y otra cosa es lo posible, pero ya el paso que dimos fue importante porque era una cosa incre\u00edble: tenemos 230 mil elementos en el Ej\u00e9rcito y 65 mil en la Marina y pod\u00edan estar asaltando enfrente de un cuartel a un ciudadano y no pod\u00edan meterse porque no lo permit\u00eda la Constituci\u00f3n.<\/p>\n<p>Por eso lo de la creaci\u00f3n de la Guardia Nacional, tomando en cuanta lo que est\u00e1s diciendo, tu preocupaci\u00f3n, adem\u00e1s de ser justa, leg\u00edtima, es tambi\u00e9n mi preocupaci\u00f3n de c\u00f3mo llevar a cabo una reconversi\u00f3n, c\u00f3mo hacer posible que se respeten derechos humanos, que haya un comportamiento distinto en la Guardia Nacional formada por militares y por marinos.<\/p>\n<p>Ese es un desaf\u00edo.<\/p>\n<p>Hasta aqu\u00ed el fragmento. En \u00e9l hay un hecho irrefutable: si AMLO habla de esto, es porque lo ha pensado. Bueno, hasta tiene la justificaci\u00f3n en eso de que, si no hubiese Ej\u00e9rcito y fu\u00e9semos objeto de una agresi\u00f3n externa, todos los mexicanos saldr\u00edamos a dar la pelea. Es la obviedad.<\/p>\n<p>\u00bfVamos o no a la desaparici\u00f3n, transformaci\u00f3n de las Fuerzas Armadas en polic\u00edas? \u00bfY los mandos que dicen?<\/p>\n<p><em><a href=\"mailto:rvizcainoa@gmail.com\" target=\"_blank\" rel=\"noopener noreferrer\">rvizcainoa@gmail.com<\/a><br \/>\n<u><a href=\"http:\/\/endirecto.mx\" target=\"_blank\" rel=\"noopener noreferrer\">www.endirecto.mx<\/a><br \/>\n<a href=\"https:\/\/twitter.com\/_rvizcaino\" target=\"_blank\" rel=\"noopener noreferrer\">@_RVizcaino<\/a><br \/>\n<a href=\"https:\/\/www.facebook.com\/rvizcainoa\" target=\"_blank\" rel=\"noopener noreferrer\">facebook.com\/rvizcainoa<\/a><\/u><\/em><\/p>\n","protected":false},"excerpt":{"rendered":"<p><span style=\"color: #005497;\"><strong>Roberto Vizca\u00edno<\/strong><\/span><br \/>\n<br \/>\nEn la revelaci\u00f3n del presidente\u00a0Andr\u00e9s Manuel L\u00f3pez Obrador\u00a0al diario \u201cLa Jornada\u201d no hay matices ni dobleces. Va directo.<\/p>\n","protected":false},"author":1,"featured_media":433765,"comment_status":"open","ping_status":"open","sticky":false,"template":"","format":"standard","meta":{"_monsterinsights_skip_tracking":false,"_monsterinsights_sitenote_active":false,"_monsterinsights_sitenote_note":"","_monsterinsights_sitenote_category":0,"footnotes":""},"categories":[136],"tags":[43674,93,94],"class_list":["post-433764","post","type-post","status-publish","format-standard","has-post-thumbnail","hentry","category-roberto-vizcaino-opinion","tag-opinion","tag-roberto-vizcaino","tag-tras-la-puerta-del-poder"],"_links":{"self":[{"href":"https:\/\/www.diarioimagen.net\/index.php?rest_route=\/wp\/v2\/posts\/433764","targetHints":{"allow":["GET"]}}],"collection":[{"href":"https:\/\/www.diarioimagen.net\/index.php?rest_route=\/wp\/v2\/posts"}],"about":[{"href":"https:\/\/www.diarioimagen.net\/index.php?rest_route=\/wp\/v2\/types\/post"}],"author":[{"embeddable":true,"href":"https:\/\/www.diarioimagen.net\/index.php?rest_route=\/wp\/v2\/users\/1"}],"replies":[{"embeddable":true,"href":"https:\/\/www.diarioimagen.net\/index.php?rest_route=%2Fwp%2Fv2%2Fcomments&post=433764"}],"version-history":[{"count":0,"href":"https:\/\/www.diarioimagen.net\/index.php?rest_route=\/wp\/v2\/posts\/433764\/revisions"}],"wp:featuredmedia":[{"embeddable":true,"href":"https:\/\/www.diarioimagen.net\/index.php?rest_route=\/wp\/v2\/media\/433765"}],"wp:attachment":[{"href":"https:\/\/www.diarioimagen.net\/index.php?rest_route=%2Fwp%2Fv2%2Fmedia&parent=433764"}],"wp:term":[{"taxonomy":"category","embeddable":true,"href":"https:\/\/www.diarioimagen.net\/index.php?rest_route=%2Fwp%2Fv2%2Fcategories&post=433764"},{"taxonomy":"post_tag","embeddable":true,"href":"https:\/\/www.diarioimagen.net\/index.php?rest_route=%2Fwp%2Fv2%2Ftags&post=433764"}],"curies":[{"name":"wp","href":"https:\/\/api.w.org\/{rel}","templated":true}]}}