{"id":433771,"date":"2019-07-02T00:05:42","date_gmt":"2019-07-02T05:05:42","guid":{"rendered":"https:\/\/www.diarioimagen.net\/?p=433771"},"modified":"2019-07-02T06:32:20","modified_gmt":"2019-07-02T11:32:20","slug":"impunidad-migrantes-y-despidos","status":"publish","type":"post","link":"https:\/\/www.diarioimagen.net\/?p=433771","title":{"rendered":"Impunidad, migrantes y despidos"},"content":{"rendered":"<h2>Desde el portal<\/h2>\n<h5>\u00c1ngel Soriano<\/h5>\n<p>&nbsp;<\/p>\n<p>A un a\u00f1o del triunfo electoral del ahora presidente Andr\u00e9s Manuel L\u00f3pez Obrador, y ya en el ejercicio de sus funciones, en el pueblo bueno y sabio existe la percepci\u00f3n de que, al igual como en sexenios anteriores que fomentaron la corrupci\u00f3n, la impunidad campea en el pa\u00eds y es, en consecuencia, un est\u00edmulo para continuar con las mismas pr\u00e1cticas que la IV-T dice combatir.<\/p>\n<p>El despido masivo de bur\u00f3cratas por los nuevos jefazos \u2013para dar a sus incondicionales-, calan muy hondo en la sociedad, sobre todo por el trato descort\u00e9s, humillante y contrario a derecho del que son v\u00edctimas los trabajadores del Estado que, resentidos con el cambio, estimulan la inconformidad contra la nueva administraci\u00f3n de distintas maneras.<\/p>\n<p><span class=\"Apple-converted-space\">\u00a0<\/span>Tampoco hubo tino en el manejo del problema migratorio: si se hubiese continuado con el ritmo normal de ingresos (controlados) de centroamericanos sin aceptar las presiones de los gringos, ni ofrecerles empleo, vivienda y educaci\u00f3n, quiz\u00e1 los dramas que observa la humanidad en las fronteras norte y sur del pa\u00eds ser\u00edan menos dolorosos.<\/p>\n<p><span class=\"Apple-converted-space\">\u00a0<\/span>No puede decirse que \u201capenas empezamos\u201d porque la corriente migratoria \u2013como el sargazo-, nada la detendr\u00e1; se establecer\u00e1n controles u operativos de persecuci\u00f3n, pero de resolverse el problema es remoto.<span class=\"Apple-converted-space\">\u00a0<\/span><\/p>\n<p>El origen del problema y su soluci\u00f3n no est\u00e1 en manos de la actual administraci\u00f3n y los recursos que se destinen para paliar sus efectos ser\u00e1n, siempre, insuficientes.<span class=\"Apple-converted-space\">\u00a0 <\/span>No se calcularon bien las consecuencias fatales de esas decisiones.<\/p>\n<p style=\"text-align: center;\"><b>TURBULENCIAS<br \/>\nAusteridad republicana en la CDMX<\/b><\/p>\n<p>En el gobierno de la Ciudad de M\u00e9xico \u201cestamos acabando con los vicios del pasado: en fotocopias hemos tenido ahorros de 44% respecto al 2018; seguros 10% y patrullas 220 mdp por mantenimiento.<span class=\"Apple-converted-space\">\u00a0 <\/span>Esa es la austeridad republicana\u201d afirm\u00f3 la jefa de Gobierno, Claudia Sheinbaum\u2026 La Guelaguetza, ha llegado, y estamos preparados para recibir al turismo nacional e internacional que se dar\u00e1 cita en esta festividad de tradici\u00f3n, color y hermandad entre nuestra gente, indic\u00f3 el Presidente Municipal<span class=\"Apple-converted-space\">\u00a0 <\/span>Oswaldo Garc\u00eda Jarqu\u00edn durante la inauguraci\u00f3n de \u201cJulio, mes de la Guelaguetza 2019\u201d. ..En Villa Nicol\u00e1s Romero el gobernador Alfredo del Mazo dijo que en el Estado de M\u00e9xico se apuesta por tener una movilidad integral que brinde seguridad a las personas y cuide del medio ambiente, por lo que continuar\u00e1 con la modernizaci\u00f3n del sistema de transporte p\u00fablico al dar el banderazo de salida a 90 unidades ecol\u00f3gicas de transporte p\u00fablico con kit de seguridad&#8230;Con el inicio de operaciones comerciales de la nueva terminal mar\u00edtima de Veracruz,<span class=\"Apple-converted-space\">\u00a0 <\/span>no s\u00f3lo se recuperar\u00e1 la carga del norte de Europa que actualmente llega a M\u00e9xico a trav\u00e9s de la frontera con los Estados Unidos, sino generar\u00e1 un gran corredor industrial que producir\u00eda 150 mil nuevos empleos desde hoy y hasta 2024 afirm\u00f3 Manuel \u00d3scar Enciso Villarreal, director general de Corporativo Enciso, Agencia Aduanal dedicada a la importaci\u00f3n y exportaci\u00f3n con m\u00e1s de 68 a\u00f1os de experiencia&#8230; Se reuni\u00f3<span class=\"Apple-converted-space\">\u00a0 <\/span>la Mesa Tripartita de Trabajo Educativo integrada por el director general del IEEPO, Francisco \u00c1ngel Villarreal, por parte de la SEP, el director general de Educaci\u00f3n Ind\u00edgena, Javier L\u00f3pez S\u00e1nchez y<span class=\"Apple-converted-space\">\u00a0 <\/span>Jos\u00e9 Guti\u00e9rrez Garc\u00eda, asesor del subsecretario de Educaci\u00f3n B\u00e1sica,<span class=\"Apple-converted-space\">\u00a0 <\/span>Gilberto Guevara Niebla con l\u00edderes magisteriales encabezados por Eloy L\u00f3pez Hern\u00e1ndez para revisar el Plan para la Transformaci\u00f3n Educativa de Oaxaca, como una propuesta alternativa para el rescate de la preservaci\u00f3n de la cultura, lengua ind\u00edgena e identidad de las comunidades, que se aplica en algunas escuelas de la entidad.<\/p>\n<p><em><a href=\"mailto:asorianocarrasco@yahoo.com\" target=\"_blank\" rel=\"noopener noreferrer\">asorianocarrasco@yahoo.com<\/a><br \/>\n<a href=\"https:\/\/twitter.com\/brecharevista\" target=\"_blank\" rel=\"noopener noreferrer\">@BrechaRevista<\/a><a href=\"mailto:asorianocarrasco@yahoo.com\" target=\"_blank\" rel=\"noopener noreferrer\"><br \/>\n<\/a><a href=\"https:\/\/revistabrecha.com\" target=\"_blank\" rel=\"noopener noreferrer\">www.revistabrecha.com<\/a><\/em><\/p>\n","protected":false},"excerpt":{"rendered":"<p><span style=\"color: #005497;\"><strong>\u00c1ngel Soriano<\/strong><\/span><\/p>\n","protected":false},"author":1,"featured_media":0,"comment_status":"open","ping_status":"open","sticky":false,"template":"","format":"standard","meta":{"_monsterinsights_skip_tracking":false,"_monsterinsights_sitenote_active":false,"_monsterinsights_sitenote_note":"","_monsterinsights_sitenote_category":0,"footnotes":""},"categories":[135],"tags":[85,86,43674],"class_list":["post-433771","post","type-post","status-publish","format-standard","hentry","category-angel-soriano-opinion","tag-angel-soriano","tag-desde-el-portal","tag-opinion"],"_links":{"self":[{"href":"https:\/\/www.diarioimagen.net\/index.php?rest_route=\/wp\/v2\/posts\/433771","targetHints":{"allow":["GET"]}}],"collection":[{"href":"https:\/\/www.diarioimagen.net\/index.php?rest_route=\/wp\/v2\/posts"}],"about":[{"href":"https:\/\/www.diarioimagen.net\/index.php?rest_route=\/wp\/v2\/types\/post"}],"author":[{"embeddable":true,"href":"https:\/\/www.diarioimagen.net\/index.php?rest_route=\/wp\/v2\/users\/1"}],"replies":[{"embeddable":true,"href":"https:\/\/www.diarioimagen.net\/index.php?rest_route=%2Fwp%2Fv2%2Fcomments&post=433771"}],"version-history":[{"count":0,"href":"https:\/\/www.diarioimagen.net\/index.php?rest_route=\/wp\/v2\/posts\/433771\/revisions"}],"wp:attachment":[{"href":"https:\/\/www.diarioimagen.net\/index.php?rest_route=%2Fwp%2Fv2%2Fmedia&parent=433771"}],"wp:term":[{"taxonomy":"category","embeddable":true,"href":"https:\/\/www.diarioimagen.net\/index.php?rest_route=%2Fwp%2Fv2%2Fcategories&post=433771"},{"taxonomy":"post_tag","embeddable":true,"href":"https:\/\/www.diarioimagen.net\/index.php?rest_route=%2Fwp%2Fv2%2Ftags&post=433771"}],"curies":[{"name":"wp","href":"https:\/\/api.w.org\/{rel}","templated":true}]}}