{"id":433790,"date":"2019-07-03T00:07:18","date_gmt":"2019-07-03T05:07:18","guid":{"rendered":"https:\/\/www.diarioimagen.net\/?p=433790"},"modified":"2019-07-03T23:45:08","modified_gmt":"2019-07-04T04:45:08","slug":"descarta-lopez-obrador-escasez-de-gas-y-de-gasolinas","status":"publish","type":"post","link":"https:\/\/www.diarioimagen.net\/?p=433790","title":{"rendered":"Descartan escasez de gas y de otros combustibles"},"content":{"rendered":"<ul>\n<li><em><strong>Di\u00e1logo con constructora de gasoducto<\/strong><\/em><\/li>\n<\/ul>\n<p>&nbsp;<\/p>\n<div id=\"attachment_433791\" style=\"width: 470px\" class=\"wp-caption aligncenter\"><img loading=\"lazy\" decoding=\"async\" aria-describedby=\"caption-attachment-433791\" class=\"size-large wp-image-433791\" src=\"https:\/\/www.diarioimagen.net\/wp-content\/uploads\/2019\/07\/GAS3-PORTAL-460x268.jpg\" alt=\"\" width=\"460\" height=\"268\" srcset=\"https:\/\/www.diarioimagen.net\/wp-content\/uploads\/2019\/07\/GAS3-PORTAL-460x268.jpg 460w, https:\/\/www.diarioimagen.net\/wp-content\/uploads\/2019\/07\/GAS3-PORTAL-240x140.jpg 240w, https:\/\/www.diarioimagen.net\/wp-content\/uploads\/2019\/07\/GAS3-PORTAL.jpg 480w\" sizes=\"auto, (max-width: 460px) 100vw, 460px\" \/><p id=\"caption-attachment-433791\" class=\"wp-caption-text\">Andr\u00e9s Manuel L\u00f3pez Obrador descarta escasez de gas por la puesta en marcha o no del gasoducto subterr\u00e1neo Texas-Tuxpan.<\/p><\/div>\n<p>&nbsp;<\/p>\n<p>&nbsp;<\/p>\n<p>&nbsp;<\/p>\n<p>Respecto a la preocupaci\u00f3n del Consejo Coordinador Empresarial (CCE), sobre la puesta en marcha o no del gasoducto subterr\u00e1neo Texas-Tuxpan y una supuesta escasez de gas, El presidente Andr\u00e9s Manuel L\u00f3pez Obrador aclar\u00f3 que \u201cno va a haber escasez de gas, como no va a haber escasez de gasolinas, ni de di\u00e9sel, nada de eso. Eso est\u00e1 resuelto\u201d.<\/p>\n<p>Precis\u00f3 que se busca un acuerdo con las empresas, que tienen a su cargo la construcci\u00f3n de siete gasoductos que actualmente est\u00e1n detenidos y a los cuales la CFE tiene que garantizar la compra de gas, por orden de la Comisi\u00f3n Reguladora de Energ\u00eda (CRE).<\/p>\n<p>Esto es, \u201cse acudi\u00f3 a esta instancia para resolver el problema del contrato de gasoductos porque se considera que es perjudicial para la hacienda p\u00fablica. Esa es la visi\u00f3n nuestra\u201d.<\/p>\n<p>En este marco, inform\u00f3 que gir\u00f3 instrucciones al director de la Comisi\u00f3n Federal de Electricidad (CFE), Manuel Bartlett D\u00edaz, para que se dialogue y se busque un acuerdo.<\/p>\n<p>\u201cY le pido tambi\u00e9n a las empresas que se considere que se deben de cobrar precios justos. Esto no significa que dejen de ganar, son negocios, pero que se busque estandarizar utilidades, porque en M\u00e9xico van a ganar m\u00e1s que en otras partes.<\/p>\n<p>\u201c\u00bfQu\u00e9 no estamos a favor de la globalidad, del libre comercio?, \u00bfpor qu\u00e9 a M\u00e9xico se le va a cobrar m\u00e1s que lo que se cobra por estos servicios en otros pa\u00edses?\u201d.<\/p>\n<p style=\"text-align: center;\"><strong>AMLO y CCE acuerdan mesa de conciliaci\u00f3n con empresas de gasoductos<\/strong><\/p>\n<p>El titular del Consejo Coordinador Empresarial (CCE), Carlos Salazar Lomel\u00edn, anunci\u00f3 que acord\u00f3 con el presidente Andr\u00e9s Manuel L\u00f3pez Obrador entablar \u201cmesas de conciliaci\u00f3n\u201d con las empresas due\u00f1as de gasoductos a fin de \u201calejarse de diferendos legales\u201d y llegar a acuerdos que beneficien a ambas partes.<\/p>\n<p>Luego de m\u00e1s de una hora de reuni\u00f3n, Salazar Lomel\u00edn, acompa\u00f1ado de Antonio del Valle, presidente del Consejo Mexicano de Negocios, se dijo satisfecho de esta reuni\u00f3n y de que coincidieran en que lo menos conveniente es caer en conflictos legales.<\/p>\n<p>\u201cTuvimos una reuni\u00f3n muy cordial con el Presidente de la Rep\u00fablica, concluimos que vamos a privilegiar el di\u00e1logo, que se va a estar hablando y que se va a formar una mesa de conciliaci\u00f3n tratando de separarnos del problema legal y tratando de llegar a una soluci\u00f3n que beneficie a todos; nos sentimos muy satisfechos de la reuni\u00f3n porque vamos a tratar de encontrar puntos de encuentro en vez de estar en el diferendo legal que no beneficia a nadie\u201d, dijo el titular del CCE.<\/p>\n<p>Aunque dej\u00f3 claro que no desistir\u00e1n de lo que ya est\u00e1 en proceso por la v\u00eda legal, sino que a la par se buscar\u00e1 la conciliaci\u00f3n para llegar a puntos de encuentro.<\/p>\n<p>Aunque por la ma\u00f1ana el Presidente dijo que \u201cno conviene, porque no es cierto, el estar diciendo que nos vamos a quedar sin gas, porque hay muchas maneras de abastecernos de gas\u201d, Salazar se\u00f1al\u00f3 que en la reuni\u00f3n no hablaron sobre cifras.<\/p>\n<p>\u201cEl punto aqu\u00ed es que los ductos son muy importantes para M\u00e9xico y esto lo hemos explicado muchas veces, el ducto marino que viene de Texas a Tuxpan va a incrementar la capacidad del uso de gas en un 40 por ciento, esto implica que podamos tener un energ\u00e9tico m\u00e1s barato para producir electricidad, implica que haya gas para que las industrias puedan trabajar y que haya gas para cualquier sector que lo necesite no solo la Comisi\u00f3n Federal de Electricidad\u201d, dijo.<\/p>\n<p>Lomel\u00edn explic\u00f3 que ser\u00e1 el Presidente quien gire instrucciones de qui\u00e9nes integrar\u00e1n esta mesa por parte del gobierno federal mientras que \u00e9l y Del Valle se encargar\u00e1n de conformar el equipo de las empresas involucradas, entre ellas IEnova, TransCanada y Carso Energy.<\/p>\n","protected":false},"excerpt":{"rendered":"<p>Respecto a la preocupaci\u00f3n del Consejo Coordinador Empresarial (CCE), sobre la puesta en marcha o no del gasoducto subterr\u00e1neo Texas-Tuxpan y una supuesta escasez de gas, El presidente Andr\u00e9s Manuel L\u00f3pez Obrador aclar\u00f3 que \u201cno va a haber escasez de gas, como no va a haber escasez de gasolinas, ni de di\u00e9sel, nada de eso. Eso est\u00e1 resuelto\u201d.<\/p>\n","protected":false},"author":5,"featured_media":433791,"comment_status":"open","ping_status":"open","sticky":false,"template":"","format":"standard","meta":{"_monsterinsights_skip_tracking":false,"_monsterinsights_sitenote_active":false,"_monsterinsights_sitenote_note":"","_monsterinsights_sitenote_category":0,"footnotes":""},"categories":[25512],"tags":[1352,86487,654,81020,356,86484],"class_list":["post-433790","post","type-post","status-publish","format-standard","has-post-thumbnail","hentry","category-nacional-nacional","tag-andres-manuel-lopez-obrador","tag-escasez-de-gas","tag-gasolinas","tag-lopez-obrador","tag-profeco","tag-litro-x-litro"],"_links":{"self":[{"href":"https:\/\/www.diarioimagen.net\/index.php?rest_route=\/wp\/v2\/posts\/433790","targetHints":{"allow":["GET"]}}],"collection":[{"href":"https:\/\/www.diarioimagen.net\/index.php?rest_route=\/wp\/v2\/posts"}],"about":[{"href":"https:\/\/www.diarioimagen.net\/index.php?rest_route=\/wp\/v2\/types\/post"}],"author":[{"embeddable":true,"href":"https:\/\/www.diarioimagen.net\/index.php?rest_route=\/wp\/v2\/users\/5"}],"replies":[{"embeddable":true,"href":"https:\/\/www.diarioimagen.net\/index.php?rest_route=%2Fwp%2Fv2%2Fcomments&post=433790"}],"version-history":[{"count":0,"href":"https:\/\/www.diarioimagen.net\/index.php?rest_route=\/wp\/v2\/posts\/433790\/revisions"}],"wp:featuredmedia":[{"embeddable":true,"href":"https:\/\/www.diarioimagen.net\/index.php?rest_route=\/wp\/v2\/media\/433791"}],"wp:attachment":[{"href":"https:\/\/www.diarioimagen.net\/index.php?rest_route=%2Fwp%2Fv2%2Fmedia&parent=433790"}],"wp:term":[{"taxonomy":"category","embeddable":true,"href":"https:\/\/www.diarioimagen.net\/index.php?rest_route=%2Fwp%2Fv2%2Fcategories&post=433790"},{"taxonomy":"post_tag","embeddable":true,"href":"https:\/\/www.diarioimagen.net\/index.php?rest_route=%2Fwp%2Fv2%2Ftags&post=433790"}],"curies":[{"name":"wp","href":"https:\/\/api.w.org\/{rel}","templated":true}]}}