{"id":433826,"date":"2019-07-03T00:09:23","date_gmt":"2019-07-03T05:09:23","guid":{"rendered":"https:\/\/www.diarioimagen.net\/?p=433826"},"modified":"2019-07-03T23:45:17","modified_gmt":"2019-07-04T04:45:17","slug":"mexico-inicia-el-programa-de-repatriacion-voluntaria","status":"publish","type":"post","link":"https:\/\/www.diarioimagen.net\/?p=433826","title":{"rendered":"M\u00e9xico inicia el programa de repatriaci\u00f3n voluntaria"},"content":{"rendered":"<ul>\n<li><strong><em>Pleno respeto a protocolos internacionales: INM<\/em><\/strong><\/li>\n<li><strong><em>Sali\u00f3 de Chihuahua el primer autob\u00fas con centroamericanos indocumentados<\/em><\/strong><\/li>\n<\/ul>\n<h6>Jos\u00e9 Luis Monta\u00f1ez<\/h6>\n<p>&nbsp;<\/p>\n<p><a href=\"https:\/\/www.diarioimagen.net\/?attachment_id=433911\" rel=\"attachment wp-att-433911\"><img loading=\"lazy\" decoding=\"async\" class=\"aligncenter size-large wp-image-433911\" src=\"https:\/\/www.diarioimagen.net\/wp-content\/uploads\/2019\/07\/REPATRIACION3-460x259.jpg\" alt=\"\" width=\"460\" height=\"259\" srcset=\"https:\/\/www.diarioimagen.net\/wp-content\/uploads\/2019\/07\/REPATRIACION3-460x259.jpg 460w, https:\/\/www.diarioimagen.net\/wp-content\/uploads\/2019\/07\/REPATRIACION3-240x135.jpg 240w, https:\/\/www.diarioimagen.net\/wp-content\/uploads\/2019\/07\/REPATRIACION3-235x132.jpg 235w, https:\/\/www.diarioimagen.net\/wp-content\/uploads\/2019\/07\/REPATRIACION3-202x114.jpg 202w, https:\/\/www.diarioimagen.net\/wp-content\/uploads\/2019\/07\/REPATRIACION3-350x196.jpg 350w, https:\/\/www.diarioimagen.net\/wp-content\/uploads\/2019\/07\/REPATRIACION3-220x123.jpg 220w, https:\/\/www.diarioimagen.net\/wp-content\/uploads\/2019\/07\/REPATRIACION3-237x132.jpg 237w, https:\/\/www.diarioimagen.net\/wp-content\/uploads\/2019\/07\/REPATRIACION3.jpg 480w\" sizes=\"auto, (max-width: 460px) 100vw, 460px\" \/><\/a><\/p>\n<p>&nbsp;<\/p>\n<p>M\u00e9xico inici\u00f3 la repatriaci\u00f3n de migrantes que se encuentran en el norte del pa\u00eds hacia sus naciones de origen, \u201ccon pleno respeto a protocolos internacionales\u201d.<\/p>\n<p>De acuerdo con el Instituto Nacional de Migraci\u00f3n (INM), se trata de un Programa Temporal de Retorno Voluntario para Migrantes, el cual implica que los centroamericanos sean trasladados enautobuses desde la ciudad en que se encuentren y hasta sus pa\u00edses de origen.<\/p>\n<p>El INM inform\u00f3 que ayer a las 09:00 horas, sali\u00f3 de Chihuahua el primer autob\u00fas con 69 retornados voluntarios a Guatemala, El Salvador y Honduras. Indic\u00f3 que ese grupo de personas solicit\u00f3 el regreso a sus pa\u00edses, por lo que el proceso se realiz\u00f3 en coordinaci\u00f3n con la Secretar\u00eda de Relaciones Exteriores (SRE), la Organizaci\u00f3n Internacional de las Migraciones, Grupo Beta y la Casa del Migrante.<\/p>\n<p>\u201cEl total de las personas ten\u00eda una condici\u00f3n de estancia regular en M\u00e9xico y 66 de ellas pertenecen al grupo de quienes fueron retornadas de Estados Unidos a territorio mexicano por el puerto de internaci\u00f3n de Ciudad Ju\u00e1rez, tras haber solicitado asilo en ese pa\u00eds\u201d, detall\u00f3.<\/p>\n<p>El INM mencion\u00f3 que el programa continuar\u00e1 en Tijuana y Mexicali, donde se encuentran los otros dos puntos de internaci\u00f3n en los que M\u00e9xico ha recibido a personas extranjeras solicitantes de asilo en el pa\u00eds vecino.<\/p>\n<p>En colaboraci\u00f3n con otras dependencias de gobierno y organismos internacionales continuar\u00e1 su apoyo a las personas extranjeras que se encuentran en M\u00e9xico, a fin de llevar a cabo el retorno a sus pa\u00edses de origen, en caso de que as\u00ed lo soliciten. Despu\u00e9s de que el presidente de Estados Unidos, Donald Trump, amenazase en junio pasado con poner aranceles a los productos mexicanos si M\u00e9xico no frenaba el flujo migratorio, el pa\u00eds ha iniciado una serie de medidas para frenar el flujo migratorio.<\/p>\n<p>Entre ellas, extremar la vigilancia de las fronteras norte y sur con miles de militares, procurar la generaci\u00f3n de empleos en los pa\u00edses centroamericanos y aumentar el n\u00famero de agentes migratorios. Seg\u00fan los \u00faltimos datos del INM la cifra de deportaciones en M\u00e9xico aument\u00f3 un 32,7 % en junio con respecto a mayo, pasando de 16.507 a 21.912 extranjeros devueltos por las autoridades a sus pa\u00edses de origen.<\/p>\n<p>Este programa de retorno voluntario se suma a las medidas ya existentes, esperando atender fundamentalmente a migrantes de Honduras, Guatemala y El Salvador.<\/p>\n","protected":false},"excerpt":{"rendered":"<p><span style=\"color: #005497;\">Jos\u00e9 Luis Monta\u00f1ez<\/span><br \/>\n<br \/>\nM\u00e9xico inici\u00f3 la repatriaci\u00f3n de migrantes que se encuentran en el norte del pa\u00eds hacia sus naciones de origen, \u201ccon pleno respeto a protocolos internacionales\u201d.<\/p>\n","protected":false},"author":3,"featured_media":433911,"comment_status":"open","ping_status":"open","sticky":false,"template":"","format":"standard","meta":{"_monsterinsights_skip_tracking":false,"_monsterinsights_sitenote_active":false,"_monsterinsights_sitenote_note":"","_monsterinsights_sitenote_category":0,"footnotes":""},"categories":[3],"tags":[43673,86505,80529],"class_list":["post-433826","post","type-post","status-publish","format-standard","has-post-thumbnail","hentry","category-nacional","tag-nacional","tag-repatriacion","tag-voluntaria"],"_links":{"self":[{"href":"https:\/\/www.diarioimagen.net\/index.php?rest_route=\/wp\/v2\/posts\/433826","targetHints":{"allow":["GET"]}}],"collection":[{"href":"https:\/\/www.diarioimagen.net\/index.php?rest_route=\/wp\/v2\/posts"}],"about":[{"href":"https:\/\/www.diarioimagen.net\/index.php?rest_route=\/wp\/v2\/types\/post"}],"author":[{"embeddable":true,"href":"https:\/\/www.diarioimagen.net\/index.php?rest_route=\/wp\/v2\/users\/3"}],"replies":[{"embeddable":true,"href":"https:\/\/www.diarioimagen.net\/index.php?rest_route=%2Fwp%2Fv2%2Fcomments&post=433826"}],"version-history":[{"count":0,"href":"https:\/\/www.diarioimagen.net\/index.php?rest_route=\/wp\/v2\/posts\/433826\/revisions"}],"wp:featuredmedia":[{"embeddable":true,"href":"https:\/\/www.diarioimagen.net\/index.php?rest_route=\/wp\/v2\/media\/433911"}],"wp:attachment":[{"href":"https:\/\/www.diarioimagen.net\/index.php?rest_route=%2Fwp%2Fv2%2Fmedia&parent=433826"}],"wp:term":[{"taxonomy":"category","embeddable":true,"href":"https:\/\/www.diarioimagen.net\/index.php?rest_route=%2Fwp%2Fv2%2Fcategories&post=433826"},{"taxonomy":"post_tag","embeddable":true,"href":"https:\/\/www.diarioimagen.net\/index.php?rest_route=%2Fwp%2Fv2%2Ftags&post=433826"}],"curies":[{"name":"wp","href":"https:\/\/api.w.org\/{rel}","templated":true}]}}