{"id":433889,"date":"2019-07-03T00:09:48","date_gmt":"2019-07-03T05:09:48","guid":{"rendered":"https:\/\/www.diarioimagen.net\/?p=433889"},"modified":"2019-07-03T00:57:44","modified_gmt":"2019-07-03T05:57:44","slug":"ideologico-el-encuentro-del-zocalo","status":"publish","type":"post","link":"https:\/\/www.diarioimagen.net\/?p=433889","title":{"rendered":"\u00bfIdeol\u00f3gico, el encuentro del Z\u00f3calo?"},"content":{"rendered":"<h2>Poder y dinero<\/h2>\n<h5>V\u00edctor S\u00e1nchez Ba\u00f1os<\/h5>\n<p>&nbsp;<\/p>\n<p style=\"text-align: right;\"><strong><em>Todo lo que no es eterno est\u00e1 eternamente pasado de moda<br \/>\n<\/em><\/strong><em>Clive Staples Lewis (1898-1963) <\/em><em>Escritor brit\u00e1nico.<\/em><\/p>\n<p><em>\u00a0<\/em><\/p>\n<p>#AMLO #Ideolog\u00edaMorena #GobiernoSexenal #ProyectoTransexenal #7MesesDeGobierno #ResultadosSociales #TrascendenciaHist\u00f3rica #Extinci\u00f3nDeDominio #RicardoMonreal #Eutanasia #Avon<\/p>\n<p>&nbsp;<\/p>\n<p>&nbsp;<\/p>\n<p>Andr\u00e9s Manuel L\u00f3pez Obrador hizo un gran evento en la Plaza de la Constituci\u00f3n por el primer aniversario de su triunfo electoral, en el que rindi\u00f3 un \u201ccasi\u201d informe de gobierno de sus poco mas de 241 d\u00edas en la Presidencia de la Rep\u00fablica.<\/p>\n<p>Pero realmente, \u00bfqu\u00e9 es lo que persigue el l\u00edder del Ejecutivo con este tipo de eventos? \u00bfSe trata de una fiesta personal que involucre a sus seguidores? \u00bfEl fin de una clase pol\u00edtica que la sustituye otra con nuevas fuentes de poder y dinero? \u00bfLa nueva manera de gobernar en base a un socialismo que se imponga al neoliberalismo o al capitalismo salvaje? \u00bfEs ideolog\u00eda o simplemente el poder por el poder? Son muchas las aristas de una forma de gobernar que no es socialista a ultranza, aunque quiera parecerse a la cubana, venezolana o nicarag\u00fcense, pero con tonalidades del socialismo brasile\u00f1o de Lula da Silva o de los Kirshner en Argentina.<\/p>\n<p>El discurso del lunes con claros mensajes de una Cuarta Transformaci\u00f3n que lleg\u00f3 para quedarse. Para ello construye L\u00f3pez Obrador sus cimientos, por una parte, pero raudo y veloz, el resto de la estructura.<\/p>\n<p>Tiene poco tiempo. Un sexenio no es suficiente ya que no s\u00f3lo enfrenta el reto del tiempo, sino de vicios ancestrales de pri\u00edstas, morenistas y otras corrientes que est\u00e1n en Morena, de ma\u00f1as corruptas y amasias del dinero, m\u00e1s que del poder.<\/p>\n<p>AMLO quiere convertirse en una figura superior a la de Benito Ju\u00e1rez, en cuanto al liberalismo econ\u00f3mico, que nada tiene que ver con el socialismo que pregona el actual presidente; m\u00e1s all\u00e1 de los ideales de la Revoluci\u00f3n Mexicana que fue un movimiento burg\u00e9s de la clase militar sobre los hacendados, en algunos casos de pensamiento medieval que basaban su poder y riqueza, al amparo gubernamental, en la enorme posesi\u00f3n de tierras; muchas inactivas.<\/p>\n<p>Pero, por si fuera poco, quiere superar a L\u00e1zaro C\u00e1rdenas, \u201cEl Tata\u201d, en la aceptaci\u00f3n de las masas m\u00e1s pobres del pa\u00eds y ejemplo internacional, para \u201cinternacionalizar\u201d que podr\u00eda convertirse en el ideario pol\u00edtico de L\u00f3pez Obrador.\u00a0 En su discurso dijo que lo que ocurri\u00f3 el pasado 1 de julio del a\u00f1o pasado, que se convertir\u00e1 en la fecha ic\u00f3nica de su gobierno y que har\u00e1 una movilizaci\u00f3n cada a\u00f1o por ese motivo, \u201cno es un simple cambio de gobierno\u201d.<\/p>\n<p>Se trata, subray\u00f3, de un desaf\u00edo mayor, construir una patria nueva.<\/p>\n<p>Sabe, que el proceso debe ser lento, pero con paso acelerado. Una vez, la reflexi\u00f3n del tiempo, es la clave.<\/p>\n<p>El gobierno de L\u00f3pez Obrador, en los primeros 7 meses de su administraci\u00f3n, devolvi\u00f3 a Palacio Nacional, \u201ctodo el poder\u201d, sin limitaciones. El poder de un solo hombre. Aunque pueda estar equivocado, es quien manda y, una vez m\u00e1s, regresa aquel viejo axioma cuando el presidente pregunta \u201cqu\u00e9 horas son\u201d, y la respuesta de quien est\u00e9 cerca: \u201clas horas que usted ordene\u201d.<\/p>\n<p>Hab\u00edamos logrado los mexicanos que el poder presidencial disminuyera, pero hoy las cosas se retornaron por voluntad de la mayor\u00eda de los electores (ojo no la mitad de los mexicanos) a un presidencialismo con todo el poder sobre sus gobernados, su prosperidad, su educaci\u00f3n, sus negocios, su individualidad; bueno hasta en el interior de nuestras casas. La mayor\u00eda habl\u00f3 y s\u00f3lo la mayor\u00eda mantendr\u00e1 esa tendencia en el pa\u00eds. Pero, la democracia es as\u00ed. Ni modo.<\/p>\n<p><strong>PODEROSOS CABALLEROS<\/strong>: Ricardo Monreal logr\u00f3 el consenso para la aprobaci\u00f3n de la Ley de Extensi\u00f3n de Dominio, mediante la cual se confiscar\u00e1n las propiedades donde se realicen actos delictivos que van desde el lavado de dinero, secuestros y sean propiedad de narcos o huachicoleros. Claro, lo importante, es que en caso de que una persona rente de buena fe un inmueble en entredicho, puede defenderse en un juicio. As\u00ed se respetan sus garant\u00edas individuales.<\/p>\n<p>*** Casi sin ruido se aprob\u00f3 la eutanasia a nivel federal. Claro que se convierte en una forma de realizar cuidados paliativos a enfermos terminales. Un cuidado paliativo, puede ser considerado la muerte adelantada y asistida.<\/p>\n<p><strong>RESPONSABILIDAD SOCIAL CORPORATIVA<\/strong>: La fundaci\u00f3n Pintadita a Tu Salud realiz\u00f3 una sesi\u00f3n de arte con el fin de celebrar a Alberta, sobreviviente de c\u00e1ncer de mama y beneficiaria de la Fundaci\u00f3n Salvati. \u00c9sta, fundada por Mercedes Godoy y Sof\u00eda \u00c1lvarez, entreg\u00f3 una manga y un guante para tratar el linfedema que padece.\u00a0 Este mal puede presentarse en el 40% de los pacientes que han tenido mastectom\u00edas y se produce como resultado de la atrofia del sistema linf\u00e1tico. Para aliviar a pacientes con esta enfermedad, a trav\u00e9s de la Promesa Av\u00f3n, que encabeza Luc\u00eda Bert\u00edn en Responsabilidad Social de la empresa cosm\u00e9tica, han beneficiado a 350 v\u00edctimas de c\u00e1ncer de mama.<\/p>\n<p><a href=\"http:\/\/poderydinero.mx\" target=\"_blank\" rel=\"noopener noreferrer\"><em>poderydinero.mx<\/em><\/a><em><b><br \/>\n<\/b><a href=\"mailto:vsanchezb@gmail.com\" target=\"_blank\" rel=\"noopener noreferrer\">vsanchezb@gmail.com<br \/>\n<\/a><strong>Twitter:<\/strong><a href=\"https:\/\/twitter.com\/vsanchezbanos\" target=\"_blank\" rel=\"noopener noreferrer\">@vsanchezbano<br \/>\n<\/a><strong>Facebook:\u00a0<\/strong><a href=\"https:\/\/www.facebook.com\/vsanchezbanos?fref=ts\" target=\"_blank\" rel=\"noopener noreferrer\">vsanchezbano<\/a><\/em><\/p>\n","protected":false},"excerpt":{"rendered":"<p><span style=\"color: #005497;\"><strong>V\u00edctor S\u00e1nchez Ba\u00f1os<\/strong><\/span><\/p>\n","protected":false},"author":3,"featured_media":0,"comment_status":"open","ping_status":"open","sticky":false,"template":"","format":"standard","meta":{"_monsterinsights_skip_tracking":false,"_monsterinsights_sitenote_active":false,"_monsterinsights_sitenote_note":"","_monsterinsights_sitenote_category":0,"footnotes":""},"categories":[38844],"tags":[43674,38847,38848],"class_list":["post-433889","post","type-post","status-publish","format-standard","hentry","category-victor-sanchez-banos","tag-opinion","tag-poder-y-dinero","tag-victor-sanchez-banos"],"_links":{"self":[{"href":"https:\/\/www.diarioimagen.net\/index.php?rest_route=\/wp\/v2\/posts\/433889","targetHints":{"allow":["GET"]}}],"collection":[{"href":"https:\/\/www.diarioimagen.net\/index.php?rest_route=\/wp\/v2\/posts"}],"about":[{"href":"https:\/\/www.diarioimagen.net\/index.php?rest_route=\/wp\/v2\/types\/post"}],"author":[{"embeddable":true,"href":"https:\/\/www.diarioimagen.net\/index.php?rest_route=\/wp\/v2\/users\/3"}],"replies":[{"embeddable":true,"href":"https:\/\/www.diarioimagen.net\/index.php?rest_route=%2Fwp%2Fv2%2Fcomments&post=433889"}],"version-history":[{"count":0,"href":"https:\/\/www.diarioimagen.net\/index.php?rest_route=\/wp\/v2\/posts\/433889\/revisions"}],"wp:attachment":[{"href":"https:\/\/www.diarioimagen.net\/index.php?rest_route=%2Fwp%2Fv2%2Fmedia&parent=433889"}],"wp:term":[{"taxonomy":"category","embeddable":true,"href":"https:\/\/www.diarioimagen.net\/index.php?rest_route=%2Fwp%2Fv2%2Fcategories&post=433889"},{"taxonomy":"post_tag","embeddable":true,"href":"https:\/\/www.diarioimagen.net\/index.php?rest_route=%2Fwp%2Fv2%2Ftags&post=433889"}],"curies":[{"name":"wp","href":"https:\/\/api.w.org\/{rel}","templated":true}]}}