{"id":433948,"date":"2019-07-04T00:09:46","date_gmt":"2019-07-04T05:09:46","guid":{"rendered":"https:\/\/www.diarioimagen.net\/?p=433948"},"modified":"2019-07-04T23:44:35","modified_gmt":"2019-07-05T04:44:35","slug":"policias-federales-protestan-en-contra-de-su-traslado-a-guardia-nacional","status":"publish","type":"post","link":"https:\/\/www.diarioimagen.net\/?p=433948","title":{"rendered":"Polic\u00edas federales se rebelan; exigen mantener sus derechos"},"content":{"rendered":"<ul>\n<li><em><strong>Rechazan mando militar y bloquean varios puntos de la CDMX<\/strong><\/em><\/li>\n<li><em><strong>Rechazan cambio en condiciones de contrato; convocan a paro nacional para hoy<\/strong><\/em><\/li>\n<\/ul>\n<h6>Jos\u00e9 Luis Monta\u00f1ez<\/h6>\n<p>&nbsp;<\/p>\n<div id=\"attachment_434077\" style=\"width: 470px\" class=\"wp-caption aligncenter\"><a href=\"https:\/\/www.diarioimagen.net\/?attachment_id=434077\" rel=\"attachment wp-att-434077\"><img loading=\"lazy\" decoding=\"async\" aria-describedby=\"caption-attachment-434077\" class=\"size-large wp-image-434077\" src=\"https:\/\/www.diarioimagen.net\/wp-content\/uploads\/2019\/07\/FEDERALES4a-460x259.jpg\" alt=\"\" width=\"460\" height=\"259\" srcset=\"https:\/\/www.diarioimagen.net\/wp-content\/uploads\/2019\/07\/FEDERALES4a-460x259.jpg 460w, https:\/\/www.diarioimagen.net\/wp-content\/uploads\/2019\/07\/FEDERALES4a-240x135.jpg 240w, https:\/\/www.diarioimagen.net\/wp-content\/uploads\/2019\/07\/FEDERALES4a-235x132.jpg 235w, https:\/\/www.diarioimagen.net\/wp-content\/uploads\/2019\/07\/FEDERALES4a-202x114.jpg 202w, https:\/\/www.diarioimagen.net\/wp-content\/uploads\/2019\/07\/FEDERALES4a-350x196.jpg 350w, https:\/\/www.diarioimagen.net\/wp-content\/uploads\/2019\/07\/FEDERALES4a-220x123.jpg 220w, https:\/\/www.diarioimagen.net\/wp-content\/uploads\/2019\/07\/FEDERALES4a-237x132.jpg 237w, https:\/\/www.diarioimagen.net\/wp-content\/uploads\/2019\/07\/FEDERALES4a.jpg 480w\" sizes=\"auto, (max-width: 460px) 100vw, 460px\" \/><\/a><p id=\"caption-attachment-434077\" class=\"wp-caption-text\">Los agentes de la PF estrangularon a la Ciudad de M\u00e9xico con bloqueos en Constituyentes, la autopista M\u00e9xico-Pachuca y Perif\u00e9rico Sur, adem\u00e1s del Centro de Mando en Iztapalapa, donde agredieron a la coordinadora de la Guardia Nacional, que acudi\u00f3 a dialogar con ellos.<\/p><\/div>\n<p>&nbsp;<\/p>\n<p>Elementos de la Polic\u00eda Federal (PF) se rebelaron en rechazo a la incorporaci\u00f3n de la Guardia Nacional y el cambio radical en las condiciones laborales que han implicado un recorte en los bonos de productividad y sobre todo para los efectivos de las fuerzas de operaciones especiales.<\/p>\n<p>Al menos mil 500 elementos de la corporaci\u00f3n en diversos estados del pa\u00eds se manifestaron por las condiciones en las que se les pide renunciar a su antig\u00fcedad para causar alta en la Guardia Nacional, adem\u00e1s de que se les proporciona equipo caduco y de mala calidad.<\/p>\n<p>Desde la noche del pasado martes, los polic\u00edas se ubicaron en las instalaciones ubicadas en Anillo Perif\u00e9rico casi al cruce con Eje 5 Sur, en la colonia \u00c1rea Federal Complejo de Telefon\u00eda, en protesta por su cambio a la Guardia Nacional sin liquidaci\u00f3n y en demanda de apoyos.<\/p>\n<p style=\"text-align: center;\"><strong>Estrangulan la Ciudad de M\u00e9xico con bloqueos<\/strong><\/p>\n<p>Los agentes de la PF estrangularon la Ciudad de M\u00e9xico con bloqueos en avenida Constituyentes, la autopista M\u00e9xico-Pachuca y Perif\u00e9rico Sur, adem\u00e1s del Centro de Mando en Iztapalapa, donde agredieron a la coordinadora de la Guardia Nacional que acudi\u00f3 a dialogar con ellos.<\/p>\n<p>Bloquearon la circulaci\u00f3n en avenida Las Torres, a la altura de Constituyentes, lo que ocasion\u00f3 severos problemas viales para quienes se trasladan hacia o desde Santa Fe, Cuajimalpa y Toluca. El tr\u00e1nsito estaba detenido o a vuelta de rueda en m\u00e1s de seis kil\u00f3metros.<\/p>\n<p>Lo mismo ocurri\u00f3 en la autopista M\u00e9xico-Pachuca, a la altura de San Juanico, donde los uniformados cerraron y complicaron el paso a quienes se trasladan entre Ecatepec, Tec\u00e1mac, municipios vecinos y la Ciudad de M\u00e9xico. Hubo filas de veh\u00edculos en ambos sentidos de hasta ocho kil\u00f3metros.<\/p>\n<p>En Perif\u00e9rico Sur, a la altura de Jardines del Pedregal, los polic\u00edas federales bloquearon de manera intermitente carriles centrales y laterales en direcci\u00f3n al norte, y la fila de veh\u00edculos que avanzaba con extrema lentitud llegaba hasta Cuemanco.<\/p>\n<p>En Iztapalapa, los elementos mantuvieron la toma de las instalaciones del Centro de Mando de la Polic\u00eda Federal y el bloqueo de Perif\u00e9rico Oriente, lo que colaps\u00f3 las calles y avenidas cercanas.<\/p>\n<p>En ese punto, en la ma\u00f1ana, la coordinadora de la Guardia Nacional, Patricia Rosalinda Trujillo, acudi\u00f3 a dialogar con los federales que protestaban, pero en respuesta recibi\u00f3 gritos, golpes y empujones.<\/p>\n<p>Los elementos inconformes\u00a0 de la PF convocaron en redes sociales a un paro nacional para este jueves, en su intento de frenar su traspaso a la Guardia Nacional, pues aseguran que sus condiciones laborales se ver\u00edan afectadas y sus derechos no est\u00e1n siendo respetados.<\/p>\n<p style=\"text-align: center;\"><strong>\u201c27 mil pesos apenas es lo justo para<br \/>\nenfrentar a criminales de alto impacto\u201d<\/strong><\/p>\n<p>De acuerdo con un elemento de la instituci\u00f3n, que prefiri\u00f3 omitir su nombre, las autoridades pretenden integrarlos sin respetar su rango, antig\u00fcedad y capacitaci\u00f3n, adem\u00e1s, sin pagar un bono de 9 mil 800 pesos mensuales por estar desplegados en alg\u00fan lugar de la Rep\u00fablica, con lo que suman 27 mil pesos de sueldo lo que afirma: \u201capenas es lo justo para enfrentar a criminales de alto impacto. Se\u00f1al\u00f3 que desconocen cu\u00e1nto ser\u00e1 el pago que recibir\u00e1n los miembros de la Guardia Nacional, pero explic\u00f3 que seguramente ser\u00e1 menor, toda vez que a ellos apenas se les pide tener la secundaria terminada como escolaridad m\u00ednima, mientras que en la Polic\u00eda Federal es bachillerato, adem\u00e1s de que algunos han podido terminar licenciatura e incluso tienen capacitaciones y certificaciones en el extranjero.<\/p>\n<p>Dentro de la Polic\u00eda Federal los elementos concursaban por una promoci\u00f3n cada tres a\u00f1os, lo que les ha permitido a muchos acceder a rangos m\u00e1s altos y por lo tanto a un mejor salario, \u201cno nos han dado nada, todo no lo hemos ganado y ahora quieren que empecemos de cero\u201d. Explic\u00f3 que su descontento no es por tener un nuevo empleo, \u201cpues estamos acostumbrados a servir, nuestra labor policial es ayudar a la ciudadan\u00eda, pero ellos pretenden que adoptemos condiciones que nos hacen retroceder como profesionales\u201d.\u00a0 Consider\u00f3 que los elementos han sido menospreciados y discriminados al solicitar condiciones f\u00edsicas que algunos no cumplen por tener m\u00e1s edad, pero a cambio tienen experiencia y capacitaci\u00f3n que incluso ha servido para la Guardia Nacional.<\/p>\n<p>El agente a\u00f1adi\u00f3 que continuar\u00e1n con las manifestaciones y el cierre de calles hasta que no se alcancen acuerdos por escrito para garantizar que se realicen.<\/p>\n<p>&nbsp;<\/p>\n<blockquote>\n<h2 style=\"text-align: left;\">Demandas de los agentes<\/h2>\n<p>\u25cf Respeto a la dignidad de todos los que conforman la Polic\u00eda Federal<br \/>\n\u25cf Respeto a la antig\u00fcedad laboral<br \/>\n\u25cf Respeto a las prestaciones laborales<br \/>\n\u25cf Devoluci\u00f3n de la operatividad de 9 mil 800 pesos, cada 25 d\u00edas laborados<br \/>\n\u25cf Rechazo a la evaluaci\u00f3n por parte de personal militar, porque desconocen la funci\u00f3n policial: \u201cNo seremos evaluados y pasaremos en autom\u00e1tico a la Guardia Nacional y el mando saldr\u00e1 de las filas de la Polic\u00eda Federal sin parentesco con la escala de mandos\u201d<br \/>\n\u25cf Rechazo a ser trasladados administrativamente a la Secretar\u00eda de la Defensa Nacional<br \/>\n\u25cf Rechazo a vivir en cuarteles militares<br \/>\n\u25cf Exigen sueldo quincenal m\u00ednimo de 15 mil pesos, libre de impuesto, a partir de la segunda quincena de julio de 2019<br \/>\n\u25cf Exigen la desaparici\u00f3n del sueldo base de 2 mil 300 pesos<br \/>\n\u25cf Exigen la desaparici\u00f3n de la prueba del pol\u00edgrafo<br \/>\n\u25cf Exigen respeto a los horarios establecidos en la Ley Federal del Trabajo<br \/>\n\u25cf Exigen la renuncia de los mandos medios, desde comandantes hasta directores, que est\u00e9n relacionados con actos de corrupci\u00f3n y con el crimen organizado<br \/>\n\u25cf Instalaci\u00f3n de una oficina de derechos humanos para los polic\u00edas en el Centro de Mando<br \/>\n\u25cf Los polic\u00edas federales quieren conformar un sindicato<br \/>\n\u25cf Entrega de uniformes dos veces por a\u00f1o<\/p><\/blockquote>\n","protected":false},"excerpt":{"rendered":"<p><span style=\"color: #005497;\">Jos\u00e9 Luis Monta\u00f1ez<\/span><br \/>\n<br \/>\nElementos de la Polic\u00eda Federal (PF) se rebelaron en rechazo a la incorporaci\u00f3n de la Guardia Nacional y el cambio radical en las condiciones laborales que han implicado un recorte en los bonos de productividad y sobre todo para los efectivos de las fuerzas de operaciones especiales.<\/p>\n","protected":false},"author":5,"featured_media":434077,"comment_status":"open","ping_status":"open","sticky":false,"template":"","format":"standard","meta":{"_monsterinsights_skip_tracking":false,"_monsterinsights_sitenote_active":false,"_monsterinsights_sitenote_note":"","_monsterinsights_sitenote_category":0,"footnotes":""},"categories":[7],"tags":[86517,65705,43673,1350,86513,86515,86537,43677,86516],"class_list":["post-433948","post","type-post","status-publish","format-standard","has-post-thumbnail","hentry","category-seguridad","tag-centro-de-mando-en-iztapalapa","tag-derechos","tag-nacional","tag-policia-federal","tag-policias-federales","tag-protestan","tag-rebelan","tag-seguridad","tag-traslado-a-guardia-nacional"],"_links":{"self":[{"href":"https:\/\/www.diarioimagen.net\/index.php?rest_route=\/wp\/v2\/posts\/433948","targetHints":{"allow":["GET"]}}],"collection":[{"href":"https:\/\/www.diarioimagen.net\/index.php?rest_route=\/wp\/v2\/posts"}],"about":[{"href":"https:\/\/www.diarioimagen.net\/index.php?rest_route=\/wp\/v2\/types\/post"}],"author":[{"embeddable":true,"href":"https:\/\/www.diarioimagen.net\/index.php?rest_route=\/wp\/v2\/users\/5"}],"replies":[{"embeddable":true,"href":"https:\/\/www.diarioimagen.net\/index.php?rest_route=%2Fwp%2Fv2%2Fcomments&post=433948"}],"version-history":[{"count":0,"href":"https:\/\/www.diarioimagen.net\/index.php?rest_route=\/wp\/v2\/posts\/433948\/revisions"}],"wp:featuredmedia":[{"embeddable":true,"href":"https:\/\/www.diarioimagen.net\/index.php?rest_route=\/wp\/v2\/media\/434077"}],"wp:attachment":[{"href":"https:\/\/www.diarioimagen.net\/index.php?rest_route=%2Fwp%2Fv2%2Fmedia&parent=433948"}],"wp:term":[{"taxonomy":"category","embeddable":true,"href":"https:\/\/www.diarioimagen.net\/index.php?rest_route=%2Fwp%2Fv2%2Fcategories&post=433948"},{"taxonomy":"post_tag","embeddable":true,"href":"https:\/\/www.diarioimagen.net\/index.php?rest_route=%2Fwp%2Fv2%2Ftags&post=433948"}],"curies":[{"name":"wp","href":"https:\/\/api.w.org\/{rel}","templated":true}]}}