{"id":434018,"date":"2019-07-04T00:09:09","date_gmt":"2019-07-04T05:09:09","guid":{"rendered":"https:\/\/www.diarioimagen.net\/?p=434018"},"modified":"2019-07-04T07:21:37","modified_gmt":"2019-07-04T12:21:37","slug":"inicia-tlalnepantla-obras-en-ex-ejido-de-tepeolulco","status":"publish","type":"post","link":"https:\/\/www.diarioimagen.net\/?p=434018","title":{"rendered":"Inicia Tlalnepantla obras en Ex Ejido de Tepeolulco"},"content":{"rendered":"<p><a href=\"https:\/\/www.diarioimagen.net\/?attachment_id=434090\" rel=\"attachment wp-att-434090\"><img loading=\"lazy\" decoding=\"async\" class=\"aligncenter wp-image-434090 size-large\" src=\"https:\/\/www.diarioimagen.net\/wp-content\/uploads\/2019\/07\/TLALNEPANTLA-4-460x259.jpg\" alt=\"\" width=\"460\" height=\"259\" srcset=\"https:\/\/www.diarioimagen.net\/wp-content\/uploads\/2019\/07\/TLALNEPANTLA-4-460x259.jpg 460w, https:\/\/www.diarioimagen.net\/wp-content\/uploads\/2019\/07\/TLALNEPANTLA-4-240x135.jpg 240w, https:\/\/www.diarioimagen.net\/wp-content\/uploads\/2019\/07\/TLALNEPANTLA-4-235x132.jpg 235w, https:\/\/www.diarioimagen.net\/wp-content\/uploads\/2019\/07\/TLALNEPANTLA-4-202x114.jpg 202w, https:\/\/www.diarioimagen.net\/wp-content\/uploads\/2019\/07\/TLALNEPANTLA-4-350x196.jpg 350w, https:\/\/www.diarioimagen.net\/wp-content\/uploads\/2019\/07\/TLALNEPANTLA-4-220x123.jpg 220w, https:\/\/www.diarioimagen.net\/wp-content\/uploads\/2019\/07\/TLALNEPANTLA-4-237x132.jpg 237w, https:\/\/www.diarioimagen.net\/wp-content\/uploads\/2019\/07\/TLALNEPANTLA-4.jpg 480w\" sizes=\"auto, (max-width: 460px) 100vw, 460px\" \/><\/a><\/p>\n<p>&nbsp;<\/p>\n<p><strong>Tlalnepantla, Estado de M\u00e9xico<\/strong><strong>.- <\/strong>En Tlalnepantla Oriente iniciaron los trabajos de pavimentaci\u00f3n con concreto hidr\u00e1ulico en 12 calles de la colonia Ex Ejido de Tepeolulco que estuvieron olvidadas por d\u00e9cadas.<\/p>\n<p>Estas obras benefician a cientos de familias. Al dar el banderazo de arranque en la calle \u00c9bano, el presidente municipal, Raciel P\u00e9rez Cruz, dijo que con estas pavimentaciones inicia la transformaci\u00f3n de esta zona de la ciudad, lo que mejora la calidad de vida de las familias.<\/p>\n<p>\u201cA\u00fan hay muchos retos, pero se trabaja todos los d\u00edas en materia de obra y seguridad\u201d, puntualiz\u00f3. Indic\u00f3 que este gobierno atiende las necesidades m\u00e1s apremiantes de la gente, por lo que en tres colonias de Tlalnepantla Oriente ya se implementa un programa de regularizaci\u00f3n de tenencia de la tierra que da certeza jur\u00eddica a los habitantes.<\/p>\n<p>&nbsp;<\/p>\n","protected":false},"excerpt":{"rendered":"<p>En Tlalnepantla Oriente iniciaron los trabajos de pavimentaci\u00f3n con concreto hidr\u00e1ulico en 12 calles de la colonia Ex Ejido de Tepeolulco que estuvieron olvidadas por d\u00e9cadas.<\/p>\n","protected":false},"author":3,"featured_media":434090,"comment_status":"open","ping_status":"open","sticky":false,"template":"","format":"standard","meta":{"_monsterinsights_skip_tracking":false,"_monsterinsights_sitenote_active":false,"_monsterinsights_sitenote_note":"","_monsterinsights_sitenote_category":0,"footnotes":""},"categories":[5],"tags":[43675,13417,169],"class_list":["post-434018","post","type-post","status-publish","format-standard","has-post-thumbnail","hentry","category-estado-de-mexico","tag-estado-de-mexico","tag-obras","tag-tlalnepantla"],"_links":{"self":[{"href":"https:\/\/www.diarioimagen.net\/index.php?rest_route=\/wp\/v2\/posts\/434018","targetHints":{"allow":["GET"]}}],"collection":[{"href":"https:\/\/www.diarioimagen.net\/index.php?rest_route=\/wp\/v2\/posts"}],"about":[{"href":"https:\/\/www.diarioimagen.net\/index.php?rest_route=\/wp\/v2\/types\/post"}],"author":[{"embeddable":true,"href":"https:\/\/www.diarioimagen.net\/index.php?rest_route=\/wp\/v2\/users\/3"}],"replies":[{"embeddable":true,"href":"https:\/\/www.diarioimagen.net\/index.php?rest_route=%2Fwp%2Fv2%2Fcomments&post=434018"}],"version-history":[{"count":0,"href":"https:\/\/www.diarioimagen.net\/index.php?rest_route=\/wp\/v2\/posts\/434018\/revisions"}],"wp:featuredmedia":[{"embeddable":true,"href":"https:\/\/www.diarioimagen.net\/index.php?rest_route=\/wp\/v2\/media\/434090"}],"wp:attachment":[{"href":"https:\/\/www.diarioimagen.net\/index.php?rest_route=%2Fwp%2Fv2%2Fmedia&parent=434018"}],"wp:term":[{"taxonomy":"category","embeddable":true,"href":"https:\/\/www.diarioimagen.net\/index.php?rest_route=%2Fwp%2Fv2%2Fcategories&post=434018"},{"taxonomy":"post_tag","embeddable":true,"href":"https:\/\/www.diarioimagen.net\/index.php?rest_route=%2Fwp%2Fv2%2Ftags&post=434018"}],"curies":[{"name":"wp","href":"https:\/\/api.w.org\/{rel}","templated":true}]}}