{"id":434137,"date":"2019-07-05T00:09:08","date_gmt":"2019-07-05T05:09:08","guid":{"rendered":"https:\/\/www.diarioimagen.net\/?p=434137"},"modified":"2019-07-05T01:36:09","modified_gmt":"2019-07-05T06:36:09","slug":"amparos-retrasaran-aeropuerto-de-santa-lucia-hasta-2022-sct","status":"publish","type":"post","link":"https:\/\/www.diarioimagen.net\/?p=434137","title":{"rendered":"Amparos retrasar\u00e1n aeropuerto de Santa Luc\u00eda hasta 2022: SCT"},"content":{"rendered":"<ul>\n<li><em><strong>Conf\u00eda en comenzar obras a finales de este mes<\/strong><\/em><\/li>\n<\/ul>\n<p>&nbsp;<\/p>\n<div id=\"attachment_434138\" style=\"width: 470px\" class=\"wp-caption aligncenter\"><img loading=\"lazy\" decoding=\"async\" aria-describedby=\"caption-attachment-434138\" class=\"size-large wp-image-434138\" src=\"https:\/\/www.diarioimagen.net\/wp-content\/uploads\/2019\/07\/AEROPUERTO5-PORTAL-460x268.jpg\" alt=\"\" width=\"460\" height=\"268\" srcset=\"https:\/\/www.diarioimagen.net\/wp-content\/uploads\/2019\/07\/AEROPUERTO5-PORTAL-460x268.jpg 460w, https:\/\/www.diarioimagen.net\/wp-content\/uploads\/2019\/07\/AEROPUERTO5-PORTAL-240x140.jpg 240w, https:\/\/www.diarioimagen.net\/wp-content\/uploads\/2019\/07\/AEROPUERTO5-PORTAL.jpg 480w\" sizes=\"auto, (max-width: 460px) 100vw, 460px\" \/><p id=\"caption-attachment-434138\" class=\"wp-caption-text\">Amparos interpuestos contra el aeropuerto de Santa Luc\u00eda afectan el avance de esta obra, por lo que estar\u00eda lista para 2022, prev\u00e9 SCT.<\/p><\/div>\n<p>&nbsp;<\/p>\n<p>El titular de la Secretar\u00eda de Comunicaciones y Transportes (SCT), Javier Jim\u00e9nez Espri\u00fa, se\u00f1al\u00f3 que los amparos interpuestos contra el aeropuerto de Santa Luc\u00eda afectan el avance de esta obra.<\/p>\n<p>En el marco de la celebraci\u00f3n del D\u00eda Nacional del Ingeniero, el funcionario federal reconoci\u00f3 los retrasos que hay en las obras y dijo que la terminal a\u00e9rea no estar\u00e1 en 2021, sino hasta 2022.<\/p>\n<p>\u201cEstos amparos nos han retrasado un poco, esper\u00e1bamos empezar a construir hace como un mes, pero no fue posible, espero que empecemos la construcci\u00f3n a finales de este mes\u201d, afirm\u00f3.<\/p>\n<p>Jim\u00e9nez Espri\u00fa dijo estar confiado en que este mes se resuelvan los asuntos judiciales de manera favorable que hay en contra de la obra, para que as\u00ed se puedan continuar con los trabajos.<\/p>\n<p>Cabe destacar que la organizaci\u00f3n #NoM\u00e1sDerroches ha promovido varias demandas de amparo para frenar las obras en el aeropuerto de Santa Luc\u00eda.<\/p>\n<p>El presidente Andr\u00e9s Manuel L\u00f3pez Obrador hab\u00eda se\u00f1alado que el nuevo aeropuerto en Santa Luc\u00eda estar\u00eda en operaciones en 2021, sin embargo, se anunci\u00f3 que ser\u00e1 hasta un a\u00f1o despu\u00e9s cuando est\u00e9 listo.<\/p>\n","protected":false},"excerpt":{"rendered":"<p>El titular de la Secretar\u00eda de Comunicaciones y Transportes (SCT), Javier Jim\u00e9nez Espri\u00fa, se\u00f1al\u00f3 que los amparos interpuestos contra el aeropuerto de Santa Luc\u00eda afectan el avance de esta obra.<\/p>\n","protected":false},"author":5,"featured_media":434138,"comment_status":"open","ping_status":"open","sticky":false,"template":"","format":"standard","meta":{"_monsterinsights_skip_tracking":false,"_monsterinsights_sitenote_active":false,"_monsterinsights_sitenote_note":"","_monsterinsights_sitenote_category":0,"footnotes":""},"categories":[25512],"tags":[86557,86558,76322,43673,9207],"class_list":["post-434137","post","type-post","status-publish","format-standard","has-post-thumbnail","hentry","category-nacional-nacional","tag-86557","tag-finales-de-este-mes","tag-javier-jimenez-espriu","tag-nacional","tag-santa-lucia"],"_links":{"self":[{"href":"https:\/\/www.diarioimagen.net\/index.php?rest_route=\/wp\/v2\/posts\/434137","targetHints":{"allow":["GET"]}}],"collection":[{"href":"https:\/\/www.diarioimagen.net\/index.php?rest_route=\/wp\/v2\/posts"}],"about":[{"href":"https:\/\/www.diarioimagen.net\/index.php?rest_route=\/wp\/v2\/types\/post"}],"author":[{"embeddable":true,"href":"https:\/\/www.diarioimagen.net\/index.php?rest_route=\/wp\/v2\/users\/5"}],"replies":[{"embeddable":true,"href":"https:\/\/www.diarioimagen.net\/index.php?rest_route=%2Fwp%2Fv2%2Fcomments&post=434137"}],"version-history":[{"count":0,"href":"https:\/\/www.diarioimagen.net\/index.php?rest_route=\/wp\/v2\/posts\/434137\/revisions"}],"wp:featuredmedia":[{"embeddable":true,"href":"https:\/\/www.diarioimagen.net\/index.php?rest_route=\/wp\/v2\/media\/434138"}],"wp:attachment":[{"href":"https:\/\/www.diarioimagen.net\/index.php?rest_route=%2Fwp%2Fv2%2Fmedia&parent=434137"}],"wp:term":[{"taxonomy":"category","embeddable":true,"href":"https:\/\/www.diarioimagen.net\/index.php?rest_route=%2Fwp%2Fv2%2Fcategories&post=434137"},{"taxonomy":"post_tag","embeddable":true,"href":"https:\/\/www.diarioimagen.net\/index.php?rest_route=%2Fwp%2Fv2%2Ftags&post=434137"}],"curies":[{"name":"wp","href":"https:\/\/api.w.org\/{rel}","templated":true}]}}