{"id":434195,"date":"2019-07-05T00:06:05","date_gmt":"2019-07-05T05:06:05","guid":{"rendered":"https:\/\/www.diarioimagen.net\/?p=434195"},"modified":"2019-07-05T07:31:45","modified_gmt":"2019-07-05T12:31:45","slug":"cae-en-chalco-violador-serial","status":"publish","type":"post","link":"https:\/\/www.diarioimagen.net\/?p=434195","title":{"rendered":"Cae en Chalco violador serial"},"content":{"rendered":"<ul>\n<li><strong><em>Acusado de abusar de 8 menores<\/em><\/strong><\/li>\n<\/ul>\n<p>&nbsp;<\/p>\n<div id=\"attachment_434270\" style=\"width: 470px\" class=\"wp-caption aligncenter\"><a href=\"https:\/\/www.diarioimagen.net\/?attachment_id=434270\" rel=\"attachment wp-att-434270\"><img loading=\"lazy\" decoding=\"async\" aria-describedby=\"caption-attachment-434270\" class=\"size-large wp-image-434270\" src=\"https:\/\/www.diarioimagen.net\/wp-content\/uploads\/2019\/07\/VIOLADOR5-460x259.jpg\" alt=\"\" width=\"460\" height=\"259\" srcset=\"https:\/\/www.diarioimagen.net\/wp-content\/uploads\/2019\/07\/VIOLADOR5-460x259.jpg 460w, https:\/\/www.diarioimagen.net\/wp-content\/uploads\/2019\/07\/VIOLADOR5-240x135.jpg 240w, https:\/\/www.diarioimagen.net\/wp-content\/uploads\/2019\/07\/VIOLADOR5-235x132.jpg 235w, https:\/\/www.diarioimagen.net\/wp-content\/uploads\/2019\/07\/VIOLADOR5-202x114.jpg 202w, https:\/\/www.diarioimagen.net\/wp-content\/uploads\/2019\/07\/VIOLADOR5-350x196.jpg 350w, https:\/\/www.diarioimagen.net\/wp-content\/uploads\/2019\/07\/VIOLADOR5-220x123.jpg 220w, https:\/\/www.diarioimagen.net\/wp-content\/uploads\/2019\/07\/VIOLADOR5-237x132.jpg 237w, https:\/\/www.diarioimagen.net\/wp-content\/uploads\/2019\/07\/VIOLADOR5.jpg 480w\" sizes=\"auto, (max-width: 460px) 100vw, 460px\" \/><\/a><p id=\"caption-attachment-434270\" class=\"wp-caption-text\">Pedro \u201cN\u201d fue arrestado en la colonia Nueva San Isidro, en Chalco, en un operativo policial conjunto.<\/p><\/div>\n<p>&nbsp;<\/p>\n<p>Agentes de la Fiscal\u00eda General de Justicia del Estado de M\u00e9xico (FGJEM) y de la Polic\u00eda Municipal de Chalco detuvieron a un presunto violador serial, quien es acusado de abusar sexualmente de ocho menores de entre nueve y 15 a\u00f1os de edad.<\/p>\n<p>El delincuente sexual, quien fue identificado como Pedro \u201cN\u201d, fue arrestado en la colonia Nueva San Isidro en un operativo conjunto en el que participaron oficiales de la Fiscal\u00eda mexiquense y del \u00c1rea de Inteligencia de la Polic\u00eda Municipal de esta ciudad.<\/p>\n<p>En un comunicado, la FGJEM inform\u00f3 que la movilizaci\u00f3n fue realizada como parte de una investigaci\u00f3n iniciada por varias denuncias en esa regi\u00f3n de la entidad por la violaci\u00f3n de ni\u00f1os y adolescentes, cuyo <em>modus operandi<\/em> en la mayor\u00eda de los casos era similar.<\/p>\n<p>El detenido fue ingresado al penal estatal de Huitzilzingo, localizado en Chalco, en cumplimiento de una orden de aprehensi\u00f3n que fue girada en su contra por el delito de violaci\u00f3n.<\/p>\n<p>El hombre fue aprehendido al momento que, aparentemente, intentaba violar a una mujer.<\/p>\n<p>Los polic\u00edas municipales de Chalco y de Investigaci\u00f3n de la Fiscal\u00eda mexiquense segu\u00edan la pista a un sujeto de una estatura aproximada de 1.60 metros, de complexi\u00f3n delgada, tez morena y aproximadamente 30 a\u00f1os de edad, quien se trasladaba en una bicicleta y aparentemente trabajaba como alba\u00f1il en diversas obras en municipios de la regi\u00f3n de Los Volcanes.<\/p>\n","protected":false},"excerpt":{"rendered":"<p>Agentes de la Fiscal\u00eda General de Justicia del Estado de M\u00e9xico (FGJEM) y de la Polic\u00eda Municipal de Chalco detuvieron a un presunto violador serial, quien es acusado de abusar sexualmente de ocho menores de entre nueve y 15 a\u00f1os de edad.<\/p>\n","protected":false},"author":3,"featured_media":434270,"comment_status":"open","ping_status":"open","sticky":false,"template":"","format":"standard","meta":{"_monsterinsights_skip_tracking":false,"_monsterinsights_sitenote_active":false,"_monsterinsights_sitenote_note":"","_monsterinsights_sitenote_category":0,"footnotes":""},"categories":[5],"tags":[56576,86583],"class_list":["post-434195","post","type-post","status-publish","format-standard","has-post-thumbnail","hentry","category-estado-de-mexico","tag-fiscalia-general-de-justicia-del-estado-de-mexico","tag-violador-serial"],"_links":{"self":[{"href":"https:\/\/www.diarioimagen.net\/index.php?rest_route=\/wp\/v2\/posts\/434195","targetHints":{"allow":["GET"]}}],"collection":[{"href":"https:\/\/www.diarioimagen.net\/index.php?rest_route=\/wp\/v2\/posts"}],"about":[{"href":"https:\/\/www.diarioimagen.net\/index.php?rest_route=\/wp\/v2\/types\/post"}],"author":[{"embeddable":true,"href":"https:\/\/www.diarioimagen.net\/index.php?rest_route=\/wp\/v2\/users\/3"}],"replies":[{"embeddable":true,"href":"https:\/\/www.diarioimagen.net\/index.php?rest_route=%2Fwp%2Fv2%2Fcomments&post=434195"}],"version-history":[{"count":0,"href":"https:\/\/www.diarioimagen.net\/index.php?rest_route=\/wp\/v2\/posts\/434195\/revisions"}],"wp:featuredmedia":[{"embeddable":true,"href":"https:\/\/www.diarioimagen.net\/index.php?rest_route=\/wp\/v2\/media\/434270"}],"wp:attachment":[{"href":"https:\/\/www.diarioimagen.net\/index.php?rest_route=%2Fwp%2Fv2%2Fmedia&parent=434195"}],"wp:term":[{"taxonomy":"category","embeddable":true,"href":"https:\/\/www.diarioimagen.net\/index.php?rest_route=%2Fwp%2Fv2%2Fcategories&post=434195"},{"taxonomy":"post_tag","embeddable":true,"href":"https:\/\/www.diarioimagen.net\/index.php?rest_route=%2Fwp%2Fv2%2Ftags&post=434195"}],"curies":[{"name":"wp","href":"https:\/\/api.w.org\/{rel}","templated":true}]}}