{"id":434200,"date":"2019-07-05T00:07:20","date_gmt":"2019-07-05T05:07:20","guid":{"rendered":"https:\/\/www.diarioimagen.net\/?p=434200"},"modified":"2019-07-05T07:34:22","modified_gmt":"2019-07-05T12:34:22","slug":"realizan-jornada-de-mantenimiento-en-dos-comunidades-de-naucalpan","status":"publish","type":"post","link":"https:\/\/www.diarioimagen.net\/?p=434200","title":{"rendered":"Realizan jornada de mantenimiento en dos comunidades de Naucalpan"},"content":{"rendered":"<p><a href=\"https:\/\/www.diarioimagen.net\/?attachment_id=434276\" rel=\"attachment wp-att-434276\"><img loading=\"lazy\" decoding=\"async\" class=\"aligncenter size-large wp-image-434276\" src=\"https:\/\/www.diarioimagen.net\/wp-content\/uploads\/2019\/07\/NAUCALPAN-5-460x259.jpg\" alt=\"\" width=\"460\" height=\"259\" srcset=\"https:\/\/www.diarioimagen.net\/wp-content\/uploads\/2019\/07\/NAUCALPAN-5-460x259.jpg 460w, https:\/\/www.diarioimagen.net\/wp-content\/uploads\/2019\/07\/NAUCALPAN-5-240x135.jpg 240w, https:\/\/www.diarioimagen.net\/wp-content\/uploads\/2019\/07\/NAUCALPAN-5-235x132.jpg 235w, https:\/\/www.diarioimagen.net\/wp-content\/uploads\/2019\/07\/NAUCALPAN-5-202x114.jpg 202w, https:\/\/www.diarioimagen.net\/wp-content\/uploads\/2019\/07\/NAUCALPAN-5-350x196.jpg 350w, https:\/\/www.diarioimagen.net\/wp-content\/uploads\/2019\/07\/NAUCALPAN-5-220x123.jpg 220w, https:\/\/www.diarioimagen.net\/wp-content\/uploads\/2019\/07\/NAUCALPAN-5-237x132.jpg 237w, https:\/\/www.diarioimagen.net\/wp-content\/uploads\/2019\/07\/NAUCALPAN-5.jpg 480w\" sizes=\"auto, (max-width: 460px) 100vw, 460px\" \/><\/a><\/p>\n<p>&nbsp;<\/p>\n<p><strong>Naucalpan, Estado de M\u00e9xico.-<\/strong> La Secretar\u00eda de Servicios P\u00fablicos realiz\u00f3 jornadas de limpieza y mantenimiento en la zona de Ciudad Brisas y San Lorenzo Totolinga, donde se efectuaron trabajos de balizamiento de vialidades y guarniciones, chaponeo y clareo de \u00e1reas verdes, adem\u00e1s de que se recogi\u00f3 escombros y basura.<\/p>\n<p>Al dar el banderazo de inicio, Carlos Trujillo Anell, secretario de Servicios P\u00fablicos, explic\u00f3 que estas labores forman parte del compromiso que tiene la presidenta municipal, Patricia Dur\u00e1n Reveles, para el entorno urbano y atender las peticiones de los vecinos. Asimismo, el funcionario agradeci\u00f3 a todo el personal por su disposici\u00f3n para llevar a cabo esta jornada.<\/p>\n<p>\u201cEn el caso de Ciudad Brisas vamos a trabajar en todo el circuito que compone Circunvalaci\u00f3n Poniente, Xalpa y Avenida Los Arcos, lo que significa 10 kil\u00f3metros lineales\u201d.<\/p>\n","protected":false},"excerpt":{"rendered":"<p>La Secretar\u00eda de Servicios P\u00fablicos realiz\u00f3 jornadas de limpieza y mantenimiento en la zona de Ciudad Brisas y San Lorenzo Totolinga, donde se efectuaron trabajos de balizamiento de vialidades y guarniciones, chaponeo y clareo de \u00e1reas verdes, adem\u00e1s de que se recogi\u00f3 escombros y basura.<\/p>\n","protected":false},"author":3,"featured_media":434276,"comment_status":"open","ping_status":"open","sticky":false,"template":"","format":"standard","meta":{"_monsterinsights_skip_tracking":false,"_monsterinsights_sitenote_active":false,"_monsterinsights_sitenote_note":"","_monsterinsights_sitenote_category":0,"footnotes":""},"categories":[5],"tags":[43675,46914,970],"class_list":["post-434200","post","type-post","status-publish","format-standard","has-post-thumbnail","hentry","category-estado-de-mexico","tag-estado-de-mexico","tag-mantenimiento","tag-naucalpan"],"_links":{"self":[{"href":"https:\/\/www.diarioimagen.net\/index.php?rest_route=\/wp\/v2\/posts\/434200","targetHints":{"allow":["GET"]}}],"collection":[{"href":"https:\/\/www.diarioimagen.net\/index.php?rest_route=\/wp\/v2\/posts"}],"about":[{"href":"https:\/\/www.diarioimagen.net\/index.php?rest_route=\/wp\/v2\/types\/post"}],"author":[{"embeddable":true,"href":"https:\/\/www.diarioimagen.net\/index.php?rest_route=\/wp\/v2\/users\/3"}],"replies":[{"embeddable":true,"href":"https:\/\/www.diarioimagen.net\/index.php?rest_route=%2Fwp%2Fv2%2Fcomments&post=434200"}],"version-history":[{"count":0,"href":"https:\/\/www.diarioimagen.net\/index.php?rest_route=\/wp\/v2\/posts\/434200\/revisions"}],"wp:featuredmedia":[{"embeddable":true,"href":"https:\/\/www.diarioimagen.net\/index.php?rest_route=\/wp\/v2\/media\/434276"}],"wp:attachment":[{"href":"https:\/\/www.diarioimagen.net\/index.php?rest_route=%2Fwp%2Fv2%2Fmedia&parent=434200"}],"wp:term":[{"taxonomy":"category","embeddable":true,"href":"https:\/\/www.diarioimagen.net\/index.php?rest_route=%2Fwp%2Fv2%2Fcategories&post=434200"},{"taxonomy":"post_tag","embeddable":true,"href":"https:\/\/www.diarioimagen.net\/index.php?rest_route=%2Fwp%2Fv2%2Ftags&post=434200"}],"curies":[{"name":"wp","href":"https:\/\/api.w.org\/{rel}","templated":true}]}}