{"id":434320,"date":"2019-07-06T00:01:36","date_gmt":"2019-07-06T05:01:36","guid":{"rendered":"https:\/\/www.diarioimagen.net\/?p=434320"},"modified":"2019-07-08T00:49:17","modified_gmt":"2019-07-08T05:49:17","slug":"rainer-weinberg-nuevo-gerente-del-w-mexico-city-quiere-posicionar-al-hotel-en-la-escena-de-moda-diseno-musica-y-arte-contemporaneo","status":"publish","type":"post","link":"https:\/\/www.diarioimagen.net\/?p=434320","title":{"rendered":"Rainer Weinberg nuevo gerente del W Mexico City quiere posicionar al hotel en la escena de moda, dise\u00f1o, m\u00fasica y arte contempor\u00e1neo"},"content":{"rendered":"<h2>De cinco estrellas<\/h2>\n<h5>Victoria Gonz\u00e1lez Prado<\/h5>\n<p>&nbsp;<\/p>\n<ul>\n<li><strong>Un total de quince alojamientos gestionados por <i>Meli\u00e1 Hotels International Cuba<\/i> recibieron Certificado de Excelencia 2019<\/strong><\/li>\n<li><strong>\u00a0Lourdes Berho, seleccionada para participar en la segunda edici\u00f3n de <i>HOPE Binational Fellowship<\/i> programa de liderazgo ejecutivo<\/strong><\/li>\n<li><strong>Nuevo acuerdo de c\u00f3digo compartido firmaron<i> Interjet<\/i> y <i>Alitalia<\/i>, con la cual ya tienen alianza comercial interlineal<\/strong><\/li>\n<li><strong><i>Riu Hotels &amp; Resort<\/i> adquiri\u00f3 segundo hotel en Tanzania, junto al que la hotelera ya tiene en el pa\u00eds bajo gama <i>Riu Palace<\/i><\/strong><\/li>\n<li><strong><i>Latam<\/i>, concret\u00f3 el lanzamiento en Bolsa de Santiago, transacci\u00f3n que logra condiciones \u201catractivas<\/strong><\/li>\n<\/ul>\n<p>&nbsp;<\/p>\n<div id=\"attachment_434321\" style=\"width: 470px\" class=\"wp-caption aligncenter\"><a href=\"https:\/\/www.diarioimagen.net\/?attachment_id=434321\" rel=\"attachment wp-att-434321\"><img loading=\"lazy\" decoding=\"async\" aria-describedby=\"caption-attachment-434321\" class=\"size-large wp-image-434321\" src=\"https:\/\/www.diarioimagen.net\/wp-content\/uploads\/2019\/07\/turismo-3-460x259.jpg\" alt=\"\" width=\"460\" height=\"259\" srcset=\"https:\/\/www.diarioimagen.net\/wp-content\/uploads\/2019\/07\/turismo-3-460x259.jpg 460w, https:\/\/www.diarioimagen.net\/wp-content\/uploads\/2019\/07\/turismo-3-240x135.jpg 240w, https:\/\/www.diarioimagen.net\/wp-content\/uploads\/2019\/07\/turismo-3-235x132.jpg 235w, https:\/\/www.diarioimagen.net\/wp-content\/uploads\/2019\/07\/turismo-3-202x114.jpg 202w, https:\/\/www.diarioimagen.net\/wp-content\/uploads\/2019\/07\/turismo-3-350x196.jpg 350w, https:\/\/www.diarioimagen.net\/wp-content\/uploads\/2019\/07\/turismo-3-220x123.jpg 220w, https:\/\/www.diarioimagen.net\/wp-content\/uploads\/2019\/07\/turismo-3-237x132.jpg 237w, https:\/\/www.diarioimagen.net\/wp-content\/uploads\/2019\/07\/turismo-3.jpg 480w\" sizes=\"auto, (max-width: 460px) 100vw, 460px\" \/><\/a><p id=\"caption-attachment-434321\" class=\"wp-caption-text\">Rainer Weinberg.<\/p><\/div>\n<p>&nbsp;<\/p>\n<p><b>Rainer Weinberg<\/b> es el nuevo gerente del <i>W Mexico City<\/i> que entre sus objetivos tiene posicionar en la escena de moda, dise\u00f1o, m\u00fasica y arte contempor\u00e1neo al inmueble ubicado en el coraz\u00f3n de Polanco. Con la filosof\u00eda de servicio <i>Whatever\/Whenever<\/i> invita a viajeros de negocios y placer a escapar de las rutinas y formar parte de la propiedad y enaltecerla como sitio de reuni\u00f3n donde est\u00e1 la mejor m\u00fasica y los mejores eventos.<span class=\"Apple-converted-space\">\u00a0<\/span><\/p>\n<p><b>Rainer <\/b>conocido en el sector hotelero como persona estrat\u00e9gica que sabe implementar acciones para incrementar el impacto y reconocimiento de los hoteles a su cargo y M\u00e9xico implica un reto, \u201cEl hotel W Ciudad de M\u00e9xico debe ser reconocido dentro de la comunidad local y externa como el lugar que enciende la chispa de sus grandes pasiones. Los usuarios podr\u00e1n sentirse ellos y que esto sea lo que les ayude a generar lealtad que vaya m\u00e1s all\u00e1 y termine con lazo emocional que los una a nuestro hotel y a la marca W\u201d, afirm\u00f3.<span class=\"Apple-converted-space\">\u00a0 <\/span><b><span class=\"Apple-converted-space\">\u00a0<\/span><\/b><\/p>\n<p>De sus logros destaca la apertura exitosa de hotel en Abu Dhabi, tambi\u00e9n construy\u00f3 <i>\u201cLiquid\u201d<\/i> evento en la alberca que se volvi\u00f3 tan popular que fue premiado como \u201c<i>The Best Night Club\u201d<\/i> por <i>Time Out, What\u2019s On Magazine<span class=\"Apple-converted-space\">\u00a0<\/span><\/i><\/p>\n<p>Con m\u00e1s de 22 a\u00f1os de experiencia en la industria hotelera <b>Rainer Weinberg<\/b> tiene lista de objetivos logrados en su antigua casa, el hotel <i>Aloft <\/i>de Abu Dhabi, su experiencia en el sector y visi\u00f3n estrat\u00e9gica lo llevaron a tomar y emprender este reto en su carrera ahora como gerente general en <i>W Mexico City.<\/i><\/p>\n<p><b>*****<\/b> Un total de quince alojamientos gestionados por <i>Meli\u00e1 Hotels International<\/i> <i>Cuba<\/i> recibieron Certificado de Excelencia 2019 que el sitio <i>web<\/i> de viajes <i>TripAdvisor.<\/i> Este aval se concede cada a\u00f1o a las instalaciones que han obtenido de manera constante opiniones positivas por parte de los usuarios del sitio y rinde homenaje a los alojamientos que demuestran la perfecci\u00f3n de sus servicios al cliente.<\/p>\n<p>Los hoteles <i>Paradisus Rio<\/i> de Oro, Meli\u00e1 Las Am\u00e9ricas, Meli\u00e1 Cohiba, Meli\u00e1 Santiago de Cuba, Meli\u00e1 Habana, Meli\u00e1 Cayo Coco, Meli\u00e1 Varadero, Meli\u00e1 Buenavista y Sol Cayo Coco, tambi\u00e9n ganadores del Certificado el a\u00f1o anterior, reaparecen en la preferencia de los viajeros, y se suman a la lista Paradisus Los Cayos, Meli\u00e1 San Carlos, Sol Palmeras, Tryp Cayo Coco, y Gran Hotel By Meli\u00e1 y La Uni\u00f3n by Meli\u00e1.<span class=\"Apple-converted-space\">\u00a0<\/span><\/p>\n<p>Con m\u00e1s de 600 opiniones imparciales de viajeros registradas, <i>TripAdvisor <\/i>es el sitio web de viajes m\u00e1s grande en el mundo. La designaci\u00f3n de los hoteles con el Certificado de Excelencia es reconocimiento al compromiso con la calidad y distinci\u00f3n de servicios y prestaciones.<span class=\"Apple-converted-space\">\u00a0<\/span><\/p>\n<p>\u2730\u2730\u2730\u2730\u2730 <b>Anko van der Werff <\/b>es<b> <\/b>el nuevo CEO de Avianca, en reemplazo de <b>Hern\u00e1n Rinc\u00f3n<\/b>. La nueva Junta Directiva de la compa\u00f1\u00eda a\u00e9rea dio la bienvenida y respald\u00f3 la designaci\u00f3n. El ejecutivo se desempe\u00f1\u00f3 hasta la semana pasada como director de Ingresos de Aerom\u00e9xico. <b>Van der Werff<\/b>, de origen holand\u00e9s, fue vicepresidente ejecutivo y CCO de Aerom\u00e9xico, y anteriormente tambi\u00e9n vicepresidente de <i>Pricing<\/i> de <i>Qatar Airways<\/i><\/p>\n<p>\u2730\u2730\u2730\u2730\u2730 <b>Lourdes Berho<\/b>, presidenta y <i>Chief Catalyst<\/i> de <i>Alchemia Communications Group,<\/i> fue seleccionada para participar en la segunda edici\u00f3n de <i>HOPE Binational Fellowship<\/i>, programa de liderazgo ejecutivo para mujeres profesionales sobresalientes que pueden generar mejoras significativas en la vida de las latinas de M\u00e9xico y Estados Unidos.<\/p>\n<p>Tras el \u00e9xito del programa inaugural de esta iniciativa binacional en 2018, <i>HOPE <\/i>y Grupo Salinas, en asociaci\u00f3n con <i>The Woodrow Wilson Center<\/i> y el Instituto Aspen de M\u00e9xico, lanzan por segundo a\u00f1o, este programa \u00fanico, que tiene como objetivo impulsar a las latinas reconocidas de Estados Unidos, M\u00e9xico y el mundo. Las mujeres seleccionadas para participar ser\u00e1n promovidas estrat\u00e9gicamente como l\u00edderes modelo de la comunidad y ser\u00e1n expuestas a problemas cr\u00edticos con el fin de que desarrollen sus habilidades de liderazgo en los dos seminarios intensivos que se tienen programados para esta edici\u00f3n.<\/p>\n<p>Las dos sesiones que integran esta edici\u00f3n se llevar\u00e1n a cabo del pr\u00f3ximo martes 9 al jueves 11 de julio en Washington D.C. y durante el mes de noviembre en la Ciudad de M\u00e9xico, respectivamente. En ambos casos se contar\u00e1 con laboratorios de ideas. Grupos de discusi\u00f3n, conversaciones con personajes pol\u00edticos e importantes l\u00edderes de diferentes \u00e1reas sociales.<\/p>\n<p>\u2730\u2730\u2730\u2730\u2730 Nuevo acuerdo de c\u00f3digo compartido es el que firmaron recientemente <i>Interjet<\/i> y <i>Alitalia<\/i>, con la cual ya tienen alianza comercial interlineal.\u00a0 As\u00ed, ambas empresas operan rutas de manera conjunta.<\/p>\n<p>Los pasajeros provenientes de Italia pueden conectar a los destinos de la compa\u00f1\u00eda mexicana desde el Aeropuerto Internacional de la Ciudad de M\u00e9xico (AICM), en tanto que los usuarios de Interjet tienen la oportunidad de hacer uso de las rutas de <i>Alitalia<\/i>, las cuales conectan a destinos como Roma, Venecia, Tur\u00edn y N\u00e1poles, entre otros.<\/p>\n<p>Actualmente, Alitalia es miembro de la alianza Sky Team y cuenta con una de las flotas m\u00e1s modernas y eficientes del mundo. Ofrece a sus clientes 100 destinos, incluidos 27 dentro de Italia y 73 internacionales, adem\u00e1s de operar 4 mil 300 vuelos semanales y 150 rutas.<\/p>\n<p>Por su parte, Interjet es una aerol\u00ednea cien por ciento mexicana, una de las l\u00edneas a\u00e9reas de mayor relevancia en la industria a nivel nacional y se perfila como una de las m\u00e1s importantes de Am\u00e9rica Latina. Hoy en d\u00eda atiende 53 destinos -30 en la Rep\u00fablica Mexicana y 22 internacionales-, con rutas en Estados Unidos y Canad\u00e1, as\u00ed como en Centro y Sudam\u00e9rica.<\/p>\n<p>Estos convenios y alianzas hacen posible que la aerol\u00ednea mexicana extienda su red de rutas y ofrezca a los viajeros de placer y negocios una amplia cobertura dentro de los continentes americano, europeo y asi\u00e1tico. M\u00e1s informaci\u00f3n: <i>www.interjet.com <\/i><span class=\"Apple-converted-space\">\u00a0<\/span><\/p>\n<p>\u2730\u2730\u2730\u2730\u2730 <i>Riu Hotels &amp; Resort<\/i><b> <\/b>adquiri\u00f3 segundo hotel en Tanzania<b>,<\/b> junto al que la hotelera ya tiene en el pa\u00eds. Esta nueva propiedad, se comercializar\u00e1 bajo la sofisticada gama Riu Palace.<\/p>\n<p>El nuevo hotel, situado en la zona de <i>Nungwi Beach,<\/i> cuenta con todas las comodidades necesarias para disfrutar de este destino paradis\u00edaco. Se ubica en hermosa playa de arena blanca y aguas cristalinas en el extremo norte de Unguja, la isla principal del archipi\u00e9lago de Zanz\u00edbar, a poco m\u00e1s de una hora en coche del aeropuerto y de la capital.<\/p>\n<p>Sus 149 habitaciones ofrecen el m\u00e1ximo lujo con categor\u00eda cinco estrellas y con el sello de <i>Riu Palace. <\/i>Cuenta con Todo Incluido las 24 horas, <i>wi fi<\/i> gratuito e incluso espectacular restaurante sobre el mar en el que disfrutar de la gastronom\u00eda local.<\/p>\n<p>Junto a este nuevo hotel, se ha hecho tambi\u00e9n con cinco hect\u00e1reas de terreno en las que prev\u00e9 construir tercer hotel en la isla, la inversi\u00f3n total de la compra ha ascendido a 56 millones de d\u00f3lares. La cadena hotelera afianza con esta nueva adquisici\u00f3n su apuesta por el continente africano como destino tur\u00edstico para ampliar su oferta de hoteles de sol y playa, despu\u00e9s de que el pasado mes de junio anunci\u00f3 la compra de terreno en Senegal. Con este nuevo establecimiento, la hotelera cuenta ya con un total de siete hoteles en propiedad (cinco en Cabo Verde y dos en Tanzania) que se suman a los cinco de Marruecos.<\/p>\n<p>\u2730\u2730\u2730\u2730\u2730 Latam,<b> <\/b>concret\u00f3 el lanzamiento en Bolsa de Santiago, \u201ctransacci\u00f3n que logra condiciones atractivas y cont\u00f3 con clasificaci\u00f3n de riesgo de la l\u00ednea inscrita de \u2018BBB+\u2019 otorgadas por <i>Feller-Rate<\/i> y <i>Fitch<\/i>\u201d. En esta ocasi\u00f3n, se coloc\u00f3 la Serie E por un monto de UF 5 millones a 10 a\u00f1os de plazo con pago de capital al vencimiento (bullet) y pago de intereses semestrales a tasa de colocaci\u00f3n de 2,73 por ciento, representando <i>spread<\/i> de 201 puntos b\u00e1sicos sobre la tasa de referencia, corriendo 67 puntos b\u00e1sicos durante el remate con respecto a la tasa de inscripci\u00f3n\u201d. Finalmente, vale destacar que <i>Credicorp Capital<\/i> y Santander actuaron como asesores financieros de la operaci\u00f3n y agentes colocadores de la emisi\u00f3n.<\/p>\n<p><span class=\"Apple-converted-space\"><em><a href=\"mailto:victoriagprado@gmail.com\" target=\"_blank\" rel=\"noopener noreferrer\">victoriagprado@gmail.com<\/a><\/em><br \/>\n<em>Twitter: <a href=\"https:\/\/twitter.com\/victoriagprado\" target=\"_blank\" rel=\"noopener noreferrer\">@victoriagprado<\/a><\/em><\/span><\/p>\n","protected":false},"excerpt":{"rendered":"<p>Rainer Weinberg es el nuevo gerente del W Mexico City que entre sus objetivos tiene posicionar en la escena de moda, dise\u00f1o, m\u00fasica y arte contempor\u00e1neo al inmueble ubicado en el coraz\u00f3n de Polanco. Con la filosof\u00eda de servicio Whatever\/Whenever invita a viajeros de negocios y placer a escapar de las rutinas y formar parte de la propiedad y enaltecerla como sitio de reuni\u00f3n donde est\u00e1 la mejor m\u00fasica y los mejores eventos.\u00a0<\/p>\n","protected":false},"author":1,"featured_media":434321,"comment_status":"open","ping_status":"open","sticky":false,"template":"","format":"standard","meta":{"_monsterinsights_skip_tracking":false,"_monsterinsights_sitenote_active":false,"_monsterinsights_sitenote_note":"","_monsterinsights_sitenote_category":0,"footnotes":""},"categories":[11],"tags":[107,43674,43681,106],"class_list":["post-434320","post","type-post","status-publish","format-standard","has-post-thumbnail","hentry","category-turismo","tag-de-cinco-estrellas","tag-opinion","tag-turismo","tag-victoria-gonzalez-prado"],"_links":{"self":[{"href":"https:\/\/www.diarioimagen.net\/index.php?rest_route=\/wp\/v2\/posts\/434320","targetHints":{"allow":["GET"]}}],"collection":[{"href":"https:\/\/www.diarioimagen.net\/index.php?rest_route=\/wp\/v2\/posts"}],"about":[{"href":"https:\/\/www.diarioimagen.net\/index.php?rest_route=\/wp\/v2\/types\/post"}],"author":[{"embeddable":true,"href":"https:\/\/www.diarioimagen.net\/index.php?rest_route=\/wp\/v2\/users\/1"}],"replies":[{"embeddable":true,"href":"https:\/\/www.diarioimagen.net\/index.php?rest_route=%2Fwp%2Fv2%2Fcomments&post=434320"}],"version-history":[{"count":0,"href":"https:\/\/www.diarioimagen.net\/index.php?rest_route=\/wp\/v2\/posts\/434320\/revisions"}],"wp:featuredmedia":[{"embeddable":true,"href":"https:\/\/www.diarioimagen.net\/index.php?rest_route=\/wp\/v2\/media\/434321"}],"wp:attachment":[{"href":"https:\/\/www.diarioimagen.net\/index.php?rest_route=%2Fwp%2Fv2%2Fmedia&parent=434320"}],"wp:term":[{"taxonomy":"category","embeddable":true,"href":"https:\/\/www.diarioimagen.net\/index.php?rest_route=%2Fwp%2Fv2%2Fcategories&post=434320"},{"taxonomy":"post_tag","embeddable":true,"href":"https:\/\/www.diarioimagen.net\/index.php?rest_route=%2Fwp%2Fv2%2Ftags&post=434320"}],"curies":[{"name":"wp","href":"https:\/\/api.w.org\/{rel}","templated":true}]}}