{"id":434323,"date":"2019-07-06T00:10:22","date_gmt":"2019-07-06T05:10:22","guid":{"rendered":"https:\/\/www.diarioimagen.net\/?p=434323"},"modified":"2019-07-07T23:30:37","modified_gmt":"2019-07-08T04:30:37","slug":"inicia-estrategia-de-prevencion-y-atencion-de-adicciones","status":"publish","type":"post","link":"https:\/\/www.diarioimagen.net\/?p=434323","title":{"rendered":"Inicia estrategia de prevenci\u00f3n y atenci\u00f3n de adicciones"},"content":{"rendered":"<ul>\n<li><em><b>El programa del Gobierno de M\u00e9xico contra las drogas se basa en tres acciones fundamentales: el bienestar, la seguridad con la Guardia Nacional y la orientaci\u00f3n, expuso el presidente Andr\u00e9s Manuel L\u00f3pez Obrador<\/b><\/em><\/li>\n<\/ul>\n<p>&nbsp;<\/p>\n<p><a href=\"https:\/\/www.diarioimagen.net\/?attachment_id=434324\" rel=\"attachment wp-att-434324\"><img loading=\"lazy\" decoding=\"async\" class=\"aligncenter size-large wp-image-434324\" src=\"https:\/\/www.diarioimagen.net\/wp-content\/uploads\/2019\/07\/amlo-460x259.jpg\" alt=\"\" width=\"460\" height=\"259\" srcset=\"https:\/\/www.diarioimagen.net\/wp-content\/uploads\/2019\/07\/amlo-460x259.jpg 460w, https:\/\/www.diarioimagen.net\/wp-content\/uploads\/2019\/07\/amlo-240x135.jpg 240w, https:\/\/www.diarioimagen.net\/wp-content\/uploads\/2019\/07\/amlo-235x132.jpg 235w, https:\/\/www.diarioimagen.net\/wp-content\/uploads\/2019\/07\/amlo-202x114.jpg 202w, https:\/\/www.diarioimagen.net\/wp-content\/uploads\/2019\/07\/amlo-350x196.jpg 350w, https:\/\/www.diarioimagen.net\/wp-content\/uploads\/2019\/07\/amlo-220x123.jpg 220w, https:\/\/www.diarioimagen.net\/wp-content\/uploads\/2019\/07\/amlo-237x132.jpg 237w, https:\/\/www.diarioimagen.net\/wp-content\/uploads\/2019\/07\/amlo.jpg 480w\" sizes=\"auto, (max-width: 460px) 100vw, 460px\" \/><\/a><\/p>\n<p>&nbsp;<\/p>\n<p>A partir de este d\u00eda las secretar\u00edas de Salud y Educaci\u00f3n P\u00fablica, adem\u00e1s de la Coordinaci\u00f3n General de Comunicaci\u00f3n Social y Vocer\u00eda comenzar\u00e1n diversas acciones encaminadas a brindar informaci\u00f3n a ni\u00f1as, ni\u00f1os y j\u00f3venes sobre los riesgos que implica el consumo de sustancias.<\/p>\n<p>En medios de comunicaci\u00f3n y plataformas digitales se difundir\u00e1n diversos mensajes con la premisa de fortalecer el autoestima y ofrecer opciones para atender problemas de adicciones.<\/p>\n<p>\u201cTenemos en nuestra sociedad una gran reserva de valores culturales, morales y espirituales. Podremos detener las adicciones porque daremos opciones de trabajo, estudio y deporte para que los j\u00f3venes sean felices sin recurrir a las drogas\u201d, apunt\u00f3 el mandatario.<\/p>\n<p>Agreg\u00f3 que \u201cles tenemos mucha confianza y nunca m\u00e1s se les dar\u00e1 la espalda. Los abrazaremos y protegeremos para que no se sientan solos, no tengan vac\u00edos y no tomen el camino de las conductas antisociales o terminen formando parte de la delincuencia\u201d.<\/p>\n<p>La estrategia consta de cuatro ejes: salud, educaci\u00f3n, bienestar y cultura y comunicaci\u00f3n. Bajo el nombre \u2018Juntos por la Paz\u2019, la campa\u00f1a presentada por el vocero del gobierno federal, Jes\u00fas Ram\u00edrez Cuevas, convoca a padres de familia, maestros, trabajadores sociales, ni\u00f1as, ni\u00f1os y j\u00f3venes a recuperar espacios p\u00fablicos para la realizaci\u00f3n de actividades deportivas, culturales, art\u00edsticas y recreativas.<\/p>\n<p>En \u2018Clubes por la Paz\u2019 de todo el pa\u00eds, se dar\u00e1n opciones para la prevenci\u00f3n y el tratamiento de adicciones.<\/p>\n<p>Ser\u00e1n distribuidos materiales informativos y en el \u00e1mbito educativo, los docentes contar\u00e1n con gu\u00edas para orientar a los estudiantes. Los libros de texto incorporar\u00e1n contenidos en la materia y estar\u00e1 disponible una aplicaci\u00f3n para dispositivos m\u00f3viles.<\/p>\n<p>\u201cTen\u00edamos mucho inter\u00e9s en iniciar esta campa\u00f1a (\u2026) \u00bfde d\u00f3nde va a salir para financiar este proyecto?, pues de los ahorros. Les dimos a conocer que en lo que llevamos en el gobierno se han ahorrado en compras 113 mil millones de pesos. Entonces, alcanza\u201d, abund\u00f3.<\/p>\n<p>Acompa\u00f1ado de los secretarios de Salud, Jorge Alcocer y de Educaci\u00f3n P\u00fablica, Eduardo Moctezuma, el mandatario afirm\u00f3 que los nuevos libros de texto gratuito estar\u00e1n listos a tiempo para que inicie el nuevo ciclo escolar.<\/p>\n<p>Este viernes el presidente inicia la gira por todo el pa\u00eds para visitar los hospitales que atienden a la poblaci\u00f3n abierta del Instituto Mexicano del Seguro Social y cumplir el compromiso de mejorar la atenci\u00f3n m\u00e9dica y garantizar medicamentos gratuitos a la poblaci\u00f3n.<\/p>\n","protected":false},"excerpt":{"rendered":"<p>A partir de este d\u00eda las secretar\u00edas de Salud y Educaci\u00f3n P\u00fablica, adem\u00e1s de la Coordinaci\u00f3n General de Comunicaci\u00f3n Social y Vocer\u00eda comenzar\u00e1n diversas acciones encaminadas a brindar informaci\u00f3n a ni\u00f1as, ni\u00f1os y j\u00f3venes sobre los riesgos que implica el consumo de sustancias.<\/p>\n","protected":false},"author":1,"featured_media":434324,"comment_status":"open","ping_status":"open","sticky":false,"template":"","format":"standard","meta":{"_monsterinsights_skip_tracking":false,"_monsterinsights_sitenote_active":false,"_monsterinsights_sitenote_note":"","_monsterinsights_sitenote_category":0,"footnotes":""},"categories":[3],"tags":[2545,43673],"class_list":["post-434323","post","type-post","status-publish","format-standard","has-post-thumbnail","hentry","category-nacional","tag-amlo","tag-nacional"],"_links":{"self":[{"href":"https:\/\/www.diarioimagen.net\/index.php?rest_route=\/wp\/v2\/posts\/434323","targetHints":{"allow":["GET"]}}],"collection":[{"href":"https:\/\/www.diarioimagen.net\/index.php?rest_route=\/wp\/v2\/posts"}],"about":[{"href":"https:\/\/www.diarioimagen.net\/index.php?rest_route=\/wp\/v2\/types\/post"}],"author":[{"embeddable":true,"href":"https:\/\/www.diarioimagen.net\/index.php?rest_route=\/wp\/v2\/users\/1"}],"replies":[{"embeddable":true,"href":"https:\/\/www.diarioimagen.net\/index.php?rest_route=%2Fwp%2Fv2%2Fcomments&post=434323"}],"version-history":[{"count":0,"href":"https:\/\/www.diarioimagen.net\/index.php?rest_route=\/wp\/v2\/posts\/434323\/revisions"}],"wp:featuredmedia":[{"embeddable":true,"href":"https:\/\/www.diarioimagen.net\/index.php?rest_route=\/wp\/v2\/media\/434324"}],"wp:attachment":[{"href":"https:\/\/www.diarioimagen.net\/index.php?rest_route=%2Fwp%2Fv2%2Fmedia&parent=434323"}],"wp:term":[{"taxonomy":"category","embeddable":true,"href":"https:\/\/www.diarioimagen.net\/index.php?rest_route=%2Fwp%2Fv2%2Fcategories&post=434323"},{"taxonomy":"post_tag","embeddable":true,"href":"https:\/\/www.diarioimagen.net\/index.php?rest_route=%2Fwp%2Fv2%2Ftags&post=434323"}],"curies":[{"name":"wp","href":"https:\/\/api.w.org\/{rel}","templated":true}]}}