{"id":434419,"date":"2019-07-08T00:09:25","date_gmt":"2019-07-08T05:09:25","guid":{"rendered":"https:\/\/www.diarioimagen.net\/?p=434419"},"modified":"2019-07-08T06:01:58","modified_gmt":"2019-07-08T11:01:58","slug":"estudiantes-de-la-uaem-a-olimpiadas-internacional-e-iberoamericana-de-biologia","status":"publish","type":"post","link":"https:\/\/www.diarioimagen.net\/?p=434419","title":{"rendered":"Estudiantes de la UAEM, a olimpiadas Internacional e Iberoamericana de Biolog\u00eda"},"content":{"rendered":"<ul>\n<li><strong><em>Se llevar\u00e1n a cabo en Hungr\u00eda y Bolivia<\/em><\/strong><\/li>\n<\/ul>\n<p>&nbsp;<\/p>\n<div id=\"attachment_434514\" style=\"width: 470px\" class=\"wp-caption aligncenter\"><a href=\"https:\/\/www.diarioimagen.net\/?attachment_id=434514\" rel=\"attachment wp-att-434514\"><img loading=\"lazy\" decoding=\"async\" aria-describedby=\"caption-attachment-434514\" class=\"size-large wp-image-434514\" src=\"https:\/\/www.diarioimagen.net\/wp-content\/uploads\/2019\/07\/UAEM-8-460x259.jpg\" alt=\"\" width=\"460\" height=\"259\" srcset=\"https:\/\/www.diarioimagen.net\/wp-content\/uploads\/2019\/07\/UAEM-8-460x259.jpg 460w, https:\/\/www.diarioimagen.net\/wp-content\/uploads\/2019\/07\/UAEM-8-240x135.jpg 240w, https:\/\/www.diarioimagen.net\/wp-content\/uploads\/2019\/07\/UAEM-8-235x132.jpg 235w, https:\/\/www.diarioimagen.net\/wp-content\/uploads\/2019\/07\/UAEM-8-202x114.jpg 202w, https:\/\/www.diarioimagen.net\/wp-content\/uploads\/2019\/07\/UAEM-8-350x196.jpg 350w, https:\/\/www.diarioimagen.net\/wp-content\/uploads\/2019\/07\/UAEM-8-220x123.jpg 220w, https:\/\/www.diarioimagen.net\/wp-content\/uploads\/2019\/07\/UAEM-8-237x132.jpg 237w, https:\/\/www.diarioimagen.net\/wp-content\/uploads\/2019\/07\/UAEM-8.jpg 480w\" sizes=\"auto, (max-width: 460px) 100vw, 460px\" \/><\/a><p id=\"caption-attachment-434514\" class=\"wp-caption-text\">Erick Legorreta Anguiano y Samuel Ruiz P\u00e9rez, estudiantes de la Escuela Preparatoria de la UAEM, son dos de los ocho elegidos para representar a M\u00e9xico.<\/p><\/div>\n<p>&nbsp;<\/p>\n<p><strong>Toluca, Estado de M\u00e9xico<\/strong>.\u2013 Erick Legorreta Anguiano y Samuel Ruiz P\u00e9rez, estudiantes de la Universidad Aut\u00f3noma del Estado de M\u00e9xico, representar\u00e1n a nuestro pa\u00eds en la Olimpiada Internacional de Biolog\u00eda, a realizarse los d\u00edas 16 y 17 de julio, en Hungr\u00eda, y la Olimpiada Iberoamericana de Biolog\u00eda, que se llevar\u00e1 a cabo en Bolivia, del 8 al 14 de septiembre.<\/p>\n<p>Los estudiantes de la UAEM obtuvieron dos de los ocho lugares en el selectivo que representar\u00e1 a M\u00e9xico en dichas contiendas internacionales, tras superar, en el \u00faltimo a\u00f1o, diferentes pruebas, capacitaciones y filtros de conocimiento en los que participaron cientos de estudiantes de todo el pa\u00eds como el certamen interpreparatoriano de la UAEM y las olimpiadas estatal y nacional de Biolog\u00eda.<\/p>\n<p>Erick Legorreta Anguiano, estudiante del cuarto semestre del plantel \u201cIsidro Fabela Alfaro\u201d de la Escuela Preparatoria de la UAEM, comparti\u00f3 que el proceso de preparaci\u00f3n durante el \u00faltimo a\u00f1o, rumbo a la Olimpiada Internacional de Biolog\u00eda, fue intenso, con jornadas de estudio de m\u00e1s de ocho horas diarias.<\/p>\n<p>Sin embargo, dijo, \u201cesta experiencia me cambi\u00f3 la vida, me permiti\u00f3 constatar mi deseo de estudiar biolog\u00eda, convertirme en investigador y aportar conocimiento para la cura de enfermedades como la diabetes tipo 1, que padezco\u201d.<\/p>\n<p>En tanto, Samuel Ruiz P\u00e9rez, alumno del sexto semestre del plantel \u201cLic. Adolfo L\u00f3pez Mateos\u201d de la Escuela Preparatoria de la UAEM que acudir\u00e1 a la Olimpiada Iberoamericana de Biolog\u00eda, explic\u00f3 que la preparaci\u00f3n que recibi\u00f3 luego de la competencia estatal fue especializada, te\u00f3rica y pr\u00e1ctica, sobre gen\u00e9tica, biolog\u00eda, ecolog\u00eda, biolog\u00eda molecular, anatom\u00eda vegetal y animal, entre otras \u00e1reas.<\/p>\n<p>Afirm\u00f3 que siempre le ha gustado la ciencia, aunque s\u00f3lo particip\u00f3 en los cert\u00e1menes de biolog\u00eda para probar, aunque despu\u00e9s de esta experiencia decidi\u00f3 realizar estudios profesionales en esta \u00e1rea del conocimiento.<br \/>\nLos universitarios se ubicaron entre los mejores estudiantes del pa\u00eds y se hicieron acreedores a participar en las contiendas internacionales y a recibir, durante seis meses, capacitaci\u00f3n y entrenamiento especializado en la Universidad Nacional Aut\u00f3noma de M\u00e9xico (UNAM), bajo el auspicio de la Academia Mexicana de Ciencias.<\/p>\n","protected":false},"excerpt":{"rendered":"<p>Erick Legorreta Anguiano y Samuel Ruiz P\u00e9rez, estudiantes de la Universidad Aut\u00f3noma del Estado de M\u00e9xico, representar\u00e1n a nuestro pa\u00eds en la Olimpiada Internacional de Biolog\u00eda, a realizarse los d\u00edas 16 y 17 de julio, en Hungr\u00eda, y la Olimpiada Iberoamericana de Biolog\u00eda, que se llevar\u00e1 a cabo en Bolivia, del 8 al 14 de septiembre.<\/p>\n","protected":false},"author":3,"featured_media":434514,"comment_status":"open","ping_status":"open","sticky":false,"template":"","format":"standard","meta":{"_monsterinsights_skip_tracking":false,"_monsterinsights_sitenote_active":false,"_monsterinsights_sitenote_note":"","_monsterinsights_sitenote_category":0,"footnotes":""},"categories":[5],"tags":[43675,86625,452,1491],"class_list":["post-434419","post","type-post","status-publish","format-standard","has-post-thumbnail","hentry","category-estado-de-mexico","tag-estado-de-mexico","tag-olimpiada-iberoamericana-de-biologia","tag-toluca","tag-uaem"],"_links":{"self":[{"href":"https:\/\/www.diarioimagen.net\/index.php?rest_route=\/wp\/v2\/posts\/434419","targetHints":{"allow":["GET"]}}],"collection":[{"href":"https:\/\/www.diarioimagen.net\/index.php?rest_route=\/wp\/v2\/posts"}],"about":[{"href":"https:\/\/www.diarioimagen.net\/index.php?rest_route=\/wp\/v2\/types\/post"}],"author":[{"embeddable":true,"href":"https:\/\/www.diarioimagen.net\/index.php?rest_route=\/wp\/v2\/users\/3"}],"replies":[{"embeddable":true,"href":"https:\/\/www.diarioimagen.net\/index.php?rest_route=%2Fwp%2Fv2%2Fcomments&post=434419"}],"version-history":[{"count":0,"href":"https:\/\/www.diarioimagen.net\/index.php?rest_route=\/wp\/v2\/posts\/434419\/revisions"}],"wp:featuredmedia":[{"embeddable":true,"href":"https:\/\/www.diarioimagen.net\/index.php?rest_route=\/wp\/v2\/media\/434514"}],"wp:attachment":[{"href":"https:\/\/www.diarioimagen.net\/index.php?rest_route=%2Fwp%2Fv2%2Fmedia&parent=434419"}],"wp:term":[{"taxonomy":"category","embeddable":true,"href":"https:\/\/www.diarioimagen.net\/index.php?rest_route=%2Fwp%2Fv2%2Fcategories&post=434419"},{"taxonomy":"post_tag","embeddable":true,"href":"https:\/\/www.diarioimagen.net\/index.php?rest_route=%2Fwp%2Fv2%2Ftags&post=434419"}],"curies":[{"name":"wp","href":"https:\/\/api.w.org\/{rel}","templated":true}]}}