{"id":434478,"date":"2019-07-08T00:10:42","date_gmt":"2019-07-08T05:10:42","guid":{"rendered":"https:\/\/www.diarioimagen.net\/?p=434478"},"modified":"2019-07-08T06:15:51","modified_gmt":"2019-07-08T11:15:51","slug":"oxigeno-para-calderon","status":"publish","type":"post","link":"https:\/\/www.diarioimagen.net\/?p=434478","title":{"rendered":"Ox\u00edgeno para Calder\u00f3n"},"content":{"rendered":"<h2>De frente y de perfil<\/h2>\n<h5>Ram\u00f3n Zurita Sahag\u00fan<\/h5>\n<p>&nbsp;<\/p>\n<div id=\"attachment_434538\" style=\"width: 470px\" class=\"wp-caption aligncenter\"><a href=\"https:\/\/www.diarioimagen.net\/?attachment_id=434538\" rel=\"attachment wp-att-434538\"><img loading=\"lazy\" decoding=\"async\" aria-describedby=\"caption-attachment-434538\" class=\"size-large wp-image-434538\" src=\"https:\/\/www.diarioimagen.net\/wp-content\/uploads\/2019\/07\/QUEDO-CLARO-jose-luis-460x386.jpg\" alt=\"\" width=\"460\" height=\"386\" srcset=\"https:\/\/www.diarioimagen.net\/wp-content\/uploads\/2019\/07\/QUEDO-CLARO-jose-luis-460x386.jpg 460w, https:\/\/www.diarioimagen.net\/wp-content\/uploads\/2019\/07\/QUEDO-CLARO-jose-luis-240x201.jpg 240w, https:\/\/www.diarioimagen.net\/wp-content\/uploads\/2019\/07\/QUEDO-CLARO-jose-luis-768x644.jpg 768w, https:\/\/www.diarioimagen.net\/wp-content\/uploads\/2019\/07\/QUEDO-CLARO-jose-luis.jpg 1200w\" sizes=\"auto, (max-width: 460px) 100vw, 460px\" \/><\/a><p id=\"caption-attachment-434538\" class=\"wp-caption-text\">\u00bfQued\u00f3 claro..? | Jos\u00e9 Luis<\/p><\/div>\n<p>&nbsp;<\/p>\n<p>Una bocanada de aire maravilloso recibi\u00f3 Felipe Calder\u00f3n para su proyecto de un nuevo partido pol\u00edtico, desde el que se proyecte la candidatura presidencial de su esposa, Margarita Zavala.<\/p>\n<p>Cuando se ve\u00eda un fracaso terrible en las convocatorias para jalar simpatizantes a esta expresi\u00f3n pol\u00edtica, el ex presidente entr\u00f3 en la din\u00e1mica de aprovechar el ser revivido pol\u00edticamente con dardos venenosos desde el actual gobierno federal y su nombre se catapult\u00f3 en las redes sociales.<\/p>\n<p>M\u00e9xico Libre, el proyecto de partido de los Calder\u00f3n-Zavala, parec\u00eda entrar en agon\u00eda, cuando desde el gobierno federal tomaron la figura de Felipe Calder\u00f3n como una de las manos negras detr\u00e1s de la rebeli\u00f3n de la Polic\u00eda Federal y vino el despertar de los ex panistas.<\/p>\n<p>El viernes pasado en Veracruz, Felipe tuvo una de sus grandes convocatorias, bajo la coordinaci\u00f3n de Alejandro Coss\u00edo, un ex diputado panista que parece tener a la mano el registro local de M\u00e9xico Libre.<\/p>\n<p>Una c\u00e1tedra larga la dada por Felipe, pero que hizo reaccionar al auditorio ante el reconocimiento de los retos tenidos desde la Presidencia de la Rep\u00fablica, centrando sus explicaciones sobre dos ejes: violencia e influenza.<\/p>\n<p>Reconoci\u00f3 que cuando asumi\u00f3 el gobierno se encontr\u00f3 colapsadas las instituciones de seguridad y justicia, por lo que hubo de adoptar medidas extremas, ante lo carcomido de las polic\u00edas y alcaldes de algunas regiones, que prefer\u00edan no hacer nada al respecto o hasta actuar al lado de la delincuencia. El grave problema fue no evitar que esos grupos delincuenciales se apoderaran de esos territorios.<\/p>\n<p>La acogida recibida en Veracruz da el ox\u00edgeno suficiente al ex mandatario para continuar como el principal activo de M\u00e9xico Libre, ante la pasividad de su esposa Margarita, quien no logra convencer, ni mucho conmover al electorado, como qued\u00f3 evidenciado en su fracaso como candidata presidencial independiente.<\/p>\n<p>Y es que Felipe tiene en su agenda recorrer diversas entidades en las que espera el respaldo de las suficientes firmas que le garanticen la posibilidad de registro de su proyecto como partido pol\u00edtico.<\/p>\n<p>En su recorrido tocar\u00e1 Jalisco, Nuevo Le\u00f3n, Estado de M\u00e9xico, Tlaxcala y otros m\u00e1s, donde su discurso deber\u00e1 ser lo suficiente convincente para obtener el respaldo necesario para convocar a una asamblea y probar que son una opci\u00f3n para la ciudadan\u00eda.<\/p>\n<p>Y es que se advierte sumamente competido el escenario para aquellos organismos que buscan convertirse en partido pol\u00edtico, ya que adem\u00e1s de los siete que cuentan con registro nacional, hay un n\u00famero grande de partidos con registro local.<\/p>\n<p>La intenci\u00f3n de los convocantes de M\u00e9xico Libre es la de mantener viva la llama de la confrontaci\u00f3n del gobierno federal con el ex mandatario y mostrar que su proyecto es una buena plataforma para aquellos que no ven con buenos ojos la administraci\u00f3n del presidente L\u00f3pez Obrador.<\/p>\n<p>Si antes M\u00e9xico Libre era una oferta reducida para aquellos personajes que se sintieron afectados por el apoderamiento que hizo del PAN el grupo de\u00a0\u00a0Ricardo Anaya, ahora se presenta como atractivo para los denostadores de la pol\u00edtica presidencial.<\/p>\n<p><em><a href=\"mailto:ramonzurita44@hotmail.com\" target=\"_blank\" rel=\"noopener noreferrer\">ramonzurita44@hotmail.com<\/a><\/em><br \/>\n<a href=\"mailto:%20zurita_sahagun@hotmail.com\" target=\"_blank\" rel=\"noopener noreferrer\"><em>zurita_sahagun@hotmail.com<\/em><\/a><\/p>\n","protected":false},"excerpt":{"rendered":"<p><span style=\"color: #005497;\"><strong>Ram\u00f3n Zurita Sahag\u00fan<\/strong><\/span><br \/>\n<br \/>\nUna bocanada de aire maravilloso recibi\u00f3 Felipe Calder\u00f3n para su proyecto de un nuevo partido pol\u00edtico, desde el que se proyecte la candidatura presidencial de su esposa, Margarita Zavala.<\/p>\n","protected":false},"author":3,"featured_media":434538,"comment_status":"open","ping_status":"open","sticky":false,"template":"","format":"standard","meta":{"_monsterinsights_skip_tracking":false,"_monsterinsights_sitenote_active":false,"_monsterinsights_sitenote_note":"","_monsterinsights_sitenote_category":0,"footnotes":""},"categories":[234],"tags":[304,43674,43687],"class_list":["post-434478","post","type-post","status-publish","format-standard","has-post-thumbnail","hentry","category-ramon-zurita-sahagun","tag-de-frente-y-de-perfil","tag-opinion","tag-ramon-zurita-sahagun"],"_links":{"self":[{"href":"https:\/\/www.diarioimagen.net\/index.php?rest_route=\/wp\/v2\/posts\/434478","targetHints":{"allow":["GET"]}}],"collection":[{"href":"https:\/\/www.diarioimagen.net\/index.php?rest_route=\/wp\/v2\/posts"}],"about":[{"href":"https:\/\/www.diarioimagen.net\/index.php?rest_route=\/wp\/v2\/types\/post"}],"author":[{"embeddable":true,"href":"https:\/\/www.diarioimagen.net\/index.php?rest_route=\/wp\/v2\/users\/3"}],"replies":[{"embeddable":true,"href":"https:\/\/www.diarioimagen.net\/index.php?rest_route=%2Fwp%2Fv2%2Fcomments&post=434478"}],"version-history":[{"count":0,"href":"https:\/\/www.diarioimagen.net\/index.php?rest_route=\/wp\/v2\/posts\/434478\/revisions"}],"wp:featuredmedia":[{"embeddable":true,"href":"https:\/\/www.diarioimagen.net\/index.php?rest_route=\/wp\/v2\/media\/434538"}],"wp:attachment":[{"href":"https:\/\/www.diarioimagen.net\/index.php?rest_route=%2Fwp%2Fv2%2Fmedia&parent=434478"}],"wp:term":[{"taxonomy":"category","embeddable":true,"href":"https:\/\/www.diarioimagen.net\/index.php?rest_route=%2Fwp%2Fv2%2Fcategories&post=434478"},{"taxonomy":"post_tag","embeddable":true,"href":"https:\/\/www.diarioimagen.net\/index.php?rest_route=%2Fwp%2Fv2%2Ftags&post=434478"}],"curies":[{"name":"wp","href":"https:\/\/api.w.org\/{rel}","templated":true}]}}