{"id":434492,"date":"2019-07-08T00:00:12","date_gmt":"2019-07-08T05:00:12","guid":{"rendered":"https:\/\/www.diarioimagen.net\/?p=434492"},"modified":"2019-07-08T04:37:07","modified_gmt":"2019-07-08T09:37:07","slug":"va-megahotel-en-kilometro-16-5-de-la-zona-hotelera-de-cancun","status":"publish","type":"post","link":"https:\/\/www.diarioimagen.net\/?p=434492","title":{"rendered":"Va megahotel en kil\u00f3metro 16.5 de la Zona Hotelera de Canc\u00fan"},"content":{"rendered":"<h2>Derecho de r\u00e9plica<\/h2>\n<p>&nbsp;<\/p>\n<ul>\n<li><em><strong>Inversi\u00f3n de 10 mil millones de pesos de la firma BVG World<\/strong><\/em><\/li>\n<\/ul>\n<p>&nbsp;<\/p>\n<p>La Secretar\u00eda de Medio Ambiente y Recursos Naturales autoriz\u00f3 la construcci\u00f3n del megahotel Gran Island, de 3 mil habitaciones en la segunda etapa de la Zona Hotelera de Canc\u00fan, cuya inversi\u00f3n asciende a los 10 mil millones de pesos por parte de la firma BVG World.<\/p>\n<p>El proyecto consiste en el desarrollo de un hotel en dos etapas principales, la primera consistir\u00e1 en la construcci\u00f3n y apertura de 2 mil cuartos con sus respectivas \u00e1reas comunes, circulaciones verticales, albercas, amenidades, \u00e1reas de servicio y estacionamiento.<\/p>\n<p>La segunda contempla el mismo alcance para mil habitaciones m\u00e1s, que tambi\u00e9n contar\u00e1 con sus \u00e1reas comunes, circulaciones verticales, alberca, amenidades y \u00e1reas de servicio. El tiempo estimado de desarrollo de ambas etapas es de 39 meses para la conclusi\u00f3n de la obra.<\/p>\n<p>El lugar donde se pretende realizar la construcci\u00f3n del proyecto Hotel Grand Island Canc\u00fan se integra por dos lotes, uno de 5,982.111 metros cuadrados (m2) y el otro de 217,576.457 m2, para un total de 223,558.568 m2; ambos ubicados sobre el boulevard Kukulc\u00e1n, a la altura del kil\u00f3metro 16.5, en la Supermanzana A-2 \u201cA\u201d Segunda Etapa de la Zona Hotelera de Canc\u00fan.<\/p>\n<p style=\"text-align: center;\"><strong>Todo en orden<\/strong><\/p>\n<p>La Manifestaci\u00f3n de Impacto Ambiental establece que el proyecto cumple con los t\u00e9rminos en los que se dio la actualizaci\u00f3n del Programa de Ordenamiento Ecol\u00f3gico Local del Municipio Benito Ju\u00e1rez, que data del el 27 de febrero 2014, seg\u00fan el cual el predio del Proyecto Hotel Grand Canc\u00fan, se ubica en la Unidad de Gesti\u00f3n Ambiental 21, que corresponde a la \u201cZona Urbana de Canc\u00fan\u201d, y tiene asignada una Pol\u00edtica de Ordenamiento Ecol\u00f3gico de \u201cAprovechamiento Sustentable\u201d, teniendo como Recursos y Procesos<\/p>\n<p>Prioritarios \u201cSuelo y cobertura vegetal\u201d, con usos de suelo \u201clos que se establezcan en su Programa de Desarrollo Urbano Vigente\u201d.<\/p>\n<p>\u201cCon base en este ordenamiento ecol\u00f3gico, el proyecto planteado se ajusta a sus pol\u00edticas ambientales y a la Pol\u00edtica de Ordenamiento Ecol\u00f3gico de Aprovechamiento Sustentable, haciendo viable desde el punto de vista ambiental el proyecto en el terreno propuesto\u201d, seg\u00fan se lee en la MIA.<\/p>\n<p style=\"text-align: center;\"><strong>Sin afectaciones<\/strong><\/p>\n<p>Pese a que el proyecto se ubica en las cercan\u00edas del \u00c1rea Natural Protegida Manglares de Nichupt\u00e9, se asegura que por los usos previos que tuvieron los terrenos a impactar, \u201cpara la construcci\u00f3n del proyecto no se requerir\u00e1<strong>in afectaciones<\/strong><\/p>\n<p>Pese a que el proyecto se ubica en las cercan\u00edas del \u00c1rea Natural Protegida Manglares de Nichupt\u00e9, se asegura que por los usos previos que tuvieron los terrenos a impactar, \u201cpara la construcci\u00f3n del proyecto no se requerir\u00e1 de generar afectaciones de flora y fauna, toda vez que ya existe desarrollo en el predio y no se presentan dentro de sus l\u00edmites ecosistemas sensibles o fr\u00e1giles que pudieran resultar afectados por la remoci\u00f3n de vegetaci\u00f3n requerida\u201d.<\/p>\n<p>La zona donde se ubicar\u00e1 el proyecto cuenta con todos los servicios p\u00fablicos de una zona tur\u00edstico-residencial de alto nivel: recolecci\u00f3n de residuos, drenaje sanitario, energ\u00eda el\u00e9ctrica, iluminaci\u00f3n p\u00fablica, agua potable, alcantarillado, tel\u00e9fono, fibra \u00f3ptica, transporte p\u00fablico y facilidad de acceso.<\/p>\n<p style=\"text-align: center;\"><strong>43 aniversario de la AMAV<\/strong><\/p>\n<p>El gobernador Carlos Joaqu\u00edn afirm\u00f3 que Quintana Roo cuenta con un excelente producto tur\u00edstico, infraestructura y calidad en el servicio, lo que ha permitido mantener el liderazgo en turismo y generar m\u00e1s empleos para la gente, al asistir a la celebraci\u00f3n del 43 aniversario de la Asociaci\u00f3n Mexicana de Agencias de Viajes.<\/p>\n<p>\u201cLos agentes de viajes se convierten en representantes de los destinos tur\u00edsticos de Quintana Roo y agentes de transporte tur\u00edstico receptivo\u201d, expres\u00f3, ante la presencia del presidente de la AMAV, Sergio Gonz\u00e1lez Rubiera.<\/p>\n<p>Carlos Joaqu\u00edn se\u00f1al\u00f3 que, desde el inicio de la administraci\u00f3n, se ha impulsado una estrategia de diversificaci\u00f3n y desarrollo del turismo, tanto en el norte como en el sur, a trav\u00e9s de acciones que contribuyen al mejoramiento de la oferta, la seguridad y la atenci\u00f3n al turismo y la promoci\u00f3n de los destinos.<\/p>\n<p>Precis\u00f3 que hay logros, como por ejemplo las cifras que reflejan que en 2018 Quintana Roo recibi\u00f3 14 millones 279 mil turistas y m\u00e1s de 20 millones de visitantes, que ratifica el liderazgo como potencia tur\u00edstica regional que genera beneficios para los quintanarroenses.<\/p>\n<p>En ese mismo a\u00f1o, arribaron m\u00e1s de 6.3 millones de cruceristas, con un crecimiento del 6.11 por ciento m\u00e1s que en el mismo periodo de 2017, de acuerdo con datos de la Secretar\u00eda de Turismo, cuya titular es Marisol Vanegas P\u00e9rez.<\/p>\n<p style=\"text-align: center;\"><strong>Mucho por hacer<\/strong><\/p>\n<p>Carlos Joaqu\u00edn dijo que todav\u00eda falta hacer mucho m\u00e1s y con la participaci\u00f3n de la iniciativa privada se posiciona el estado como un destino fuerte y competitivo, lo que ha permitido generar m\u00e1s y mejores oportunidades de empleo y desarrollo para la gente. \u201cHay que seguir trabajando juntos y avanzar para mantener el \u00e9xito tur\u00edstico del estado\u201d.<\/p>\n<p>Asimismo, destac\u00f3 que el crecimiento con orden y sustentabilidad permitir\u00e1 el cuidado del medio ambiente para preservar nuestra riqueza natural que es atractivo de los miles de turistas que llegan a\u00f1o con a\u00f1o.<\/p>\n<p>Quintana Roo cuenta con mil 67 hoteles y 100 mil 986 cuartos, adem\u00e1s de parques tem\u00e1ticos, zonas arqueol\u00f3gicas y bellezas naturales, que son orgullo de los quintanarroenses.<\/p>\n<p>El presidente de la AMAV, Sergio Gonz\u00e1lez Rubiera, expres\u00f3 que desde hace 43 a\u00f1os, la Asociaci\u00f3n Mexicana de Agencias de Viajes de Quintana Roo funge como un organismo regulador y vigilante de la adecuada prestaci\u00f3n de servicios y de la defensa de los intereses de sus asociados.<\/p>\n<p style=\"text-align: center;\"><strong>GN, a medias en Canc\u00fan<\/strong><\/p>\n<p>Mientras en Chetumal fueron desplegado elementos de la Guardia Nacional para fortalecer la seguridad en el puente fronterizo de Subteniente L\u00f3pez, en Oth\u00f3n P. Blanco, en Canc\u00fan no se ha realizado un despliegue completo de la GN, sin embargo, ya se puede ver a elementos de la Marina y de la Polic\u00eda Militar en su nueva modalidad como gendarmes, pero se mantienen realizando operativos en conjunto con las polic\u00edas estatales y municipales, que ahora se integran en el Mando \u00danico.<\/p>\n<p>En la X Brigada de Polic\u00eda Militar, con sede en la zona continental de Isla Mujeres, desde mayo pasado los elementos castrenses reciben adiestramiento en primeros auxilios, peritaje, como primer respondiente e incluso de disuasi\u00f3n con balas de goma, macanas y escudos.<\/p>\n<p>Trascendi\u00f3 que en los pr\u00f3ximos d\u00edas vendr\u00e1n desde el centro del pa\u00eds a hacer la presentaci\u00f3n oficial, sin embargo, la poblaci\u00f3n espera que sea la Guardia Nacional, que al operar de forma individual, d\u00e9 mejores resultados que las polic\u00edas locales.<\/p>\n","protected":false},"excerpt":{"rendered":"<p><span style=\"color: #005497;\"><strong>Derecho de r\u00e9plica<\/strong><\/span><\/p>\n","protected":false},"author":3,"featured_media":0,"comment_status":"open","ping_status":"open","sticky":false,"template":"","format":"standard","meta":{"_monsterinsights_skip_tracking":false,"_monsterinsights_sitenote_active":false,"_monsterinsights_sitenote_note":"","_monsterinsights_sitenote_category":0,"footnotes":""},"categories":[62907],"tags":[47840,43674],"class_list":["post-434492","post","type-post","status-publish","format-standard","hentry","category-derecho-de-replica","tag-derecho-de-replica","tag-opinion"],"_links":{"self":[{"href":"https:\/\/www.diarioimagen.net\/index.php?rest_route=\/wp\/v2\/posts\/434492","targetHints":{"allow":["GET"]}}],"collection":[{"href":"https:\/\/www.diarioimagen.net\/index.php?rest_route=\/wp\/v2\/posts"}],"about":[{"href":"https:\/\/www.diarioimagen.net\/index.php?rest_route=\/wp\/v2\/types\/post"}],"author":[{"embeddable":true,"href":"https:\/\/www.diarioimagen.net\/index.php?rest_route=\/wp\/v2\/users\/3"}],"replies":[{"embeddable":true,"href":"https:\/\/www.diarioimagen.net\/index.php?rest_route=%2Fwp%2Fv2%2Fcomments&post=434492"}],"version-history":[{"count":0,"href":"https:\/\/www.diarioimagen.net\/index.php?rest_route=\/wp\/v2\/posts\/434492\/revisions"}],"wp:attachment":[{"href":"https:\/\/www.diarioimagen.net\/index.php?rest_route=%2Fwp%2Fv2%2Fmedia&parent=434492"}],"wp:term":[{"taxonomy":"category","embeddable":true,"href":"https:\/\/www.diarioimagen.net\/index.php?rest_route=%2Fwp%2Fv2%2Fcategories&post=434492"},{"taxonomy":"post_tag","embeddable":true,"href":"https:\/\/www.diarioimagen.net\/index.php?rest_route=%2Fwp%2Fv2%2Ftags&post=434492"}],"curies":[{"name":"wp","href":"https:\/\/api.w.org\/{rel}","templated":true}]}}