{"id":434610,"date":"2019-07-09T00:09:28","date_gmt":"2019-07-09T05:09:28","guid":{"rendered":"https:\/\/www.diarioimagen.net\/?p=434610"},"modified":"2019-07-09T09:17:23","modified_gmt":"2019-07-09T14:17:23","slug":"la-uaem-ofrece-doble-grado-con-la-universidad-de-santiago-de-compostela","status":"publish","type":"post","link":"https:\/\/www.diarioimagen.net\/?p=434610","title":{"rendered":"La UAEM ofrece doble grado con la Universidad de Santiago de Compostela"},"content":{"rendered":"<ul>\n<li><strong><em>Firman convenio de colaboraci\u00f3n\u00a0<\/em><\/strong><\/li>\n<\/ul>\n<p>&nbsp;<\/p>\n<div id=\"attachment_434691\" style=\"width: 470px\" class=\"wp-caption aligncenter\"><a href=\"https:\/\/www.diarioimagen.net\/?attachment_id=434691\" rel=\"attachment wp-att-434691\"><img loading=\"lazy\" decoding=\"async\" aria-describedby=\"caption-attachment-434691\" class=\"size-large wp-image-434691\" src=\"https:\/\/www.diarioimagen.net\/wp-content\/uploads\/2019\/07\/UAEM-9-460x259.jpg\" alt=\"\" width=\"460\" height=\"259\" srcset=\"https:\/\/www.diarioimagen.net\/wp-content\/uploads\/2019\/07\/UAEM-9-460x259.jpg 460w, https:\/\/www.diarioimagen.net\/wp-content\/uploads\/2019\/07\/UAEM-9-240x135.jpg 240w, https:\/\/www.diarioimagen.net\/wp-content\/uploads\/2019\/07\/UAEM-9-235x132.jpg 235w, https:\/\/www.diarioimagen.net\/wp-content\/uploads\/2019\/07\/UAEM-9-202x114.jpg 202w, https:\/\/www.diarioimagen.net\/wp-content\/uploads\/2019\/07\/UAEM-9-350x196.jpg 350w, https:\/\/www.diarioimagen.net\/wp-content\/uploads\/2019\/07\/UAEM-9-220x123.jpg 220w, https:\/\/www.diarioimagen.net\/wp-content\/uploads\/2019\/07\/UAEM-9-237x132.jpg 237w, https:\/\/www.diarioimagen.net\/wp-content\/uploads\/2019\/07\/UAEM-9.jpg 480w\" sizes=\"auto, (max-width: 460px) 100vw, 460px\" \/><\/a><p id=\"caption-attachment-434691\" class=\"wp-caption-text\">La UAEM y la Universidad de Santiago de Compostela firmaron un convenio de colaboraci\u00f3n\u00a0con una duraci\u00f3n de cuatro a\u00f1os.<\/p><\/div>\n<p>&nbsp;<\/p>\n<p><strong>Toluca, Estado de M\u00e9xico<\/strong>.\u2013 Estudiantes de doctorado de la Universidad Aut\u00f3noma del Estado de M\u00e9xico, podr\u00e1n obtener tambi\u00e9n un grado por la Universidad de Santiago de Compostela, Espa\u00f1a, con base en el convenio de colaboraci\u00f3n signado por ambas instituciones de educaci\u00f3n superior.<\/p>\n<p>La directora de Relaciones Internacionales de la Secretar\u00eda de Cooperaci\u00f3n Internacional, Karel Salgado Vargas, indic\u00f3 que este convenio, con una duraci\u00f3n de cuatro a\u00f1os, permitir\u00e1 a los estudiantes de ambas instituciones obtener el doble grado. \u201cEs requisito imprescindible que las l\u00edneas de investigaci\u00f3n sean afines en las dos universidades\u201d.<\/p>\n<p>Abund\u00f3 que los alumnos de la Aut\u00f3noma mexiquense est\u00e1n exonerados de pagar los gastos de matr\u00edcula en Espa\u00f1a y tendr\u00e1n la posibilidad de contar con un tutor espa\u00f1ol para elaborar su tesis doctoral.<\/p>\n<p>Los mexiquenses, explic\u00f3, deber\u00e1n contar con una estancia de investigaci\u00f3n en la Universidad de Santiago de Compostela de al menos seis meses para completar su formaci\u00f3n acad\u00e9mica, trabajar con su tutor y realizar investigaci\u00f3n espec\u00edfica en Europa.<\/p>\n<p>Los interesados, sostuvo, deber\u00e1n acercarse durante el primer semestre de sus estudios de doctorado a la Secretar\u00eda de Cooperaci\u00f3n Internacional o con los coordinadores de posgrado, con la finalidad de identificar el investigador de la Universidad de Santiago de Compostela adecuado para su trabajo de titulaci\u00f3n.<\/p>\n<p>Cabe destacar que esta opci\u00f3n de doble grado se suma a la ya existente con la Universidad de Murcia, Espa\u00f1a, la cual ya es aprovechada por dos estudiantes del Doctorado en Ciencias Agropecuarias y Recursos Naturales de la Facultad de Medicina Veterinaria y Zootecnia.<\/p>\n","protected":false},"excerpt":{"rendered":"<p>Estudiantes de doctorado de la Universidad Aut\u00f3noma del Estado de M\u00e9xico, podr\u00e1n obtener tambi\u00e9n un grado por la Universidad de Santiago de Compostela, Espa\u00f1a, con base en el convenio de colaboraci\u00f3n signado por ambas instituciones de educaci\u00f3n superior.<\/p>\n","protected":false},"author":3,"featured_media":434691,"comment_status":"open","ping_status":"open","sticky":false,"template":"","format":"standard","meta":{"_monsterinsights_skip_tracking":false,"_monsterinsights_sitenote_active":false,"_monsterinsights_sitenote_note":"","_monsterinsights_sitenote_category":0,"footnotes":""},"categories":[5],"tags":[43675,452,1491],"class_list":["post-434610","post","type-post","status-publish","format-standard","has-post-thumbnail","hentry","category-estado-de-mexico","tag-estado-de-mexico","tag-toluca","tag-uaem"],"_links":{"self":[{"href":"https:\/\/www.diarioimagen.net\/index.php?rest_route=\/wp\/v2\/posts\/434610","targetHints":{"allow":["GET"]}}],"collection":[{"href":"https:\/\/www.diarioimagen.net\/index.php?rest_route=\/wp\/v2\/posts"}],"about":[{"href":"https:\/\/www.diarioimagen.net\/index.php?rest_route=\/wp\/v2\/types\/post"}],"author":[{"embeddable":true,"href":"https:\/\/www.diarioimagen.net\/index.php?rest_route=\/wp\/v2\/users\/3"}],"replies":[{"embeddable":true,"href":"https:\/\/www.diarioimagen.net\/index.php?rest_route=%2Fwp%2Fv2%2Fcomments&post=434610"}],"version-history":[{"count":0,"href":"https:\/\/www.diarioimagen.net\/index.php?rest_route=\/wp\/v2\/posts\/434610\/revisions"}],"wp:featuredmedia":[{"embeddable":true,"href":"https:\/\/www.diarioimagen.net\/index.php?rest_route=\/wp\/v2\/media\/434691"}],"wp:attachment":[{"href":"https:\/\/www.diarioimagen.net\/index.php?rest_route=%2Fwp%2Fv2%2Fmedia&parent=434610"}],"wp:term":[{"taxonomy":"category","embeddable":true,"href":"https:\/\/www.diarioimagen.net\/index.php?rest_route=%2Fwp%2Fv2%2Fcategories&post=434610"},{"taxonomy":"post_tag","embeddable":true,"href":"https:\/\/www.diarioimagen.net\/index.php?rest_route=%2Fwp%2Fv2%2Ftags&post=434610"}],"curies":[{"name":"wp","href":"https:\/\/api.w.org\/{rel}","templated":true}]}}