{"id":434612,"date":"2019-07-09T00:08:57","date_gmt":"2019-07-09T05:08:57","guid":{"rendered":"https:\/\/www.diarioimagen.net\/?p=434612"},"modified":"2019-07-09T09:18:19","modified_gmt":"2019-07-09T14:18:19","slug":"tultepec-esta-comprometido-con-la-educacion-armando-portuguez","status":"publish","type":"post","link":"https:\/\/www.diarioimagen.net\/?p=434612","title":{"rendered":"Tultepec est\u00e1 comprometido con la educaci\u00f3n: Armando Portuguez"},"content":{"rendered":"<ul>\n<li><strong><em>Construcci\u00f3n de espacios dignos para la ni\u00f1ez<\/em><\/strong><\/li>\n<\/ul>\n<p>&nbsp;<\/p>\n<div id=\"attachment_434694\" style=\"width: 470px\" class=\"wp-caption aligncenter\"><a href=\"https:\/\/www.diarioimagen.net\/?attachment_id=434694\" rel=\"attachment wp-att-434694\"><img loading=\"lazy\" decoding=\"async\" aria-describedby=\"caption-attachment-434694\" class=\"size-large wp-image-434694\" src=\"https:\/\/www.diarioimagen.net\/wp-content\/uploads\/2019\/07\/TULTEPEC-9-460x259.jpg\" alt=\"\" width=\"460\" height=\"259\" srcset=\"https:\/\/www.diarioimagen.net\/wp-content\/uploads\/2019\/07\/TULTEPEC-9-460x259.jpg 460w, https:\/\/www.diarioimagen.net\/wp-content\/uploads\/2019\/07\/TULTEPEC-9-240x135.jpg 240w, https:\/\/www.diarioimagen.net\/wp-content\/uploads\/2019\/07\/TULTEPEC-9-235x132.jpg 235w, https:\/\/www.diarioimagen.net\/wp-content\/uploads\/2019\/07\/TULTEPEC-9-202x114.jpg 202w, https:\/\/www.diarioimagen.net\/wp-content\/uploads\/2019\/07\/TULTEPEC-9-350x196.jpg 350w, https:\/\/www.diarioimagen.net\/wp-content\/uploads\/2019\/07\/TULTEPEC-9-220x123.jpg 220w, https:\/\/www.diarioimagen.net\/wp-content\/uploads\/2019\/07\/TULTEPEC-9-237x132.jpg 237w, https:\/\/www.diarioimagen.net\/wp-content\/uploads\/2019\/07\/TULTEPEC-9.jpg 480w\" sizes=\"auto, (max-width: 460px) 100vw, 460px\" \/><\/a><p id=\"caption-attachment-434694\" class=\"wp-caption-text\">Armando Portuguez Fuentes se\u00a0 dijo convencido de que cada peso invertido en la generaci\u00f3n de espacios educativos, dar\u00e1n como resultado mejores ciudadanos.<\/p><\/div>\n<p>&nbsp;<\/p>\n<p><strong>Tultepec, Estado de M\u00e9xico<\/strong>.- Al acudir como padrino de graduaci\u00f3n de alumnos de 6\u00ba grado de las generaciones 2013-2019, en los planteles Otilio Monta\u00f1o y Benito Ju\u00e1rez, el alcalde Armando Portuguez Fuentes asegur\u00f3 que, \u201ceste gobierno, como los anteriores que me ha tocado encabezar, est\u00e1 comprometido con la construcci\u00f3n de espacios dignos para el desarrollo acad\u00e9mico de la ni\u00f1ez tultepequense\u201d.<\/p>\n<p>Acompa\u00f1ado por Mar\u00eda F\u00e9lix Espinosa Hern\u00e1ndez, presidenta del Sistema Municipal DIF, el alcalde se dijo convencido de que cada peso invertido en la generaci\u00f3n y mejoramiento de espacios educativos, dar\u00e1n como resultado un Tultepec con mejores ciudadanos, con destacados profesionistas y mejores ciudadanos para nuestro pa\u00eds. \u00a0Ante Mar\u00eda Natividad Cortes Plancarte, supervisora Escolar, el edil afirm\u00f3 que \u201cnuestros ni\u00f1os y j\u00f3venes son el motor que mueve a la sociedad y para ellos estamos trabajando, para impulsar su potencial acad\u00e9mico, con espacios cada vez m\u00e1s dignos, donde sin duda encontrar\u00e1n mejores oportunidades para su desarrollo y su potencial, mucho m\u00e1s all\u00e1 del que tuvieron sus padres\u201d. \u00a0La directora del plantel, Mar\u00eda de Lourdes Mart\u00ednez Ortiz, dijo a los egresados que Armando Portuguez Fuentes como ex alumno de la escuela primaria Otilio Monta\u00f1o, \u201ces un ejemplo a seguir, porque siempre se ha superado y trabajado sin perder los valores que le fueron inculcados. Siempre ha sido un hombre comprometido con la educaci\u00f3n y el bien com\u00fan, sus acciones as\u00ed lo avalan\u201d.<\/p>\n<p>El alcalde tambi\u00e9n acudi\u00f3 como padrino a la escuela primaria Benito Ju\u00e1rez, en la comunidad de Emiqu\u00eda, plantel que fue construido y entregado hace un a\u00f1o por la administraci\u00f3n que tambi\u00e9n \u00e9l encabez\u00f3, donde estudian m\u00e1s de 1,400 alumnos en ambos turnos, en la que se invirtieron 15 millones de pesos en beneficio de m\u00e1s de 10 mil habitantes de las colonias Emiqu\u00eda, Santa Rita, El Mirador, San Miguel Capilla, La Cantera y La Piedad en la parte alta del municipio.<\/p>\n<p>El presidente municipal inform\u00f3 que en los pr\u00f3ximos d\u00edas se har\u00e1 entrega de un nuevo edificio con 9 aulas, un sal\u00f3n de usos m\u00faltiples y una bodega en la Escuela Oficial Preparatoria (EPO) 306, plantel que tambi\u00e9n fue construido en una de los gobiernos que le toc\u00f3 presidir, ubicado en la colonia 10 de Junio, en la que se realiz\u00f3 una inversi\u00f3n de alrededor de 3 millones de pesos.<\/p>\n<p>Inform\u00f3 adem\u00e1s que fue concluida la techumbre del auditorio de la Escuela Preparatoria Oficial (EPO) 031, ubicada en San Antonio Xahuento, donde se realizaron y colocaron las estructuras que soportan la cubierta en una superficie de 700 metros cuadrados, trabajos en los que realiz\u00f3 una inversi\u00f3n de 650 mil pesos.<\/p>\n","protected":false},"excerpt":{"rendered":"<p>Al acudir como padrino de graduaci\u00f3n de alumnos de 6\u00ba grado de las generaciones 2013-2019, en los planteles Otilio Monta\u00f1o y Benito Ju\u00e1rez, el alcalde Armando Portuguez Fuentes asegur\u00f3 que, \u201ceste gobierno, como los anteriores que me ha tocado encabezar, est\u00e1 comprometido con la construcci\u00f3n de espacios dignos para el desarrollo acad\u00e9mico de la ni\u00f1ez tultepequense\u201d.<\/p>\n","protected":false},"author":3,"featured_media":434694,"comment_status":"open","ping_status":"open","sticky":false,"template":"","format":"standard","meta":{"_monsterinsights_skip_tracking":false,"_monsterinsights_sitenote_active":false,"_monsterinsights_sitenote_note":"","_monsterinsights_sitenote_category":0,"footnotes":""},"categories":[5],"tags":[70500,43675,3802],"class_list":["post-434612","post","type-post","status-publish","format-standard","has-post-thumbnail","hentry","category-estado-de-mexico","tag-armando-portuguez","tag-estado-de-mexico","tag-tultepec"],"_links":{"self":[{"href":"https:\/\/www.diarioimagen.net\/index.php?rest_route=\/wp\/v2\/posts\/434612","targetHints":{"allow":["GET"]}}],"collection":[{"href":"https:\/\/www.diarioimagen.net\/index.php?rest_route=\/wp\/v2\/posts"}],"about":[{"href":"https:\/\/www.diarioimagen.net\/index.php?rest_route=\/wp\/v2\/types\/post"}],"author":[{"embeddable":true,"href":"https:\/\/www.diarioimagen.net\/index.php?rest_route=\/wp\/v2\/users\/3"}],"replies":[{"embeddable":true,"href":"https:\/\/www.diarioimagen.net\/index.php?rest_route=%2Fwp%2Fv2%2Fcomments&post=434612"}],"version-history":[{"count":0,"href":"https:\/\/www.diarioimagen.net\/index.php?rest_route=\/wp\/v2\/posts\/434612\/revisions"}],"wp:featuredmedia":[{"embeddable":true,"href":"https:\/\/www.diarioimagen.net\/index.php?rest_route=\/wp\/v2\/media\/434694"}],"wp:attachment":[{"href":"https:\/\/www.diarioimagen.net\/index.php?rest_route=%2Fwp%2Fv2%2Fmedia&parent=434612"}],"wp:term":[{"taxonomy":"category","embeddable":true,"href":"https:\/\/www.diarioimagen.net\/index.php?rest_route=%2Fwp%2Fv2%2Fcategories&post=434612"},{"taxonomy":"post_tag","embeddable":true,"href":"https:\/\/www.diarioimagen.net\/index.php?rest_route=%2Fwp%2Fv2%2Ftags&post=434612"}],"curies":[{"name":"wp","href":"https:\/\/api.w.org\/{rel}","templated":true}]}}