{"id":434614,"date":"2019-07-09T00:07:33","date_gmt":"2019-07-09T05:07:33","guid":{"rendered":"https:\/\/www.diarioimagen.net\/?p=434614"},"modified":"2019-07-09T09:19:05","modified_gmt":"2019-07-09T14:19:05","slug":"reciben-familias-titulos-de-propiedad-que-dan-certeza-juridica-a-su-patrimonio","status":"publish","type":"post","link":"https:\/\/www.diarioimagen.net\/?p=434614","title":{"rendered":"Reciben familias t\u00edtulos de propiedad que dan certeza jur\u00eddica a su patrimonio\u00a0"},"content":{"rendered":"<ul>\n<li><strong><em>Acuerdo de Atizap\u00e1n con el IMEVIS<\/em><\/strong><\/li>\n<\/ul>\n<p>&nbsp;<\/p>\n<div id=\"attachment_434697\" style=\"width: 470px\" class=\"wp-caption aligncenter\"><a href=\"https:\/\/www.diarioimagen.net\/?attachment_id=434697\" rel=\"attachment wp-att-434697\"><img loading=\"lazy\" decoding=\"async\" aria-describedby=\"caption-attachment-434697\" class=\"size-large wp-image-434697\" src=\"https:\/\/www.diarioimagen.net\/wp-content\/uploads\/2019\/07\/ATIZAPAN-9-460x259.jpg\" alt=\"\" width=\"460\" height=\"259\" srcset=\"https:\/\/www.diarioimagen.net\/wp-content\/uploads\/2019\/07\/ATIZAPAN-9-460x259.jpg 460w, https:\/\/www.diarioimagen.net\/wp-content\/uploads\/2019\/07\/ATIZAPAN-9-240x135.jpg 240w, https:\/\/www.diarioimagen.net\/wp-content\/uploads\/2019\/07\/ATIZAPAN-9-235x132.jpg 235w, https:\/\/www.diarioimagen.net\/wp-content\/uploads\/2019\/07\/ATIZAPAN-9-202x114.jpg 202w, https:\/\/www.diarioimagen.net\/wp-content\/uploads\/2019\/07\/ATIZAPAN-9-350x196.jpg 350w, https:\/\/www.diarioimagen.net\/wp-content\/uploads\/2019\/07\/ATIZAPAN-9-220x123.jpg 220w, https:\/\/www.diarioimagen.net\/wp-content\/uploads\/2019\/07\/ATIZAPAN-9-237x132.jpg 237w, https:\/\/www.diarioimagen.net\/wp-content\/uploads\/2019\/07\/ATIZAPAN-9.jpg 480w\" sizes=\"auto, (max-width: 460px) 100vw, 460px\" \/><\/a><p id=\"caption-attachment-434697\" class=\"wp-caption-text\">El gobierno de Atizap\u00e1n de Zaragoza entreg\u00f3 25 t\u00edtulos de propiedad y posesi\u00f3n a igual n\u00famero de vecinos del municipio.<\/p><\/div>\n<p>&nbsp;<\/p>\n<p><strong>Atizap\u00e1n, Estado de M\u00e9xico<\/strong>.- Tras la reciente firma de convenio de coordinaci\u00f3n con el Instituto Mexiquense de la Vivienda Social (IMEVIS), el gobierno de Atizap\u00e1n de Zaragoza entreg\u00f3 25 t\u00edtulos de propiedad y posesi\u00f3n a igual n\u00famero de vecinos del municipio.<\/p>\n<p>En representaci\u00f3n de la alcaldesa Ruth Olvera Nieto, el secretario particular de la presidenta, Octavio Paredes Tapia, felicit\u00f3 a los beneficiados por contar con el documento que da certeza jur\u00eddica a su patrimonio, \u201cpues asegura el presente y futuro de su familia\u201d.<\/p>\n<p>En este sentido, agradeci\u00f3 el apoyo del IMEVIS, Instituto Nacional del Suelo Sustentable (INSUS) e Instituto de la Funci\u00f3n Registral del Estado de M\u00e9xico (IFREM) en estas acciones que favorecen a los atizapenses, quienes con gran esfuerzo se hacen de una propiedad que d\u00e9 techo a sus hijos.<\/p>\n<p>En el Patio Central del Palacio Municipal, 25 vecinos de las colonias Lomas Lindas, M\u00e9xico Nuevo, Atizap\u00e1n Centro, Real de Atizap\u00e1n, Hogares, Nuevo Mad\u00edn, Sagitario I, Los Olivos, Miraflores, L\u00e1zaro C\u00e1denas, Ahuehuetes, Calacoaya, San Juan Ixtacala recibieron sus t\u00edtulos, cancelaciones de hipoteca, juicios sumarios y ordinarios.<\/p>\n<p>Ante la presencia del representante del gobernador estatal Alfredo Del Mazo Maza, Gabriel Casillas Zannata, director del IMEVIS, se\u00f1al\u00f3 que a finales de este a\u00f1o el Instituto prev\u00e9 la entrega de 32 mil t\u00edtulos de propiedad a familias mexiquenses. \u201cNo s\u00f3lo se protege un pedazo de tierra, sino su hogar\u201d.<\/p>\n<p>El evento cont\u00f3 con la presencia de Pedro S\u00e1nchez Espinoza de los Monteros, del Poder Judicial del Estado de M\u00e9xico; V\u00edctor Guti\u00e9rrez, subdelegado jur\u00eddico del INSUS; Otoniel Camacho, del IFREM; V\u00edctor Roa, Director Regional de Gobierno; la beneficiaria Teresa Pe\u00f1a; Francisco Espinosa de los Monteros, Secretario del Ayuntamiento de Atizap\u00e1n, y Nina Hermosillo Miranda, directora de Desarrollo Territorial municipal.<\/p>\n","protected":false},"excerpt":{"rendered":"<p>Tras la reciente firma de convenio de coordinaci\u00f3n con el Instituto Mexiquense de la Vivienda Social (IMEVIS), el gobierno de Atizap\u00e1n de Zaragoza entreg\u00f3 25 t\u00edtulos de propiedad y posesi\u00f3n a igual n\u00famero de vecinos del municipio.<\/p>\n","protected":false},"author":3,"featured_media":434697,"comment_status":"open","ping_status":"open","sticky":false,"template":"","format":"standard","meta":{"_monsterinsights_skip_tracking":false,"_monsterinsights_sitenote_active":false,"_monsterinsights_sitenote_note":"","_monsterinsights_sitenote_category":0,"footnotes":""},"categories":[5],"tags":[969,67633,43675],"class_list":["post-434614","post","type-post","status-publish","format-standard","has-post-thumbnail","hentry","category-estado-de-mexico","tag-atizapan","tag-certeza-juridica","tag-estado-de-mexico"],"_links":{"self":[{"href":"https:\/\/www.diarioimagen.net\/index.php?rest_route=\/wp\/v2\/posts\/434614","targetHints":{"allow":["GET"]}}],"collection":[{"href":"https:\/\/www.diarioimagen.net\/index.php?rest_route=\/wp\/v2\/posts"}],"about":[{"href":"https:\/\/www.diarioimagen.net\/index.php?rest_route=\/wp\/v2\/types\/post"}],"author":[{"embeddable":true,"href":"https:\/\/www.diarioimagen.net\/index.php?rest_route=\/wp\/v2\/users\/3"}],"replies":[{"embeddable":true,"href":"https:\/\/www.diarioimagen.net\/index.php?rest_route=%2Fwp%2Fv2%2Fcomments&post=434614"}],"version-history":[{"count":0,"href":"https:\/\/www.diarioimagen.net\/index.php?rest_route=\/wp\/v2\/posts\/434614\/revisions"}],"wp:featuredmedia":[{"embeddable":true,"href":"https:\/\/www.diarioimagen.net\/index.php?rest_route=\/wp\/v2\/media\/434697"}],"wp:attachment":[{"href":"https:\/\/www.diarioimagen.net\/index.php?rest_route=%2Fwp%2Fv2%2Fmedia&parent=434614"}],"wp:term":[{"taxonomy":"category","embeddable":true,"href":"https:\/\/www.diarioimagen.net\/index.php?rest_route=%2Fwp%2Fv2%2Fcategories&post=434614"},{"taxonomy":"post_tag","embeddable":true,"href":"https:\/\/www.diarioimagen.net\/index.php?rest_route=%2Fwp%2Fv2%2Ftags&post=434614"}],"curies":[{"name":"wp","href":"https:\/\/api.w.org\/{rel}","templated":true}]}}