{"id":434616,"date":"2019-07-09T00:06:34","date_gmt":"2019-07-09T05:06:34","guid":{"rendered":"https:\/\/www.diarioimagen.net\/?p=434616"},"modified":"2019-07-09T09:20:33","modified_gmt":"2019-07-09T14:20:33","slug":"cuautitlan-izcalli-trabaja-por-el-bienestar-animal","status":"publish","type":"post","link":"https:\/\/www.diarioimagen.net\/?p=434616","title":{"rendered":"Cuautitl\u00e1n Izcalli trabaja por el bienestar animal"},"content":{"rendered":"<p><a href=\"https:\/\/www.diarioimagen.net\/?attachment_id=434699\" rel=\"attachment wp-att-434699\"><img loading=\"lazy\" decoding=\"async\" class=\"aligncenter size-large wp-image-434699\" src=\"https:\/\/www.diarioimagen.net\/wp-content\/uploads\/2019\/07\/CUAUTITLAN-9-460x310.jpg\" alt=\"\" width=\"460\" height=\"310\" srcset=\"https:\/\/www.diarioimagen.net\/wp-content\/uploads\/2019\/07\/CUAUTITLAN-9-460x310.jpg 460w, https:\/\/www.diarioimagen.net\/wp-content\/uploads\/2019\/07\/CUAUTITLAN-9-240x162.jpg 240w, https:\/\/www.diarioimagen.net\/wp-content\/uploads\/2019\/07\/CUAUTITLAN-9.jpg 700w\" sizes=\"auto, (max-width: 460px) 100vw, 460px\" \/><\/a><\/p>\n<p>&nbsp;<\/p>\n<p><strong>Cuautitl\u00e1n Izcalli, Estado de M\u00e9xico<\/strong><strong>.-<\/strong> Con la finalidad de que el municipio de Cuautitl\u00e1n Izcalli cuente con mayor bienestar animal, se reinaugur\u00f3 el Parque Purina, ubicado en el Parque Espejo de los Lirios. En dicho parque se realizaron trabajos de herrer\u00eda, pintura, mantenimiento de los juegos, se\u00f1alizaciones y jardiner\u00eda, gracias a la gesti\u00f3n de la Direcci\u00f3n de Desarrollo Econ\u00f3mico.<\/p>\n<p>El Parque Purina estar\u00e1 abierto todos los d\u00edas en un horario de 7:00 am a 6:00 pm. Los fines de semana los izcallenses podr\u00e1n traer a sus mascotas para que sean entrenadas por personas certificadas y recibir clases de c\u00f3mo cuidar a sus caninos.<\/p>\n<p>El parque cuenta con dos zonas espec\u00edficas para razas peque\u00f1as y grandes, donde hay rampas, t\u00faneles y obst\u00e1culos para que las mascotas hagan sus rutinas de ejercicio o puedan ser entrenadas. Asimismo, se encuentran diferentes contenedores de dep\u00f3sitos de heces para que el parque se mantenga limpio y en buenas condiciones.<\/p>\n","protected":false},"excerpt":{"rendered":"<p>Con la finalidad de que el municipio de Cuautitl\u00e1n Izcalli cuente con mayor bienestar animal, se reinaugur\u00f3 el Parque Purina, ubicado en el Parque Espejo de los Lirios.<\/p>\n","protected":false},"author":3,"featured_media":434699,"comment_status":"open","ping_status":"open","sticky":false,"template":"","format":"standard","meta":{"_monsterinsights_skip_tracking":false,"_monsterinsights_sitenote_active":false,"_monsterinsights_sitenote_note":"","_monsterinsights_sitenote_category":0,"footnotes":""},"categories":[5],"tags":[38068,971,43675,8961],"class_list":["post-434616","post","type-post","status-publish","format-standard","has-post-thumbnail","hentry","category-estado-de-mexico","tag-bienestar","tag-cuautitlan-izcalli","tag-estado-de-mexico","tag-trabajo"],"_links":{"self":[{"href":"https:\/\/www.diarioimagen.net\/index.php?rest_route=\/wp\/v2\/posts\/434616","targetHints":{"allow":["GET"]}}],"collection":[{"href":"https:\/\/www.diarioimagen.net\/index.php?rest_route=\/wp\/v2\/posts"}],"about":[{"href":"https:\/\/www.diarioimagen.net\/index.php?rest_route=\/wp\/v2\/types\/post"}],"author":[{"embeddable":true,"href":"https:\/\/www.diarioimagen.net\/index.php?rest_route=\/wp\/v2\/users\/3"}],"replies":[{"embeddable":true,"href":"https:\/\/www.diarioimagen.net\/index.php?rest_route=%2Fwp%2Fv2%2Fcomments&post=434616"}],"version-history":[{"count":0,"href":"https:\/\/www.diarioimagen.net\/index.php?rest_route=\/wp\/v2\/posts\/434616\/revisions"}],"wp:featuredmedia":[{"embeddable":true,"href":"https:\/\/www.diarioimagen.net\/index.php?rest_route=\/wp\/v2\/media\/434699"}],"wp:attachment":[{"href":"https:\/\/www.diarioimagen.net\/index.php?rest_route=%2Fwp%2Fv2%2Fmedia&parent=434616"}],"wp:term":[{"taxonomy":"category","embeddable":true,"href":"https:\/\/www.diarioimagen.net\/index.php?rest_route=%2Fwp%2Fv2%2Fcategories&post=434616"},{"taxonomy":"post_tag","embeddable":true,"href":"https:\/\/www.diarioimagen.net\/index.php?rest_route=%2Fwp%2Fv2%2Ftags&post=434616"}],"curies":[{"name":"wp","href":"https:\/\/api.w.org\/{rel}","templated":true}]}}