{"id":434636,"date":"2019-07-09T00:11:49","date_gmt":"2019-07-09T05:11:49","guid":{"rendered":"https:\/\/www.diarioimagen.net\/?p=434636"},"modified":"2019-07-09T07:54:19","modified_gmt":"2019-07-09T12:54:19","slug":"si-falla-el-nuevo-regimen-dios-nos-agarre-confesados","status":"publish","type":"post","link":"https:\/\/www.diarioimagen.net\/?p=434636","title":{"rendered":"Si falla el nuevo r\u00e9gimen&#8230; \u00a1Dios nos agarre confesados!"},"content":{"rendered":"<h2>\u00cdndice pol\u00edtico<\/h2>\n<h5>Francisco Rodr\u00edguez<\/h5>\n<p>&nbsp;<\/p>\n<div id=\"attachment_434674\" style=\"width: 470px\" class=\"wp-caption aligncenter\"><a href=\"https:\/\/www.diarioimagen.net\/?attachment_id=434674\" rel=\"attachment wp-att-434674\"><img loading=\"lazy\" decoding=\"async\" aria-describedby=\"caption-attachment-434674\" class=\"size-large wp-image-434674\" src=\"https:\/\/www.diarioimagen.net\/wp-content\/uploads\/2019\/07\/corrupta-yo-MARAL-460x390.jpg\" alt=\"\" width=\"460\" height=\"390\" srcset=\"https:\/\/www.diarioimagen.net\/wp-content\/uploads\/2019\/07\/corrupta-yo-MARAL-460x390.jpg 460w, https:\/\/www.diarioimagen.net\/wp-content\/uploads\/2019\/07\/corrupta-yo-MARAL-240x204.jpg 240w, https:\/\/www.diarioimagen.net\/wp-content\/uploads\/2019\/07\/corrupta-yo-MARAL-768x652.jpg 768w, https:\/\/www.diarioimagen.net\/wp-content\/uploads\/2019\/07\/corrupta-yo-MARAL.jpg 825w\" sizes=\"auto, (max-width: 460px) 100vw, 460px\" \/><\/a><p id=\"caption-attachment-434674\" class=\"wp-caption-text\">\u00bfCorrupta yo..? | Maral<\/p><\/div>\n<p>&nbsp;<\/p>\n<p>En cualquier parte del mundo, los l\u00edderes de opini\u00f3n acostumbran a no ver las cosas como son, sino como quisieran que fueran, como son ellos. El cerebro y la experiencia registran los acontecimientos y llegan a la conclusi\u00f3n de que lo que parece es. Normalmente las cosas las consideran seg\u00fan la imagen que se aparece en su mente.<\/p>\n<p>El mundo es la muestra de la conciencia. Los olores, colores, formas, significados nos parece que representan el cien por ciento de la realidad. Es sorprendente c\u00f3mo tiene el gran poder de crear mundos diferentes al verdadero. La realidad depende much\u00edsimo de la interpretaci\u00f3n y de c\u00f3mo se forma el mundo imaginario de nuestra consciencia.<\/p>\n<p>Nuestra percepci\u00f3n humana se acostumbra a aceptar lo que vemos. Siempre es dif\u00edcil que los sentidos capten en toda su dimensi\u00f3n todas las aristas de la realidad. Somos rehenes de lo que no alcanzamos a percibir. Como no hay m\u00e1s cera que la que arde, ah\u00ed nos quedamos.<\/p>\n<p>La f\u00edsica cu\u00e1ntica demostr\u00f3 que nuestros ojos y nuestro entendimiento s\u00f3lo ven lo que el cerebro previamente autoriza. Sin embargo, la materia real se rige por leyes aparte, en ondas y saltos que han generado el principio de incertidumbre. As\u00ed, cada quien se enga\u00f1a como quiere. Extendida a la pol\u00edtica, la informaci\u00f3n siempre es a la medida del gusto.<\/p>\n<p>En M\u00e9xico, el nuevo r\u00e9gimen parec\u00eda empe\u00f1ado en negar que la f\u00edsica y la pol\u00edtica cu\u00e1ntica se hab\u00edan ense\u00f1oreado del entorno vital. Pero no es as\u00ed. Vemos lo que parece que es.Los ojos, el cerebro y los o\u00eddos lo demuestran, pero el cerebro pr\u00e1ctico y defensivo se niega a aceptar el desprop\u00f3sito. Sin embargo, lo que parece es. La proverbial comprensi\u00f3n pol\u00edtica del mexicano con dos dedos de frente ha sido atropellada y desnortada. Casi no hay la posibilidad de sobrevivir al presente, menos de enfrentar cualquier escenario futuro. Se han perdido las br\u00fajulas y los mapas de ruta. Somos como ciento treinta millones de n\u00e1ufragos en un horizonte impredecible.<\/p>\n<p>Hemos llegado a la necesidad de acudir a las explicaciones de la pol\u00edtica cu\u00e1ntica, distinta de las mec\u00e1nicas newtonianas, obcecada en ense\u00f1arnos un poco de humildad al demostrarnos que la naturaleza se comporta \u201ccomo quiere\u201d, no como nosotros pensar\u00edamos que deber\u00eda ser. Cuando empez\u00f3 el nuevo r\u00e9gimen todos imaginamos o supusimos que iban a acabarse por fin una serie de decisiones lesivas que pod\u00edan echarse para atr\u00e1s de un solo plumazo. Es el caso de las concesiones para que el SME de Mart\u00edn Esparza operara&#8230;&#8230; las\u00a0termoel\u00e9ctricas alrededor del Valle de M\u00e9xico que el compadrito Osorio Chong \u2014y el\u00a0capo di tutti capi\u00a0Enrique Pe\u00f1a Nieto, con su \u201cfavorito\u201d\u00a0Jos\u00e9 Miguel Bejos, hijo de Alfredo\u00a0Miguel Afif\u2014 decidi\u00f3 concesionar vitaliciamente a ese engendro. Como todo part\u00eda de un acto administrativo, no de una decisi\u00f3n pol\u00edticamente evaluada, apostamos doble contra sencillo que la vida artificial de\u00a0estas concesiones hab\u00eda nacido muerta.<\/p>\n<p>Era sencillo. S\u00f3lo bastaba la decisi\u00f3n del dedo mayor para hacer realidad este reclamo de una buena parte de la sociedad mexicana, hastiada del mar de corrupci\u00f3n. Pero hete ah\u00ed que no. Las concesiones de las termoel\u00e9ctricas contaminantes e innecesarias, a base de omisiones sin cuento, fueron tomando carta de naturalizaci\u00f3n, hasta plegarse a las concepciones de la pol\u00edtica cu\u00e1ntica, que desmiente en la realidad lo que no es aceptable por los sentidos, menos por el sentido com\u00fan.<\/p>\n<p>Pero no s\u00f3lo eso. En una decisi\u00f3n bizarra, por lo inaudita, la Comisi\u00f3n Federal de Electricidad del nuevo r\u00e9gimen acaba de otorgar un contrato may\u00fasculo a las empresas Peralta &#8211; Salinas de Gortari para llevar a cabo la primera adjudicaci\u00f3n del sexenio, \u00e9se que prometi\u00f3 acabar con todos los estropicios.<\/p>\n<p>Las cosas ya no son como deber\u00edan ser. Han entrado las explicaciones de la cruel realidad para convencernos que no hay m\u00e1s cera que la que arde. No puede creerse que la adjudicaci\u00f3n de marras no haya pasado por el escritorio presidencial. Si as\u00ed fue, en mala hora nos agarraron de incautos.<\/p>\n<p>Si los mexicanos tendremos que apechugar s\u00f3lo con lo que vemos, es el momento de decirle adi\u00f3s a la magia, al duende de la pol\u00edtica que cre\u00edamos haber elegido hace un a\u00f1o. Nunca existi\u00f3. S\u00f3lo fue un perfume virtual, un sue\u00f1o de opio creado a la medida de nuestras necesidades de creer y de esperanza. Entonces, todo lo que vemos es lo que hay. La imposibilidad de llevar a juicio a los ladrones del caso Fertinal, Agro Nitrogenados, OHL, Odebrecht es real, dicen los sentidos. La quiebra de Pemex no sirve para otra cosa que para otra andanada de privatizaciones. La Cuarta Transformaci\u00f3n es una quimera.<\/p>\n<p>Tienen raz\u00f3n al mismo tiempo los ingenieros que deturparon la construcci\u00f3n del mega aeropuerto fara\u00f3nico de Texcoco, al mismo tiempo que tienen raz\u00f3n los jueces que amparan a diario a los que se oponen a Santa Luc\u00eda. Tienen raz\u00f3n los polic\u00edas federales que no quieren integrarse a la Guardia Nacional.<\/p>\n<p>Y cuando todos tienen raz\u00f3n se producen las antinomias autoritarias, se da paso al libre juego de la oferta y la demanda, se sacraliza la mano invisible que todo lo compone, se vuelve al enga\u00f1o del libre mercado, al dejar hacer, dejar pasar y&#8230; al tron\u00edo del neoliberalismo.<\/p>\n<p>Las prometidas votaciones en plaza p\u00fablica para llevar a juicio a los ex presidentes depredadores, chuparon faros. La nueva moralidad, la \u00e9tica republicana, el pa\u00eds transparente fueron vencidos en buena lid por los ma\u00f1osos de siempre. \u00bf Ese es nuestro mundo real?<\/p>\n<p>\u00bfLos planteamientos de revocaci\u00f3n de mandato, las iniciativas populares, el refer\u00e9ndum y los plebiscitos fueron sustituidos por las votaciones a mano alzada para echar abajo peque\u00f1as obras partidistas? \u00bfPara demostrar que no hay de otra sopa?<\/p>\n<p>Para quienes pensaron que estos desatinos formaban parte de una mec\u00e1nica vencida que iba a ser sustituida por nuevas ideas y nuevos procedimientos de llevar a cabo lo indispensable, \u00a1l\u00e1stima Margarito!\u00a0 La magia ya no puede aparecer. El bono de credibilidad se agota.Si las cosas van a seguir siendo as\u00ed, mejor que regresen los que se fueron. Porque este ser\u00eda el peor de los mundos posibles, donde hasta esa posibilidad de retornar al tiempo pasado puede ser una falsa ilusi\u00f3n.<\/p>\n<p>\u00bfCu\u00e1l es la verdad? Los mexicanos necesitamos saber en qu\u00e9 cayuco nos hemos embarcado. \u00bfPor qu\u00e9 perdimos ganando, por qu\u00e9 ya no tenemos enfrente m\u00e1s que la rebeli\u00f3n y el encono social?<\/p>\n<p>La tragedia ahora s\u00ed est\u00e1 a la vuelta de la esquina. Si fall\u00f3 el r\u00e9gimen elegido como la \u00faltima soluci\u00f3n, que Dios nos agarre confesados. Se viene una guerra de todos contra todos. Lo peor va a ser que sabemos c\u00f3mo y hasta por qu\u00e9 empez\u00f3.<\/p>\n<p>\u00bfNo cree usted?<\/p>\n<p><strong><em>\u00cdndice Flam\u00edgero:<\/em><\/strong> Fuerte el comunicado que ayer diera a conocer el morenista Alejandro Rojas D\u00edaz-Dur\u00e1n bajo el t\u00edtulo \u201cEl Consejo Nacional de Morena sali\u00f3 con su domingo 7\u201d. En \u00e9ste se\u00f1ala que \u201clos acuerdos votados el domingo 7 de julio del 2019, en el seno del Consejo Nacional de Morena con respecto al padr\u00f3n de afiliados, siguen siendo violatorios de la Constituci\u00f3n Pol\u00edtica de los Estados Unidos Mexicanos, de las leyes sobre partidos pol\u00edticos y, lo m\u00e1s grave, de los Principios y Estatutos de Morena, porque no pueden excluir a los 7 millones de lopezobradoristas restantes que se afiliaron libre, individual y voluntariamente, durante todo el a\u00f1o pasado y que el CEN de nuestro movimiento no ha querido integrar al padr\u00f3n de militantes. Est\u00e1n rectificando en la forma, m\u00e1s no en el fondo, porque quieren convocar a las elecciones internas con un padr\u00f3n que cerraron en diciembre del 2017 y lo mantienen cerrado hasta el de d\u00eda de hoy, de manera inconstitucional, porque viola el Art\u00edculo 41 de la Carta Magna. No est\u00e1n considerando la afiliaci\u00f3n de todo el a\u00f1o pasado y la que este 2019 contin\u00faan realizando, por obligaci\u00f3n estatutaria, los Protagonistas del Cambio Verdadero. Est\u00e1n acumuladas otras 7 millones de afiliaciones que no han querido dar de alta tampoco en el INE. Ahora pretenden dar de alta a tan s\u00f3lo 3,100,000. Es decir, 1\/3 de todos los morenistas que est\u00e1n esperando ser afiliados y debidamente credencializados. Todos tienen el derecho pol\u00edtico constitucional de votar y ser votados en la renovaci\u00f3n de dirigentes en todos los niveles del pa\u00eds, fundamentalmente, en las municipales y en las alcald\u00edas de la Ciudad de M\u00e9xico. O todos coludos o todos rabones. No hay morenistas de primera ni de segunda. Todos somos iguales.\u201d Y avisa que hoy ir\u00e1 \u201ca la sede nacional de Morena, a la 1:30 PM, para ingresar un documento que sustente jur\u00eddicamente mis argumentos.\u201d<\/p>\n<p><em><u><a href=\"http:\/\/www.indicepolitico.com\" target=\"_blank\" rel=\"noopener noreferrer\">www.indicepolitico.com<\/a><br \/>\n<a href=\"mailto:pacorodriguez@journalist.com\" target=\"_blank\" rel=\"noopener noreferrer\">pacorodriguez@journalist.com<\/a><br \/>\n<a href=\"https:\/\/twitter.com\/pacorodriguez\" target=\"_blank\" rel=\"noopener noreferrer\">@pacorodriguez<\/a><\/u><\/em><\/p>\n","protected":false},"excerpt":{"rendered":"<p><span style=\"color: #005497;\"><strong>Francisco Rodr\u00edguez<\/strong><\/span><br \/>\n<br \/>\nEn cualquier parte del mundo, los l\u00edderes de opini\u00f3n acostumbran a no ver las cosas como son, sino como quisieran que fueran, como son ellos. El cerebro y la experiencia registran los acontecimientos y llegan a la conclusi\u00f3n de que lo que parece es. Normalmente las cosas las consideran seg\u00fan la imagen que se aparece en su mente.<\/p>\n","protected":false},"author":3,"featured_media":434674,"comment_status":"open","ping_status":"open","sticky":false,"template":"","format":"standard","meta":{"_monsterinsights_skip_tracking":false,"_monsterinsights_sitenote_active":false,"_monsterinsights_sitenote_note":"","_monsterinsights_sitenote_category":0,"footnotes":""},"categories":[549],"tags":[43689,550,43674],"class_list":["post-434636","post","type-post","status-publish","format-standard","has-post-thumbnail","hentry","category-francisco-rodriguez","tag-francisco-rodriguez","tag-indice-politico","tag-opinion"],"_links":{"self":[{"href":"https:\/\/www.diarioimagen.net\/index.php?rest_route=\/wp\/v2\/posts\/434636","targetHints":{"allow":["GET"]}}],"collection":[{"href":"https:\/\/www.diarioimagen.net\/index.php?rest_route=\/wp\/v2\/posts"}],"about":[{"href":"https:\/\/www.diarioimagen.net\/index.php?rest_route=\/wp\/v2\/types\/post"}],"author":[{"embeddable":true,"href":"https:\/\/www.diarioimagen.net\/index.php?rest_route=\/wp\/v2\/users\/3"}],"replies":[{"embeddable":true,"href":"https:\/\/www.diarioimagen.net\/index.php?rest_route=%2Fwp%2Fv2%2Fcomments&post=434636"}],"version-history":[{"count":0,"href":"https:\/\/www.diarioimagen.net\/index.php?rest_route=\/wp\/v2\/posts\/434636\/revisions"}],"wp:featuredmedia":[{"embeddable":true,"href":"https:\/\/www.diarioimagen.net\/index.php?rest_route=\/wp\/v2\/media\/434674"}],"wp:attachment":[{"href":"https:\/\/www.diarioimagen.net\/index.php?rest_route=%2Fwp%2Fv2%2Fmedia&parent=434636"}],"wp:term":[{"taxonomy":"category","embeddable":true,"href":"https:\/\/www.diarioimagen.net\/index.php?rest_route=%2Fwp%2Fv2%2Fcategories&post=434636"},{"taxonomy":"post_tag","embeddable":true,"href":"https:\/\/www.diarioimagen.net\/index.php?rest_route=%2Fwp%2Fv2%2Ftags&post=434636"}],"curies":[{"name":"wp","href":"https:\/\/api.w.org\/{rel}","templated":true}]}}