{"id":434638,"date":"2019-07-09T00:10:14","date_gmt":"2019-07-09T05:10:14","guid":{"rendered":"https:\/\/www.diarioimagen.net\/?p=434638"},"modified":"2019-07-09T07:55:13","modified_gmt":"2019-07-09T12:55:13","slug":"las-encuestas-2","status":"publish","type":"post","link":"https:\/\/www.diarioimagen.net\/?p=434638","title":{"rendered":"Las encuestas"},"content":{"rendered":"<h2>De frente y de perfil<\/h2>\n<h5>Ram\u00f3n Zurita Sahag\u00fan<\/h5>\n<p>&nbsp;<\/p>\n<div id=\"attachment_434677\" style=\"width: 470px\" class=\"wp-caption aligncenter\"><a href=\"https:\/\/www.diarioimagen.net\/?attachment_id=434677\" rel=\"attachment wp-att-434677\"><img loading=\"lazy\" decoding=\"async\" aria-describedby=\"caption-attachment-434677\" class=\"size-large wp-image-434677\" src=\"https:\/\/www.diarioimagen.net\/wp-content\/uploads\/2019\/07\/NADA-NUEVO-jose-luis-460x352.jpg\" alt=\"\" width=\"460\" height=\"352\" srcset=\"https:\/\/www.diarioimagen.net\/wp-content\/uploads\/2019\/07\/NADA-NUEVO-jose-luis-460x352.jpg 460w, https:\/\/www.diarioimagen.net\/wp-content\/uploads\/2019\/07\/NADA-NUEVO-jose-luis-240x184.jpg 240w, https:\/\/www.diarioimagen.net\/wp-content\/uploads\/2019\/07\/NADA-NUEVO-jose-luis-768x588.jpg 768w, https:\/\/www.diarioimagen.net\/wp-content\/uploads\/2019\/07\/NADA-NUEVO-jose-luis.jpg 1200w\" sizes=\"auto, (max-width: 460px) 100vw, 460px\" \/><\/a><p id=\"caption-attachment-434677\" class=\"wp-caption-text\">Nada nuevo&#8230; |\u00a0Jos\u00e9 Luis<\/p><\/div>\n<p>&nbsp;<\/p>\n<p>Las encuestas son desde hace alg\u00fan tiempo, un foro de distracci\u00f3n y entretenimiento para aquellos que mes con mes esperan sus resultados para fijar posiciones pol\u00edticas y censurarlas o alabarlas, seg\u00fan su criterio.<\/p>\n<p>Son muchas las empresas que encontraron un espacio redituable en el levantamiento de este tipo de cuestionarios, muchos de ellos adecuados a las exigencias de los clientes.<\/p>\n<p>Estos levantamientos satisfacen a unos y enfurecen a otros, de acuerdo a los resultados que arrojen, pero siempre generan pol\u00e9mica y sirven para desencadenar a las redes sociales y a los espacios de los dem\u00e1s medios de comunicaci\u00f3n.<\/p>\n<p>Apenas el lunes, una encuesta presentada por M\u00e9xico Elige desencaden\u00f3 la ira de los que no est\u00e1n de acuerdo con su resultado e incendi\u00f3 las redes sociales, ya que en ella se establece que el presidente L\u00f3pez Obrador ha descendido dram\u00e1ticamente en la aprobaci\u00f3n de su gobierno por parte de los mexicanos.<\/p>\n<p>De acuerdo con los resultados de esta encuesta levantada en Facebook, entre el dos y siete de julio, la calificaci\u00f3n que obtiene el Ejecutivo federal es de 44 por ciento de aprobaci\u00f3n, cinco puntos por debajo de 49 por ciento obtenidos en el mes de junio.<\/p>\n<p>Y es que el sondeo tambi\u00e9n consider\u00f3 la revocaci\u00f3n de mandato, donde una mayor\u00eda de los encuestados en esta red social consideraron que deber\u00eda renunciar, as\u00ed como tambi\u00e9n que en una eventual reelecci\u00f3n (no existe en M\u00e9xico) no votar\u00eda por \u00e9l.<\/p>\n<p>Con esta encuesta que a muchos no satisfizo se mostr\u00f3 lo apasionados que son los seguidores del Presidente y los que muestran su enojo por la forma en que el actual gobierno maneja la administraci\u00f3n p\u00fablica.<\/p>\n<p>Sin embargo, otra encuesta de la semana pasada parece ya no convencer a nadie sobre la actuaci\u00f3n de los 31 gobernadores y la jefa de Gobierno de la Ciudad de M\u00e9xico.<\/p>\n<p>En ella se establece del uno al 32 los gobernantes y su aprobaci\u00f3n en cada uno de las entidades que gobiernan.<\/p>\n<p>Los mejor posicionado son el gobernador de Yucat\u00e1n, Mauricio Vila Dosal (PAN) con un 61.7 de aprobaci\u00f3n; le sigue Quirino Ordaz (PRI) de Sinaloa situado con 55.6 por ciento de aprobaci\u00f3n por parte de sus gobernados; Mart\u00edn Orozco (PAN), Aguascalientes, con 53.2 por ciento; Francisco Garc\u00eda Cabeza de Vaca (PAN) con 52 por ciento y en quinto lugar Carlos Mendoza Davis (PAN) de Baja california Sur.<\/p>\n<p>Entre los diez primeros se ubican, seg\u00fan este levantamiento, siete gobernadores que militan en el PAN y tres que fueron respaldados por el PRI y curiosamente ninguno de Morena, ya que aparece hasta el sitio doce, el mandatario de Tabasco, Ad\u00e1n Augusto L\u00f3pez.<\/p>\n<p>Los otros cuatro gobernantes en funciones surgidos con el apoyo de Morena se ubican bastante distante de los primeros sitios: Rutilio Cruz Escand\u00f3n, Chiapas en el lugar 16, exactamente en la media de la tabla; mientras que el veracruzano Cuitl\u00e1huac se ubica en la posici\u00f3n 26; le sigue Claudia Sheinbaum de la Ciudad de M\u00e9xico en el 28 y Cuauht\u00e9moc Blanco, Morelos en el 31.<\/p>\n<p>En el \u00faltimo lugar se mantiene Francisco Vega de Lamadrid, panista de Baja California quien recibi\u00f3 el repudio para su mala actuaci\u00f3n con el inobjetable triunfo del candidato de Morena, Jaime Bonilla.<\/p>\n<p><em><a href=\"mailto:ramonzurita44@hotmail.com\" target=\"_blank\" rel=\"noopener noreferrer\">ramonzurita44@hotmail.com<\/a><\/em><br \/>\n<a href=\"mailto:%20zurita_sahagun@hotmail.com\" target=\"_blank\" rel=\"noopener noreferrer\"><em>zurita_sahagun@hotmail.com<\/em><\/a><\/p>\n","protected":false},"excerpt":{"rendered":"<p><span style=\"color: #005497;\"><strong>Ram\u00f3n Zurita Sahag\u00fan<\/strong><\/span><br \/>\n<br \/>\nLas encuestas son desde hace alg\u00fan tiempo, un foro de distracci\u00f3n y entretenimiento para aquellos que mes con mes esperan sus resultados para fijar posiciones pol\u00edticas y censurarlas o alabarlas, seg\u00fan su criterio.<\/p>\n","protected":false},"author":3,"featured_media":434677,"comment_status":"open","ping_status":"open","sticky":false,"template":"","format":"standard","meta":{"_monsterinsights_skip_tracking":false,"_monsterinsights_sitenote_active":false,"_monsterinsights_sitenote_note":"","_monsterinsights_sitenote_category":0,"footnotes":""},"categories":[234],"tags":[304,43674,43687],"class_list":["post-434638","post","type-post","status-publish","format-standard","has-post-thumbnail","hentry","category-ramon-zurita-sahagun","tag-de-frente-y-de-perfil","tag-opinion","tag-ramon-zurita-sahagun"],"_links":{"self":[{"href":"https:\/\/www.diarioimagen.net\/index.php?rest_route=\/wp\/v2\/posts\/434638","targetHints":{"allow":["GET"]}}],"collection":[{"href":"https:\/\/www.diarioimagen.net\/index.php?rest_route=\/wp\/v2\/posts"}],"about":[{"href":"https:\/\/www.diarioimagen.net\/index.php?rest_route=\/wp\/v2\/types\/post"}],"author":[{"embeddable":true,"href":"https:\/\/www.diarioimagen.net\/index.php?rest_route=\/wp\/v2\/users\/3"}],"replies":[{"embeddable":true,"href":"https:\/\/www.diarioimagen.net\/index.php?rest_route=%2Fwp%2Fv2%2Fcomments&post=434638"}],"version-history":[{"count":0,"href":"https:\/\/www.diarioimagen.net\/index.php?rest_route=\/wp\/v2\/posts\/434638\/revisions"}],"wp:featuredmedia":[{"embeddable":true,"href":"https:\/\/www.diarioimagen.net\/index.php?rest_route=\/wp\/v2\/media\/434677"}],"wp:attachment":[{"href":"https:\/\/www.diarioimagen.net\/index.php?rest_route=%2Fwp%2Fv2%2Fmedia&parent=434638"}],"wp:term":[{"taxonomy":"category","embeddable":true,"href":"https:\/\/www.diarioimagen.net\/index.php?rest_route=%2Fwp%2Fv2%2Fcategories&post=434638"},{"taxonomy":"post_tag","embeddable":true,"href":"https:\/\/www.diarioimagen.net\/index.php?rest_route=%2Fwp%2Fv2%2Ftags&post=434638"}],"curies":[{"name":"wp","href":"https:\/\/api.w.org\/{rel}","templated":true}]}}